{"id":500756,"date":"2025-10-30T20:43:13","date_gmt":"2025-10-30T20:43:13","guid":{"rendered":"https:\/\/www.europesays.com\/fr\/500756\/"},"modified":"2025-10-30T20:43:13","modified_gmt":"2025-10-30T20:43:13","slug":"la-paralysie-budgetaire-prive-les-etats-unis-de-donnees-economiques-cles","status":"publish","type":"post","link":"https:\/\/www.europesays.com\/fr\/500756\/","title":{"rendered":"La paralysie budg\u00e9taire prive les Etats-Unis de donn\u00e9es \u00e9conomiques cl\u00e9s"},"content":{"rendered":"<p>Les derniers chiffres de la croissance aux Etats-Unis manquent \u00e0 l&rsquo;appel jeudi du fait de la paralysie budg\u00e9taire, transformant de plus en plus en casse-t\u00eate le d\u00e9cryptage de la premi\u00e8re \u00e9conomie mondiale.<\/p>\n<p><a href=\"https:\/\/www.rts.ch\/info\/monde\/2025\/article\/paralysie-budgetaire-imminente-aux-usa-echec-du-vote-au-senat-29014217.html\" data-item-id=\"richtext_link\" rel=\"nofollow noopener\" target=\"_blank\">Depuis le 1er octobre, le shutdown<\/a> a plac\u00e9 de nombreux fonctionnaires en cong\u00e9 forc\u00e9, notamment ceux cens\u00e9s concocter les indicateurs \u00e9conomiques phares.<\/p>\n<p>Les donn\u00e9es sur la sant\u00e9 de l&#8217;emploi en septembre n&rsquo;ont pas \u00e9t\u00e9 communiqu\u00e9es. Celles pour octobre risquent de ne jamais \u00eatre collect\u00e9es. Le site des statistiques du minist\u00e8re du Commerce n&rsquo;a pas \u00e9t\u00e9 actualis\u00e9 depuis le 29 septembre.<\/p>\n<p>La publication de la premi\u00e8re estimation du produit int\u00e9rieur brut pour le troisi\u00e8me trimestre, initialement programm\u00e9e ce jeudi, est donc repouss\u00e9e \u00e0 une date inconnue. L&rsquo;indice d&rsquo;inflation PCE doit conna\u00eetre le m\u00eame sort vendredi.<\/p>\n<p>Or l&rsquo;\u00e9conomie \u00ab\u00a0n&rsquo;est pas facile \u00e0 d\u00e9chiffrer\u00a0\u00bb, remarque Sarah House, \u00e9conomiste pour la banque Wells Fargo.<\/p>\n<p>Economie r\u00e9siliente<\/p>\n<p>Cette ann\u00e9e, l&rsquo;\u00e9conomie am\u00e9ricaine a d\u00e9jou\u00e9 de nombreux pronostics. Elle a globalement r\u00e9sist\u00e9 au choc douanier d\u00e9clench\u00e9 par le pr\u00e9sident Donald Trump depuis son retour au pouvoir en janvier.<\/p>\n<p>L&rsquo;inflation a r\u00e9acc\u00e9l\u00e9r\u00e9, mais pas autant que redout\u00e9. Le PIB est rest\u00e9 solide &#8211; \u00e0 l&rsquo;exception du premier trimestre, quand un bond des importations (pour prendre de vitesse les nouveaux droits de douane) s&rsquo;\u00e9tait traduit par une contraction. Et Wall Street vole de record en record, soutenue par les promesses de l&rsquo;intelligence artificielle.<\/p>\n<p>Cr\u00e9ations d&#8217;emplois au point mort<\/p>\n<p>Les chiffres officiels sur le march\u00e9 du travail ont toutefois caus\u00e9 un r\u00e9veil brutal cet \u00e9t\u00e9, en montrant que les cr\u00e9ations d&#8217;emplois \u00e9taient quasiment au point mort.<\/p>\n<p>La publication a f\u00e2ch\u00e9 Donald Trump. Il a renvoy\u00e9 la directrice du service statistique du minist\u00e8re du Travail en avan\u00e7ant &#8211; sans fournir d&rsquo;\u00e9l\u00e9ments &#8211; qu&rsquo;elle avait forc\u00e9ment d\u00fb manipuler les donn\u00e9es en sa d\u00e9faveur.<\/p>\n<p><strong class=\"inline-title\">&gt;&gt; Sur le sujet, lire\u00a0: <\/strong><a href=\"https:\/\/www.rts.ch\/info\/economie\/2025\/article\/le-chomage-grimpe-aux-etats-unis-la-creation-d-emplois-ralentit-28989927.html\" data-item-id=\"richtext_link\" rel=\"nofollow noopener\" target=\"_blank\">Le ch\u00f4mage grimpe aux Etats-Unis, la cr\u00e9ation d&#8217;emplois ralentit<\/a><\/p>\n<p>Taille de l&rsquo;\u00e9conomie r\u00e9duite<\/p>\n<p>Le pays fait par ailleurs face \u00e0 une inconnue de taille, pointe Wendy Edelberg, chercheuse \u00e0 la Brookings Institution: combien de personnes vivent, d\u00e9pensent et travaillent sur son sol?<\/p>\n<p>La politique dure du gouvernement concernant l&rsquo;immigration, tant l\u00e9gale qu&rsquo;ill\u00e9gale, a non seulement r\u00e9duit les entr\u00e9es, mais aussi acc\u00e9l\u00e9r\u00e9 les sorties, via des expulsions ou des d\u00e9parts volontaires.<\/p>\n<p>\u00ab\u00a0Il y a des estimations selon lesquelles il pourrait y avoir 500&rsquo;000 personnes en moins aux Etats-Unis depuis le d\u00e9but de l&rsquo;ann\u00e9e. Elles ne consomment plus sur place, n&rsquo;ont plus besoin de se loger. Cela r\u00e9duit la taille de l&rsquo;\u00e9conomie\u00a0\u00bb, souligne Wendy Edelberg.<\/p>\n<p>Projection difficile pour les entreprises<\/p>\n<p>Pour Heather Long, \u00e9conomiste de la banque Navy Federal Credit Union, les entreprises ont \u00e9galement besoin des chiffres gouvernementaux pour se projeter.<\/p>\n<p>\u00ab\u00a0C&rsquo;est la p\u00e9riode de l&rsquo;ann\u00e9e o\u00f9 la plupart des organisations finalisent leur budget pour 2026, et presque toutes se demandent si ce sera une ann\u00e9e de reprise, de ralentissement, voire de r\u00e9cession\u00a0\u00bb, d\u00e9crit-elle.<\/p>\n<p>C&rsquo;est ainsi, poursuit-elle, qu&rsquo;elles d\u00e9cident ou non d&rsquo;investir, d&#8217;embaucher ou de licencier.<\/p>\n<p><strong class=\"inline-title\">&gt;&gt; Pour aller plus loin, lire\u00a0: <\/strong><a href=\"https:\/\/www.rts.ch\/info\/monde\/2025\/article\/guerre-commerciale-l-economie-us-menacee-par-les-taxes-de-trump-28982646.html\" data-item-id=\"richtext_link\" rel=\"nofollow noopener\" target=\"_blank\">Guerre commerciale: \u00ab\u00a0L&rsquo;\u00e9conomie am\u00e9ricaine va souffrir \u00e0 long terme\u00a0\u00bb<\/a><\/p>\n<p class=\"sources\">afp\/juma<\/p>\n","protected":false},"excerpt":{"rendered":"Les derniers chiffres de la croissance aux Etats-Unis manquent \u00e0 l&rsquo;appel jeudi du fait de la paralysie budg\u00e9taire,&hellip;\n","protected":false},"author":2,"featured_media":500757,"comment_status":"","ping_status":"","sticky":false,"template":"","format":"standard","meta":{"footnotes":""},"categories":[1589],"tags":[11,523,3983,75,33,6359,5949,341,73,1866,6248,418,1061,9345,223,26991,12,316,62289,767,104,8619,8620,1864,1865,1863,308,2528],"class_list":{"0":"post-500756","1":"post","2":"type-post","3":"status-publish","4":"format-standard","5":"has-post-thumbnail","7":"category-etats-unis","8":"tag-actualites","9":"tag-banque","10":"tag-deces","11":"tag-donald-trump","12":"tag-economie","13":"tag-economie-et-finances","14":"tag-elections","15":"tag-emploi","16":"tag-etats-unis","17":"tag-etats-unis-damerique","18":"tag-fonctionnaire","19":"tag-gouvernement","20":"tag-immigration","21":"tag-inflation","22":"tag-intelligence-artificielle","23":"tag-macro-economie","24":"tag-news","25":"tag-politique","26":"tag-produit-interieur-brut","27":"tag-science-et-technologie","28":"tag-societe","29":"tag-technologie-de-linformation-et-informatique","30":"tag-technologie-et-ingenierie","31":"tag-united-states","32":"tag-united-states-of-america","33":"tag-us","34":"tag-usa","35":"tag-vacances"},"share_on_mastodon":{"url":"","error":"Validation failed: Text character limit of 500 exceeded"},"_links":{"self":[{"href":"https:\/\/www.europesays.com\/fr\/wp-json\/wp\/v2\/posts\/500756","targetHints":{"allow":["GET"]}}],"collection":[{"href":"https:\/\/www.europesays.com\/fr\/wp-json\/wp\/v2\/posts"}],"about":[{"href":"https:\/\/www.europesays.com\/fr\/wp-json\/wp\/v2\/types\/post"}],"author":[{"embeddable":true,"href":"https:\/\/www.europesays.com\/fr\/wp-json\/wp\/v2\/users\/2"}],"replies":[{"embeddable":true,"href":"https:\/\/www.europesays.com\/fr\/wp-json\/wp\/v2\/comments?post=500756"}],"version-history":[{"count":0,"href":"https:\/\/www.europesays.com\/fr\/wp-json\/wp\/v2\/posts\/500756\/revisions"}],"wp:featuredmedia":[{"embeddable":true,"href":"https:\/\/www.europesays.com\/fr\/wp-json\/wp\/v2\/media\/500757"}],"wp:attachment":[{"href":"https:\/\/www.europesays.com\/fr\/wp-json\/wp\/v2\/media?parent=500756"}],"wp:term":[{"taxonomy":"category","embeddable":true,"href":"https:\/\/www.europesays.com\/fr\/wp-json\/wp\/v2\/categories?post=500756"},{"taxonomy":"post_tag","embeddable":true,"href":"https:\/\/www.europesays.com\/fr\/wp-json\/wp\/v2\/tags?post=500756"}],"curies":[{"name":"wp","href":"https:\/\/api.w.org\/{rel}","templated":true}]}}