{"id":500760,"date":"2025-10-30T20:45:19","date_gmt":"2025-10-30T20:45:19","guid":{"rendered":"https:\/\/www.europesays.com\/fr\/500760\/"},"modified":"2025-10-30T20:45:19","modified_gmt":"2025-10-30T20:45:19","slug":"lallemagne-adopte-la-plus-forte-hausse-de-son-smic","status":"publish","type":"post","link":"https:\/\/www.europesays.com\/fr\/500760\/","title":{"rendered":"L\u2019Allemagne adopte la plus forte hausse de son \u201cSmic\u201d"},"content":{"rendered":"<p>L\u2019Allemagne adopte la plus forte hausse de son \u201cSmic\u201dSur le m\u00eame sujet<a href=\"https:\/\/www.bfmtv.com\/economie\/video-shein-au-bhv-ce-qui-sera-en-magasin-sera-de-l-habillement-hommes-femmes-et-enfants-declare-quentin-ruffat-porte-parole-de-la-marque-en-france_VN-202510300748.html\" title=\"Shein au BHV: &quot;Ce qui sera en magasin sera de l&#039;habillement hommes, femmes et enfants&quot;, d\u00e9clare Quentin Ruffat, porte-parole de la marque en France\" rel=\"nofollow noopener\" target=\"_blank\"><img width=\"16\" height=\"9\" class=\"lozad\"  alt=\"Shein au BHV: &quot;Ce qui sera en magasin sera de l'habillement hommes, femmes et enfants&quot;, d\u00e9clare Quentin Ruffat, porte-parole de la marque en France\"\/>0:40Shein au BHV: \u00ab\u00a0Ce qui sera en magasin sera de l&rsquo;habillement hommes, femmes et enfants\u00a0\u00bb, d\u00e9clare Quentin Ruffat, porte-parole de la marque en France<\/a><a href=\"https:\/\/www.bfmtv.com\/economie\/video-shein-au-bhv-l-idee-avec-ce-partenariat-est-de-faire-communiquer-et-travailler-deux-mondes-que-tout-le-monde-veut-opposer-declare-quentin-ruffat-porte-parole-de-shein-france_VN-202510300745.html\" title=\"Shein au BHV: &quot;L&#039;id\u00e9e avec ce partenariat est de faire communiquer et travailler deux mondes que tout le monde veut opposer&quot;, d\u00e9clare Quentin Ruffat, porte-parole de Shein France\" rel=\"nofollow noopener\" target=\"_blank\"><img width=\"16\" height=\"9\" class=\"lozad\"  alt=\"Shein au BHV: &quot;L'id\u00e9e avec ce partenariat est de faire communiquer et travailler deux mondes que tout le monde veut opposer&quot;, d\u00e9clare Quentin Ruffat, porte-parole de Shein France\"\/>0:52Shein au BHV: \u00ab\u00a0L&rsquo;id\u00e9e avec ce partenariat est de faire communiquer et travailler deux mondes que tout le monde veut opposer\u00a0\u00bb, d\u00e9clare Quentin Ruffat, porte-parole de Shein France<\/a><a href=\"https:\/\/www.bfmtv.com\/economie\/video-l-allemagne-adopte-la-plus-forte-hausse-de-son-smic_VN-202510300733.html\" title=\" L\u2019Allemagne adopte la plus forte hausse de son \u201cSmic\u201d \" rel=\"nofollow noopener\" target=\"_blank\"><img width=\"16\" height=\"9\" class=\"lozad\"  alt=\" L\u2019Allemagne adopte la plus forte hausse de son \u201cSmic\u201d \"\/>en lectureL\u2019Allemagne adopte la plus forte hausse de son \u201cSmic\u201d<\/a><a href=\"https:\/\/www.bfmtv.com\/economie\/video-sebastien-martin-est-l-invite-de-de-guillaume-paul_VL-202510300729.html\" title=\"S\u00e9bastien Martin est l&#039;invit\u00e9 de de Guillaume Paul\" rel=\"nofollow noopener\" target=\"_blank\"><img width=\"16\" height=\"9\" class=\"lozad\"  alt=\"S\u00e9bastien Martin est l'invit\u00e9 de de Guillaume Paul\"\/>19:28S\u00e9bastien Martin est l&rsquo;invit\u00e9 de de Guillaume Paul<\/a><a href=\"https:\/\/www.bfmtv.com\/economie\/video-la-bce-laisse-ses-taux-directeurs-inchanges_VN-202510300650.html\" title=\"La BCE laisse ses taux directeurs inchang\u00e9s \" rel=\"nofollow noopener\" target=\"_blank\"><img width=\"16\" height=\"9\" class=\"lozad\"  alt=\"La BCE laisse ses taux directeurs inchang\u00e9s \"\/>4:18La BCE laisse ses taux directeurs inchang\u00e9s<\/a><a href=\"https:\/\/www.bfmtv.com\/economie\/entreprises\/aeronautique\/video-la-croissance-francaise-atteint-0-5-entre-juillet-et-septembre-contre-0-3-attendu-initialement_VN-202510300613.html\" title=\"La croissance fran\u00e7aise atteint 0,5% entre juillet et septembre, contre 0,3% attendu initialement\" rel=\"nofollow noopener\" target=\"_blank\"><img width=\"16\" height=\"9\" class=\"lozad\"  alt=\"La croissance fran\u00e7aise atteint 0,5% entre juillet et septembre, contre 0,3% attendu initialement\"\/>2:11La croissance fran\u00e7aise atteint 0,5% entre juillet et septembre, contre 0,3% attendu initialement<\/a><a href=\"https:\/\/www.bfmtv.com\/economie\/video-l-augmentation-des-depenses-militaires-pourrait-accelerer-l-inflation-a-moyen-terme-alerte-la-bce_VN-202510300605.html\" title=\"L&#039;augmentation des d\u00e9penses militaires pourrait &quot;acc\u00e9l\u00e9rer l&#039;inflation \u00e0 moyen terme&quot;, alerte la BCE\" rel=\"nofollow noopener\" target=\"_blank\"><img width=\"16\" height=\"9\" class=\"lozad\"  alt=\"L'augmentation des d\u00e9penses militaires pourrait &quot;acc\u00e9l\u00e9rer l'inflation \u00e0 moyen terme&quot;, alerte la BCE\"\/>1:03L&rsquo;augmentation des d\u00e9penses militaires pourrait \u00ab\u00a0acc\u00e9l\u00e9rer l&rsquo;inflation \u00e0 moyen terme\u00a0\u00bb, alerte la BCE<\/a><a href=\"https:\/\/www.bfmtv.com\/economie\/video-la-bce-maintient-pour-la-troisieme-fois-d-affilee-son-principal-taux-directeur-inchange-a-2_VN-202510300598.html\" title=\"La BCE maintient pour la troisi\u00e8me fois d&#039;affil\u00e9e son principal taux directeur inchang\u00e9, \u00e0 2%\" rel=\"nofollow noopener\" target=\"_blank\"><img width=\"16\" height=\"9\" class=\"lozad\"  alt=\"La BCE maintient pour la troisi\u00e8me fois d'affil\u00e9e son principal taux directeur inchang\u00e9, \u00e0 2%\"\/>1:26La BCE maintient pour la troisi\u00e8me fois d&rsquo;affil\u00e9e son principal taux directeur inchang\u00e9, \u00e0 2%<\/a><a href=\"https:\/\/www.bfmtv.com\/economie\/video-sante-mentale-par-ou-commencer_VN-202510300533.html\" title=\"Sant\u00e9 mentale : par o\u00f9 commencer ?\" rel=\"nofollow noopener\" target=\"_blank\"><img width=\"16\" height=\"9\" class=\"lozad\"  alt=\"Sant\u00e9 mentale : par o\u00f9 commencer ?\"\/>1:32Sant\u00e9 mentale : par o\u00f9 commencer ?<\/a><a href=\"https:\/\/www.bfmtv.com\/economie\/video-des-associations-demandent-a-la-grande-distribution-de-vendre-une-liste-de-100-aliments-sains-a-prix-coutants_VN-202510300505.html\" title=\"Des associations demandent \u00e0 la grande distribution de vendre une liste de 100 aliments sains \u00e0 prix co\u00fbtants\" rel=\"nofollow noopener\" target=\"_blank\"><img width=\"16\" height=\"9\" class=\"lozad\"  alt=\"Des associations demandent \u00e0 la grande distribution de vendre une liste de 100 aliments sains \u00e0 prix co\u00fbtants\"\/>1:06Des associations demandent \u00e0 la grande distribution de vendre une liste de 100 aliments sains \u00e0 prix co\u00fbtants<\/a><a href=\"https:\/\/www.bfmtv.com\/economie\/video-les-renovations-en-copropriete_VN-202510300490.html\" title=\"Les r\u00e9novations en copropri\u00e9t\u00e9 \" rel=\"nofollow noopener\" target=\"_blank\"><img width=\"16\" height=\"9\" class=\"lozad\"  alt=\"Les r\u00e9novations en copropri\u00e9t\u00e9 \"\/>2:55Les r\u00e9novations en copropri\u00e9t\u00e9<\/a><a href=\"https:\/\/www.bfmtv.com\/economie\/video-l-euro-un-statut-de-monnaie-refuge_VN-202510300462.html\" title=\"L&#039;euro  : un statut de monnaie-refuge \" rel=\"nofollow noopener\" target=\"_blank\"><img width=\"16\" height=\"9\" class=\"lozad\"  alt=\"L'euro  : un statut de monnaie-refuge \"\/>1:24L&rsquo;euro : un statut de monnaie-refuge<\/a><a href=\"https:\/\/www.bfmtv.com\/economie\/video-budget-2026-le-peril-des-jeunes_VN-202510300452.html\" title=\"Budget 2026 : le p\u00e9ril des jeunes \" rel=\"nofollow noopener\" target=\"_blank\"><img width=\"16\" height=\"9\" class=\"lozad\"  alt=\"Budget 2026 : le p\u00e9ril des jeunes \"\/>3:43Budget 2026 : le p\u00e9ril des jeunes<\/a><a href=\"https:\/\/www.bfmtv.com\/economie\/replay-emissions\/les-experts\/video-les-experts-budget-2026-le-peril-des-jeunes-30-10_VN-202510300425.html\" title=\"Les Experts : Budget 2026, le p\u00e9ril des jeunes - 30\/10\" rel=\"nofollow noopener\" target=\"_blank\"><img width=\"16\" height=\"9\" class=\"lozad\"  alt=\"Les Experts : Budget 2026, le p\u00e9ril des jeunes - 30\/10\"\/>25:31Les Experts : Budget 2026, le p\u00e9ril des jeunes &#8211; 30\/10<\/a><a class=\"jumpToVideo\" target=\"_blank\"><img class=\"thumbnailPreview\"\/><\/a><\/p>\n","protected":false},"excerpt":{"rendered":"L\u2019Allemagne adopte la plus forte hausse de son \u201cSmic\u201dSur le m\u00eame sujet0:40Shein au BHV: \u00ab\u00a0Ce qui sera en&hellip;\n","protected":false},"author":2,"featured_media":500761,"comment_status":"","ping_status":"","sticky":false,"template":"","format":"standard","meta":{"footnotes":""},"categories":[1587],"tags":[11,672,1804,1805,1803,1777,674,1801,12,1802],"class_list":{"0":"post-500760","1":"post","2":"type-post","3":"status-publish","4":"format-standard","5":"has-post-thumbnail","7":"category-allemagne","8":"tag-actualites","9":"tag-allemagne","10":"tag-bundesrepublik-deutschland","11":"tag-de","12":"tag-deutschland","13":"tag-eu","14":"tag-europe","15":"tag-germany","16":"tag-news","17":"tag-republique-federale-dallemagne"},"share_on_mastodon":{"url":"https:\/\/pubeurope.com\/@fr\/115465075109966488","error":""},"_links":{"self":[{"href":"https:\/\/www.europesays.com\/fr\/wp-json\/wp\/v2\/posts\/500760","targetHints":{"allow":["GET"]}}],"collection":[{"href":"https:\/\/www.europesays.com\/fr\/wp-json\/wp\/v2\/posts"}],"about":[{"href":"https:\/\/www.europesays.com\/fr\/wp-json\/wp\/v2\/types\/post"}],"author":[{"embeddable":true,"href":"https:\/\/www.europesays.com\/fr\/wp-json\/wp\/v2\/users\/2"}],"replies":[{"embeddable":true,"href":"https:\/\/www.europesays.com\/fr\/wp-json\/wp\/v2\/comments?post=500760"}],"version-history":[{"count":0,"href":"https:\/\/www.europesays.com\/fr\/wp-json\/wp\/v2\/posts\/500760\/revisions"}],"wp:featuredmedia":[{"embeddable":true,"href":"https:\/\/www.europesays.com\/fr\/wp-json\/wp\/v2\/media\/500761"}],"wp:attachment":[{"href":"https:\/\/www.europesays.com\/fr\/wp-json\/wp\/v2\/media?parent=500760"}],"wp:term":[{"taxonomy":"category","embeddable":true,"href":"https:\/\/www.europesays.com\/fr\/wp-json\/wp\/v2\/categories?post=500760"},{"taxonomy":"post_tag","embeddable":true,"href":"https:\/\/www.europesays.com\/fr\/wp-json\/wp\/v2\/tags?post=500760"}],"curies":[{"name":"wp","href":"https:\/\/api.w.org\/{rel}","templated":true}]}}