{"id":500764,"date":"2025-10-30T20:47:20","date_gmt":"2025-10-30T20:47:20","guid":{"rendered":"https:\/\/www.europesays.com\/fr\/500764\/"},"modified":"2025-10-30T20:47:20","modified_gmt":"2025-10-30T20:47:20","slug":"friedrich-merz-soutient-la-turquie-pour-son-adhesion-a-lue","status":"publish","type":"post","link":"https:\/\/www.europesays.com\/fr\/500764\/","title":{"rendered":"Friedrich Merz soutient la Turquie pour son adh\u00e9sion \u00e0 l\u2019UE"},"content":{"rendered":"<p class=\"mb-4 text-lg md:leading-8 break-words\">Le chancelier f\u00e9d\u00e9ral allemand Friedrich Merz a soulign\u00e9 lors de sa premi\u00e8re visite \u00e0 Ankara en Turquie l&rsquo;importance d&rsquo;une coop\u00e9ration approfondie avec Ankara.<\/p>\n<p class=\"mb-4 text-lg md:leading-8 break-words\">\u00ab\u00a0Tirons encore mieux parti de l&rsquo;\u00e9norme potentiel de nos relations dans les mois et les ann\u00e9es \u00e0 venir\u00a0\u00bb, a d\u00e9clar\u00e9 M. Merz lors d&rsquo;une conf\u00e9rence de presse conjointe avec le pr\u00e9sident turc Recep Tayyip Erdogan \u00e0 Ankara. \u00ab\u00a0Et il y a des raisons imp\u00e9rieuses \u00e0 cela, car nous entrons dans une nouvelle phase g\u00e9opolitique marqu\u00e9e par la politique des grandes puissances.\u00a0\u00bb<\/p>\n<p class=\"mb-4 text-lg md:leading-8 break-words\">Ce partenaire de l&rsquo;Otan est, selon Friedrich Merz, \u00ab\u00a0un acteur important dans presque toutes les questions de politique \u00e9trang\u00e8re et de s\u00e9curit\u00e9\u00a0\u00bb. Les deux pays devraient \u00e9galement \u00ab\u00a0mieux exploiter les opportunit\u00e9s \u00e9conomiques que rec\u00e8le ce partenariat\u00a0\u00bb.<\/p>\n<p>Etat de droit et d\u00e9mocratie<\/p>\n<p class=\"mb-4 text-lg md:leading-8 break-words\">Friedrich Merz a assur\u00e9 Recep Tayyip Erdogan de son soutien dans <a href=\"https:\/\/www.dw.com\/fr\/erdogan-veut-isoler-la-turquie\/a-36497475\" rel=\"nofollow noopener\" target=\"_blank\" data-ylk=\"slk:le processus d&#039;adh\u00e9sion \u00e0 l&#039;Union europ\u00e9enne;elm:context_link;itc:0;sec:content-canvas\" class=\"link \">le processus d&rsquo;adh\u00e9sion \u00e0 l&rsquo;Union europ\u00e9enne<\/a>. <\/p>\n<p class=\"mb-4 text-lg md:leading-8 break-words\">\u00ab\u00a0Personnellement, et le gouvernement f\u00e9d\u00e9ral avec moi, nous consid\u00e9rons que la Turquie est \u00e9troitement li\u00e9e \u00e0 l&rsquo;Union europ\u00e9enne. Nous voulons continuer \u00e0 ouvrir la voie vers l&rsquo;Europe.\u00a0\u00bb <\/p>\n<p class=\"mb-4 text-lg md:leading-8 break-words\">Il a \u00e9galement rappel\u00e9 les crit\u00e8res de Copenhague pour l&rsquo;adh\u00e9sion \u00e0 l&rsquo;UE : \u00ab\u00a0Des d\u00e9cisions ont \u00e9t\u00e9 prises en Turquie qui ne r\u00e9pondent pas encore aux exigences en mati\u00e8re d&rsquo;\u00c9tat de droit et de d\u00e9mocratie telles que nous les concevons en Europe.\u00a0\u00bb Des discussions sont en cours \u00e0 ce sujet.<\/p>\n<p>Recep Tayyip Erdogan d\u00e9fend l&rsquo;arrestation d\u2019opposants<\/p>\n<p class=\"mb-4 text-lg md:leading-8 break-words\">Lors de ses entretiens avec Recep Tayyip Erdogan, Friedrich Merz a notamment fait part de ses inqui\u00e9tudes concernant l&rsquo;ind\u00e9pendance du pouvoir judiciaire. Selon les estimations des d\u00e9fenseurs des droits humains, la pression exerc\u00e9e sur les m\u00e9dias ind\u00e9pendants, les voix critiques et les partis d&rsquo;opposition en Turquie a atteint un nouveau sommet au cours des derniers mois.<\/p>\n<p class=\"mb-4 text-lg md:leading-8 break-words\">Interrog\u00e9 sur <a href=\"https:\/\/fr.news.yahoo.com\/arrestation-passe-mal-turquie-152500400.html\" data-ylk=\"slk:l&#039;incarc\u00e9ration du maire destitu\u00e9 d&#039;Istanbul et homme politique populaire de l&#039;opposition Ekrem Imamoglu;elm:context_link;itc:0;sec:content-canvas;outcm:mb_qualified_link;_E:mb_qualified_link;ct:story;\" class=\"link  yahoo-link\" rel=\"nofollow noopener\" target=\"_blank\">l&rsquo;incarc\u00e9ration du maire destitu\u00e9 d&rsquo;Istanbul et homme politique populaire de l&rsquo;opposition Ekrem Imamoglu<\/a>, Recep Tayyip Erdogan a d\u00e9fendu l&rsquo;action de la justice : \u00ab\u00a0Peu importe la fonction que l&rsquo;on occupe, d\u00e8s lors que quelqu&rsquo;un bafoue la justice, les organes judiciaires d&rsquo;un Etat de droit doivent faire ce qui s&rsquo;impose.\u00a0\u00bb<\/p>\n<p class=\"mb-4 text-lg md:leading-8 break-words\">Peu avant la visite du chancelier f\u00e9d\u00e9ral allemand, un nouveau mandat d&rsquo;arr\u00eat avait \u00e9t\u00e9 d\u00e9livr\u00e9 contre l\u2019acteur politique du plus grand parti d&rsquo;opposition, le CHP. L&rsquo;arrestation d&rsquo; Ekrem Imamoglu avait d\u00e9clench\u00e9 la plus grande vague de protestations en Turquie depuis les manifestations de Gezi en 2013.<\/p>\n<p>L&rsquo;Allemagne se rapproche \u00e0 nouveau de la Turquie<\/p>\n<p class=\"mb-4 text-lg md:leading-8 break-words\">Lorsqu&rsquo;il a \u00e9t\u00e9 question de la guerre entre Isra\u00ebl et l&rsquo;organisation terroriste islamiste Hamas dans la bande de Gaza, Friedrich Merz et Recep Tayyip Erdogan se sont affront\u00e9s ouvertement sur sc\u00e8ne. Alors que le chancelier allemand se rangeait clairement du c\u00f4t\u00e9 d&rsquo;Isra\u00ebl, le pr\u00e9sident turc a de nouveau critiqu\u00e9 le pays lors d&rsquo;une conf\u00e9rence de presse commune.<\/p>\n<p class=\"mb-4 text-lg md:leading-8 break-words\">La visite de Friedrich Merz s&rsquo;inscrit dans un contexte de rapprochement prudent. Apr\u00e8s des ann\u00e9es de tensions diplomatiques sur les questions des droits de l&rsquo;homme et les Allemands emprisonn\u00e9s en Turquie, le dernier gouvernement d&rsquo;Olaf Scholz avait d\u00e9j\u00e0 amorc\u00e9 un processus de d\u00e9tente. Le nouveau gouvernement poursuit d\u00e9sormais dans cette voie.<\/p>\n<p class=\"mb-4 text-lg md:leading-8 break-words\">Il y a deux semaines, le ministre allemand des Affaires \u00e9trang\u00e8res Johann Wadephul avait qualifi\u00e9 la Turquie de \u00ab\u00a0partenaire strat\u00e9gique dans tous nos domaines de politique \u00e9trang\u00e8re et de bon ami\u00a0\u00bb.<\/p>\n<p class=\"mb-4 text-lg md:leading-8 break-words\">En mati\u00e8re de politique de s\u00e9curit\u00e9 et de politique \u00e9trang\u00e8re, les discussions ont port\u00e9 sur plusieurs th\u00e8mes : la stabilisation du fragile cessez-le-feu dans la bande de Gaza, dans lequel la Turquie pourrait jouer un r\u00f4le en raison de ses contacts avec le Hamas, ainsi que la guerre d&rsquo;agression men\u00e9e par la Russie contre l&rsquo;Ukraine, dans laquelle Ankara joue le r\u00f4le de m\u00e9diateur entre les deux parties.<\/p>\n<p class=\"mb-4 text-lg md:leading-8 break-words\">Berlin mise \u00e9galement sur la coop\u00e9ration en mati\u00e8re de politique migratoire. Le gouvernement f\u00e9d\u00e9ral souhaite acc\u00e9l\u00e9rer le rapatriement des demandeurs d&rsquo;asile d\u00e9bout\u00e9s avec Ankara et rechercher ensemble des solutions pour les r\u00e9fugi\u00e9s syriens.<\/p>\n","protected":false},"excerpt":{"rendered":"Le chancelier f\u00e9d\u00e9ral allemand Friedrich Merz a soulign\u00e9 lors de sa premi\u00e8re visite \u00e0 Ankara en Turquie l&rsquo;importance&hellip;\n","protected":false},"author":2,"featured_media":500765,"comment_status":"","ping_status":"","sticky":false,"template":"","format":"standard","meta":{"footnotes":""},"categories":[1586],"tags":[11,52379,1153,62290,1777,674,1779,1011,27,4710,12,3497,25,3496,1778,364],"class_list":{"0":"post-500764","1":"post","2":"type-post","3":"status-publish","4":"format-standard","5":"has-post-thumbnail","7":"category-europe","8":"tag-actualites","9":"tag-ankara","10":"tag-conference-de-presse","11":"tag-criteres-de-copenhague","12":"tag-eu","13":"tag-europe","14":"tag-european-union","15":"tag-fr","16":"tag-france","17":"tag-friedrich-merz","18":"tag-news","19":"tag-recep-tayyip-erdogan","20":"tag-republique-francaise","21":"tag-turquie","22":"tag-ue","23":"tag-union-europeenne"},"share_on_mastodon":{"url":"https:\/\/pubeurope.com\/@fr\/115465083003446773","error":""},"_links":{"self":[{"href":"https:\/\/www.europesays.com\/fr\/wp-json\/wp\/v2\/posts\/500764","targetHints":{"allow":["GET"]}}],"collection":[{"href":"https:\/\/www.europesays.com\/fr\/wp-json\/wp\/v2\/posts"}],"about":[{"href":"https:\/\/www.europesays.com\/fr\/wp-json\/wp\/v2\/types\/post"}],"author":[{"embeddable":true,"href":"https:\/\/www.europesays.com\/fr\/wp-json\/wp\/v2\/users\/2"}],"replies":[{"embeddable":true,"href":"https:\/\/www.europesays.com\/fr\/wp-json\/wp\/v2\/comments?post=500764"}],"version-history":[{"count":0,"href":"https:\/\/www.europesays.com\/fr\/wp-json\/wp\/v2\/posts\/500764\/revisions"}],"wp:featuredmedia":[{"embeddable":true,"href":"https:\/\/www.europesays.com\/fr\/wp-json\/wp\/v2\/media\/500765"}],"wp:attachment":[{"href":"https:\/\/www.europesays.com\/fr\/wp-json\/wp\/v2\/media?parent=500764"}],"wp:term":[{"taxonomy":"category","embeddable":true,"href":"https:\/\/www.europesays.com\/fr\/wp-json\/wp\/v2\/categories?post=500764"},{"taxonomy":"post_tag","embeddable":true,"href":"https:\/\/www.europesays.com\/fr\/wp-json\/wp\/v2\/tags?post=500764"}],"curies":[{"name":"wp","href":"https:\/\/api.w.org\/{rel}","templated":true}]}}