{"id":500768,"date":"2025-10-30T20:49:18","date_gmt":"2025-10-30T20:49:18","guid":{"rendered":"https:\/\/www.europesays.com\/fr\/500768\/"},"modified":"2025-10-30T20:49:18","modified_gmt":"2025-10-30T20:49:18","slug":"jeremy-stinat-face-au-manque-de-coherence-arbitrale","status":"publish","type":"post","link":"https:\/\/www.europesays.com\/fr\/500768\/","title":{"rendered":"J\u00e9r\u00e9my Stinat face au manque de coh\u00e9rence arbitrale"},"content":{"rendered":"<p>Sur le terrain comme dans les tribunes ou les r\u00e9seaux sociaux, nombreux sont les Lyonnais \u00e0 crier au loup ce mercredi vers 22h15 quand l\u2019arbitre de la rencontre adresse un <a href=\"https:\/\/www.leprogres.fr\/sport\/2025\/10\/29\/les-tops-flops-de-paris-fc-ol-tolisso-maestro-sulc-goleador-abner-deregle-l-equilibre\" target=\"_blank\" rel=\"noopener\">carton rouge \u00e0 Abner, pour ce tacle par derri\u00e8re sur Kebbal.<\/a> \u00ab\u00a0Il prend le ballon\u00a0\u00bb, \u00ab\u00a0Il ne le touche m\u00eame pas\u00a0\u00bb, peut-on lire \u00e7\u00e0 et l\u00e0.<\/p>\n<p>S\u2019il n\u2019a heureusement pas bless\u00e9 le lutin parisien <a href=\"https:\/\/www.leprogres.fr\/sport-local\/2020\/03\/05\/lyon-duchere-compte-sur-kebbal-face-au-puy\" target=\"_blank\" rel=\"noopener\">pass\u00e9 par la Duch\u00e8re en pr\u00eat en 2020<\/a>, l\u2019international br\u00e9silien n\u2019a rien ma\u00eetris\u00e9 dans son geste et a \u00e9t\u00e9 sanctionn\u00e9 pour s\u2019\u00eatre jet\u00e9 dangereusement par derri\u00e8re malgr\u00e9 tout.<\/p>\n<p>En revanche, comment justifier aupr\u00e8s des fans de l\u2019OL que Moustapha Mbow n\u2019ait \u00e9cop\u00e9 que d\u2019un avertissement pour un tacle par derri\u00e8re \u00e0 hauteur du genou de Satriano dans les derni\u00e8res secondes des arr\u00eats de jeu\u00a0?<\/p>\n<p>Ce contenu est bloqu\u00e9 car vous n&rsquo;avez pas accept\u00e9 les cookies et autres traceurs.<\/p>\n<p>En cliquant sur \u00ab J\u2019accepte \u00bb, les cookies et autres traceurs seront d\u00e9pos\u00e9s et vous pourrez visualiser les contenus  (<a href=\"\" class=\"consentModule_policy\" target=\"_blank\" title=\"Consulter la politique de protection des donn\u00e9es du fournisseur\">plus d&rsquo;informations<\/a>).<\/p>\n<p>En cliquant sur \u00ab J\u2019accepte tous les cookies \u00bb, vous autorisez des d\u00e9p\u00f4ts de cookies et autres traceurs pour le stockage de vos donn\u00e9es sur nos sites et applications \u00e0 des fins de personnalisation et de ciblage publicitaire.<\/p>\n<p class=\"consentModule_secondaryText\">Vous gardez la possibilit\u00e9 de retirer votre consentement \u00e0 tout moment en consultant notre <a href=\"https:\/\/www.leprogres.fr\/protection-des-donnees\" target=\"_blank\" title=\"Consulter notre politique de protection des donn\u00e9es\" rel=\"noopener\">politique de protection des donn\u00e9es<\/a>. <br \/>&#13;<br \/>\n            <a href=\"https:\/\/www.leprogres.fr\/sport\/2025\/10\/30\/javascript:Didomi.notice.show()\" class=\"consentModule_cmp\" target=\"_blank\" rel=\"noopener\">G\u00e9rer mes choix<\/a>&#13;\n        <\/p>\n<p>&#13;<br \/>\n                        J&rsquo;accepte&#13;<br \/>\n            J&rsquo;accepte tous les cookies&#13;\n        <\/p>\n<p>  Maciel\u00a0: \u00ab\u00a0Il y avait pas mal de cartons oranges\u00a0\u00bb<\/p>\n<p>Et comment est-il possible de ne pas donner un second avertissement \u00e0 Chergui d\u00e8s la 28e minute pour cette semelle tr\u00e8s en retard sur la cheville de Morton\u00a0? \u00ab\u00a0Il y avait pas mal de cartons oranges\u00a0\u00bb, a d\u2019ailleurs comment\u00e9 Jorge Maciel, en r\u00e9f\u00e9rence \u00e0 toutes ces d\u00e9cisions.<\/p>\n<p>Ce contenu est bloqu\u00e9 car vous n&rsquo;avez pas accept\u00e9 les cookies et autres traceurs.<\/p>\n<p>En cliquant sur \u00ab J\u2019accepte \u00bb, les cookies et autres traceurs seront d\u00e9pos\u00e9s et vous pourrez visualiser les contenus  (<a href=\"\" class=\"consentModule_policy\" target=\"_blank\" title=\"Consulter la politique de protection des donn\u00e9es du fournisseur\">plus d&rsquo;informations<\/a>).<\/p>\n<p>En cliquant sur \u00ab J\u2019accepte tous les cookies \u00bb, vous autorisez des d\u00e9p\u00f4ts de cookies et autres traceurs pour le stockage de vos donn\u00e9es sur nos sites et applications \u00e0 des fins de personnalisation et de ciblage publicitaire.<\/p>\n<p class=\"consentModule_secondaryText\">Vous gardez la possibilit\u00e9 de retirer votre consentement \u00e0 tout moment en consultant notre <a href=\"https:\/\/www.leprogres.fr\/protection-des-donnees\" target=\"_blank\" title=\"Consulter notre politique de protection des donn\u00e9es\" rel=\"noopener\">politique de protection des donn\u00e9es<\/a>. <br \/>&#13;<br \/>\n            <a href=\"https:\/\/www.leprogres.fr\/sport\/2025\/10\/30\/javascript:Didomi.notice.show()\" class=\"consentModule_cmp\" target=\"_blank\" rel=\"noopener\">G\u00e9rer mes choix<\/a>&#13;\n        <\/p>\n<p>&#13;<br \/>\n                        J&rsquo;accepte&#13;<br \/>\n            J&rsquo;accepte tous les cookies&#13;\n        <\/p>\n","protected":false},"excerpt":{"rendered":"Sur le terrain comme dans les tribunes ou les r\u00e9seaux sociaux, nombreux sont les Lyonnais \u00e0 crier au&hellip;\n","protected":false},"author":2,"featured_media":500769,"comment_status":"","ping_status":"","sticky":false,"template":"","format":"standard","meta":{"footnotes":""},"categories":[2],"tags":[11,2757,107,63,1011,27,2428,2756,12,2755,25,2429,517],"class_list":{"0":"post-500768","1":"post","2":"type-post","3":"status-publish","4":"format-standard","5":"has-post-thumbnail","7":"category-actualites","8":"tag-actualites","9":"tag-edition-lyon-villeurbanne","10":"tag-fil-info","11":"tag-football","12":"tag-fr","13":"tag-france","14":"tag-lyon","15":"tag-lyon-bassin","16":"tag-news","17":"tag-ol-olympique-lyonnais-football","18":"tag-republique-francaise","19":"tag-rhone","20":"tag-sport"},"share_on_mastodon":{"url":"https:\/\/pubeurope.com\/@fr\/115465090851485829","error":""},"_links":{"self":[{"href":"https:\/\/www.europesays.com\/fr\/wp-json\/wp\/v2\/posts\/500768","targetHints":{"allow":["GET"]}}],"collection":[{"href":"https:\/\/www.europesays.com\/fr\/wp-json\/wp\/v2\/posts"}],"about":[{"href":"https:\/\/www.europesays.com\/fr\/wp-json\/wp\/v2\/types\/post"}],"author":[{"embeddable":true,"href":"https:\/\/www.europesays.com\/fr\/wp-json\/wp\/v2\/users\/2"}],"replies":[{"embeddable":true,"href":"https:\/\/www.europesays.com\/fr\/wp-json\/wp\/v2\/comments?post=500768"}],"version-history":[{"count":0,"href":"https:\/\/www.europesays.com\/fr\/wp-json\/wp\/v2\/posts\/500768\/revisions"}],"wp:featuredmedia":[{"embeddable":true,"href":"https:\/\/www.europesays.com\/fr\/wp-json\/wp\/v2\/media\/500769"}],"wp:attachment":[{"href":"https:\/\/www.europesays.com\/fr\/wp-json\/wp\/v2\/media?parent=500768"}],"wp:term":[{"taxonomy":"category","embeddable":true,"href":"https:\/\/www.europesays.com\/fr\/wp-json\/wp\/v2\/categories?post=500768"},{"taxonomy":"post_tag","embeddable":true,"href":"https:\/\/www.europesays.com\/fr\/wp-json\/wp\/v2\/tags?post=500768"}],"curies":[{"name":"wp","href":"https:\/\/api.w.org\/{rel}","templated":true}]}}