{"id":500780,"date":"2025-10-30T21:00:11","date_gmt":"2025-10-30T21:00:11","guid":{"rendered":"https:\/\/www.europesays.com\/fr\/500780\/"},"modified":"2025-10-30T21:00:11","modified_gmt":"2025-10-30T21:00:11","slug":"cette-folle-theorie-sur-les-vraies-raisons-de-son-ab","status":"publish","type":"post","link":"https:\/\/www.europesays.com\/fr\/500780\/","title":{"rendered":"cette folle th\u00e9orie sur les vraies raisons de son ab &#8230;"},"content":{"rendered":"<p>EN BREF<\/p>\n<ul class=\"bloc_resume_post_list\">\n<li>Jean-Baptiste Marteau a remplac\u00e9 L\u00e9a Salam\u00e9 au JT de 20h<br \/>\nde France 2 du 22 au 29 octobre 2025.<\/li>\n<li>Il a enregistr\u00e9 une audience moyenne de 4,01 millions de<br \/>\nt\u00e9l\u00e9spectateurs, surpassant les chiffres de L\u00e9a Salam\u00e9.<\/li>\n<li>Des sp\u00e9culations \u00e9mergent sur les raisons du cong\u00e9 de L\u00e9a<br \/>\nSalam\u00e9, alimentant les discussions sur les r\u00e9seaux<br \/>\nsociaux.<\/li>\n<\/ul>\n<p>Pr\u00e9sentateur de la matinale de franceinfo. <a href=\"https:\/\/www.telestar.fr\/actu_tv\/lea-salame-en-retrait-du-20h-de-france-2-jean-baptiste-marteau-en-dit-plus-sur-le-plan-b-de-la-chaine-1742782\" target=\"_blank\" rel=\"noopener\"><br \/>\nJean-Baptiste Marteau<\/a> est r\u00e9cemment devenu le <a href=\"https:\/\/www.telestar.fr\/actu_tv\/lea-salame-au-20h-de-france-2-on-connait-enfin-le-nom-de-son-joker-et-ca-sonne-comme-une-revanche-1740130\" target=\"_blank\" rel=\"noopener\"><br \/>\nnouveau joker du JT de 20h de France 2<\/a>. Cela signifie qu\u00a0\u00bbil<br \/>\n<strong>remplace d\u00e9sormais L\u00e9a Salam\u00e9 durant ses cong\u00e9s<\/strong><br \/>\nsur l&rsquo;antenne de la cha\u00eene publique. Le journaliste a ainsi<br \/>\npr\u00e9sent\u00e9 le journal t\u00e9l\u00e9vis\u00e9 du soir sur France 2 entre le mercredi<br \/>\n22 et le mercredi 29 octobre 2025. Avant que l&rsquo;ancienne<br \/>\npr\u00e9sentatrice de la matinale de France Inter ne reprenne sa place<br \/>\nle jeudi 30 octobre 2025.<\/p>\n<p>Et force est de constater que <strong>Jean-Baptiste Marteau<br \/>\ns&rsquo;est plut\u00f4t bien d\u00e9brouill\u00e9 dans l&rsquo;exercice<\/strong>. Tout au long<br \/>\nde sa pr\u00e9sence \u00e0 la t\u00eate du JT de 20h de France 2 ces derniers<br \/>\njours. L&rsquo;animateur a enregistr\u00e9 une moyenne de 4,01 millions de<br \/>\nt\u00e9l\u00e9spectateurs sur la premi\u00e8re partie du journal de la cha\u00eene<br \/>\npublique. Ce qui repr\u00e9sente 20,6% de part d&rsquo;audience sur l&rsquo;ensemble<br \/>\ndu public \u00e2g\u00e9 de quatre ans et plus. Selon les chiffres de<br \/>\nM\u00e9diam\u00e9trie.<\/p>\n<p>JT de 20h de France 2 : Jean-Baptiste Marteau fait mieux que<br \/>\nJulien Arnaud sur un an<\/p>\n<p>De son c\u00f4t\u00e9, la seconde partie du JT de 20h de France 2, plus<br \/>\nax\u00e9e magazine, a rassembl\u00e9 3,81 millions de t\u00e9l\u00e9spectateurs. Soit<br \/>\n19,3% de part d&rsquo;audience sur l&rsquo;ensemble du public \u00e2g\u00e9 de quatre ans<br \/>\net plus. <strong>Il s&rsquo;agit l\u00e0 d&rsquo;une belle progression sur un an<br \/>\npour la cha\u00eene publique<\/strong>. En effet, le JT de 20h r\u00e9unissait<br \/>\n3,96 millions de t\u00e9l\u00e9spectateurs (19,7% du public, ndlr) en<br \/>\npremi\u00e8re partie. Et 3,41 millions de t\u00e9l\u00e9spectateurs (16,5% du<br \/>\npublic, ndlr) en deuxi\u00e8me partie l&rsquo;ann\u00e9e derni\u00e8re \u00e0 la m\u00eame<br \/>\n\u00e9poque.<\/p>\n<p>C&rsquo;est l&rsquo;ancien joker d&rsquo;<a href=\"https:\/\/www.telestar.fr\/people\/vous-connaissez-ma-anne-sophie-lapix-met-les-pieds-dans-le-plat-avec-pierre-arditi-1740597\" target=\"_blank\" rel=\"noopener\">Anne-Sophie<br \/>\nLapix<\/a>, <a href=\"https:\/\/www.telestar.fr\/actu_tv\/julien-arnaud-deja-depasse-sur-bfmtv-cet-invite-totalement-en-roue-libre-na-pas-facilite-sa-rentree-1735822\" target=\"_blank\" rel=\"noopener\"><br \/>\nJulien Arnaud<\/a>, qui officiait \u00e0 l&rsquo;antenne \u00e0 ce moment-l\u00e0. Pour<br \/>\nrappel, l&rsquo;ancien pr\u00e9sentateur de T\u00e9l\u00e9matin a depuis <strong>quitt\u00e9<br \/>\nFrance T\u00e9l\u00e9visions pour rejoindre BFMTV<\/strong>. De son c\u00f4t\u00e9,<br \/>\n<a href=\"https:\/\/www.closermag.fr\/people\/anne-sophie-lapix-plus-libre-apres-son-eviction-de-france-2-elle-dit-tout-ce-quelle-pense-3578697\" target=\"_blank\" rel=\"noopener\"><br \/>\nl&rsquo;ancienne pr\u00e9sentatrice du JT de 20h de France 2<\/a> a elle aussi<br \/>\nquitt\u00e9 le groupe audiovisuel public. Mais pour rejoindre le groupe<br \/>\nM6. O\u00f9 elle officie d\u00e9sormais sur les antennes de M6 et de RTL.<\/p>\n<blockquote class=\"twitter-tweet\"><p><a class=\"twitter-link\" rel=\"noindex, nofollow noopener\" href=\"https:\/\/twitter.com\/libremax_off\/status\/1983443467671064701\" target=\"_blank\"><\/p><\/blockquote>\n<p>L\u00e9a Salam\u00e9 a-t-elle \u00e9t\u00e9 pouss\u00e9e \u00e0<br \/>\nprendre une semaine de cong\u00e9s par la direction de France<br \/>\nT\u00e9l\u00e9visions ?<\/p>\n<p>Jean-Baptiste Marteau se paye m\u00eame le luxe de <strong>r\u00e9aliser<br \/>\nde meilleures audiences que L\u00e9a Salam\u00e9<\/strong>. En effet, sur les<br \/>\ncinq derni\u00e8res \u00e9ditions du JT de 20h de France 2 avant son d\u00e9part<br \/>\nen cong\u00e9s. La journaliste avait rassembl\u00e9 une moyenne de 3,78<br \/>\nmillions de t\u00e9l\u00e9spectateurs en premi\u00e8re partie (19,4% du public,<br \/>\nndlr). Et de 3,87 millions de fid\u00e8les en deuxi\u00e8me partie (19,4% du<br \/>\npublic, ndlr). La premi\u00e8re partie du journal t\u00e9l\u00e9vis\u00e9 du soir est<br \/>\ndonc en forte hausse sur une semaine.<\/p>\n<p>Il n&rsquo;en fallait pas plus pour qu&rsquo;une folle th\u00e9orie soit relay\u00e9e<br \/>\nsur les r\u00e9seaux sociaux. \u00ab\u00a0L\u00e9a Salam\u00e9 n&rsquo;est pas partie en<br \/>\nvacances de son plein gr\u00e9 deux mois apr\u00e8s son arriv\u00e9e. <strong>On<br \/>\nl&rsquo;a \u00e9cart\u00e9e pour voir si c&rsquo;\u00e9tait vraiment elle qui faisait chuter<br \/>\nles audiences<\/strong>\u00ab\u00a0, a ainsi \u00e9crit un internaute sur X.<br \/>\nReste d\u00e9sormais \u00e0 patienter pour d\u00e9couvrir le score de l&rsquo;\u00e9dition du<br \/>\nJT de 20h de France 2 diffus\u00e9e le jeudi 30 octobre 2025. Qui<br \/>\nmarquera le grand retour de la journaliste \u00e0 l&rsquo;antenne.<\/p>\n<p><script async src=\"https:\/\/platform.twitter.com\/widgets.js\" charset=\"utf-8\"><\/script><\/p>\n","protected":false},"excerpt":{"rendered":"EN BREF Jean-Baptiste Marteau a remplac\u00e9 L\u00e9a Salam\u00e9 au JT de 20h de France 2 du 22 au&hellip;\n","protected":false},"author":2,"featured_media":500781,"comment_status":"","ping_status":"","sticky":false,"template":"","format":"standard","meta":{"footnotes":""},"categories":[1359],"tags":[548,58,59,1011,27,3806,973],"class_list":{"0":"post-500780","1":"post","2":"type-post","3":"status-publish","4":"format-standard","5":"has-post-thumbnail","7":"category-people","8":"tag-article-simple","9":"tag-divertissement","10":"tag-entertainment","11":"tag-fr","12":"tag-france","13":"tag-lea-salame","14":"tag-people"},"share_on_mastodon":{"url":"https:\/\/pubeurope.com\/@fr\/115465134275883003","error":""},"_links":{"self":[{"href":"https:\/\/www.europesays.com\/fr\/wp-json\/wp\/v2\/posts\/500780","targetHints":{"allow":["GET"]}}],"collection":[{"href":"https:\/\/www.europesays.com\/fr\/wp-json\/wp\/v2\/posts"}],"about":[{"href":"https:\/\/www.europesays.com\/fr\/wp-json\/wp\/v2\/types\/post"}],"author":[{"embeddable":true,"href":"https:\/\/www.europesays.com\/fr\/wp-json\/wp\/v2\/users\/2"}],"replies":[{"embeddable":true,"href":"https:\/\/www.europesays.com\/fr\/wp-json\/wp\/v2\/comments?post=500780"}],"version-history":[{"count":0,"href":"https:\/\/www.europesays.com\/fr\/wp-json\/wp\/v2\/posts\/500780\/revisions"}],"wp:featuredmedia":[{"embeddable":true,"href":"https:\/\/www.europesays.com\/fr\/wp-json\/wp\/v2\/media\/500781"}],"wp:attachment":[{"href":"https:\/\/www.europesays.com\/fr\/wp-json\/wp\/v2\/media?parent=500780"}],"wp:term":[{"taxonomy":"category","embeddable":true,"href":"https:\/\/www.europesays.com\/fr\/wp-json\/wp\/v2\/categories?post=500780"},{"taxonomy":"post_tag","embeddable":true,"href":"https:\/\/www.europesays.com\/fr\/wp-json\/wp\/v2\/tags?post=500780"}],"curies":[{"name":"wp","href":"https:\/\/api.w.org\/{rel}","templated":true}]}}