{"id":500792,"date":"2025-10-30T21:07:10","date_gmt":"2025-10-30T21:07:10","guid":{"rendered":"https:\/\/www.europesays.com\/fr\/500792\/"},"modified":"2025-10-30T21:07:10","modified_gmt":"2025-10-30T21:07:10","slug":"predictions-du-classement-final-de-ligue-1-2025-26-selon-opta","status":"publish","type":"post","link":"https:\/\/www.europesays.com\/fr\/500792\/","title":{"rendered":"Pr\u00e9dictions du classement final de Ligue 1 2025-26 selon Opta"},"content":{"rendered":"<p><img fetchpriority=\"high\" decoding=\"async\" width=\"620\" height=\"413\" src=\"https:\/\/www.europesays.com\/fr\/wp-content\/uploads\/2025\/10\/Ligue-1-maillot-illustration-620x413.jpg\" alt=\"Pr\u00e9dictions du classement final de Ligue 1 2025-26 selon Opta\" class=\"wp-image-335197\"  \/>Dix journ\u00e9es viennent de s\u2019achever, voil\u00e0 comment Opta anticipe la fin de la saison de Ligue 1.<\/p>\n<p>Apr\u00e8s une 10e journ\u00e9e de <a href=\"https:\/\/sportune.20minutes.fr\/ligue-1-l1\" rel=\"nofollow noopener\" target=\"_blank\">Ligue 1<\/a> riche en rebondissements, l\u2019intelligence artificielle d\u2019Opta a actualis\u00e9 ses projections pour le classement final de la Ligue 1 2025-26. Le <a href=\"https:\/\/sportune.20minutes.fr\/paris-saint-germain-psg\" rel=\"nofollow noopener\" target=\"_blank\">Paris Saint-Germain<\/a>, malgr\u00e9 un match nul conc\u00e9d\u00e9 \u00e0 Lorient (1-1), demeure l\u2019ultra-favori pour le titre avec 89,59% de probabilit\u00e9s de terminer champion.<\/p>\n<p>La dixi\u00e8me journ\u00e9e a redistribu\u00e9 les cartes au sommet : le <a href=\"https:\/\/sportune.20minutes.fr\/rc-lens\" rel=\"nofollow noopener\" target=\"_blank\">RC Lens<\/a> s\u2019est inclin\u00e9 \u00e0 Metz (2-0), l\u2019<a href=\"https:\/\/sportune.20minutes.fr\/olympique-de-marseille-om\" rel=\"nofollow noopener\" target=\"_blank\">Olympique de Marseille<\/a> a conc\u00e9d\u00e9 l\u2019\u00e9galisation dans le temps additionnel face \u00e0 Angers (2-2), tandis que l\u2019<a href=\"https:\/\/sportune.20minutes.fr\/as-monaco-asm\" rel=\"nofollow noopener\" target=\"_blank\">AS Monaco<\/a> s\u2019est impos\u00e9 dans un festival offensif contre Nantes (5-3). Le RC Strasbourg a \u00e9galement marqu\u00e9 les esprits en dominant Auxerre (3-0).<\/p>\n<p>Presque une \u00ab\u00a0chance\u00a0\u00bb sur deux que le RC Metz termine dernier<\/p>\n<p>Au classement actuel, le <a href=\"https:\/\/sportune.20minutes.fr\/paris-saint-germain-psg\" rel=\"nofollow noopener\" target=\"_blank\">PSG<\/a> ne compte que deux points d\u2019avance sur le sixi\u00e8me, le <a href=\"https:\/\/sportune.20minutes.fr\/rc-lens\" rel=\"nofollow noopener\" target=\"_blank\">RC Lens<\/a>, t\u00e9moignant d\u2019un d\u00e9but de saison particuli\u00e8rement serr\u00e9. Pour autant, les projections d\u2019Opta dessinent un tableau moins ind\u00e9cis pour la course au titre.<\/p>\n<p>L\u2019<a href=\"https:\/\/sportune.20minutes.fr\/olympique-de-marseille-om\" rel=\"nofollow noopener\" target=\"_blank\">Olympique de Marseille<\/a> appara\u00eet comme le principal challenger parisien, devan\u00e7ant l\u2019<a href=\"https:\/\/sportune.20minutes.fr\/olympique-lyonnais-ol\" rel=\"nofollow noopener\" target=\"_blank\">Olympique Lyonnais<\/a> (17,73% de finir troisi\u00e8me) et le <a href=\"https:\/\/sportune.20minutes.fr\/losc-lille-losc\" rel=\"nofollow noopener\" target=\"_blank\">LOSC Lille<\/a> (16,35%). En bas de tableau, le <a href=\"https:\/\/sportune.20minutes.fr\/fc-metz\" rel=\"nofollow noopener\" target=\"_blank\">FC Metz<\/a> appara\u00eet comme le grand favori \u00e0 la rel\u00e9gation avec 48,69% de probabilit\u00e9s de terminer dernier, un pourcentage nettement sup\u00e9rieur aux autres formations de la zone rouge. <\/p>\n<p>Le mod\u00e8le pr\u00e9dictif, bas\u00e9 sur les r\u00e9sultats r\u00e9cents et les performances statistiques, souligne n\u00e9anmoins qu\u2019\u00e0 ce stade de la comp\u00e9tition, rien n\u2019est d\u00e9finitivement jou\u00e9, que ce soit pour le titre, les places europ\u00e9ennes ou le maintien.<\/p>\n<p>Pr\u00e9dictions du classement final de Ligue 1 2025-26 selon Opta<\/p>\n<p>Paris Saint\u2011Germain = 89,59 %<br \/>Olympique de Marseille = 20,56 %<br \/>Olympique Lyonnais = 17,73 %<br \/>LOSC Lille = 16,35 %<br \/>RC Lens = 14,43 %<br \/>RC Strasbourg = 13,97 %<br \/>AS Monaco = 10,33 %<br \/>OGC Nice = 15,58 %<br \/>Toulouse FC = 15,63 %<br \/>Stade Rennais = 15,07 %<br \/>Stade Brestois = 13,10 %<br \/>Le Havre AC = 12,03 %<br \/>FC Nantes = 12,45 %<br \/>Paris FC = 13,04 %<br \/>FC Lorient = 13,40 %<br \/>AJ Auxerre = 15,19 %<br \/>Angers SCO = 12,26 %<br \/>FC Metz = 48,69 %<\/p>\n","protected":false},"excerpt":{"rendered":"Dix journ\u00e9es viennent de s\u2019achever, voil\u00e0 comment Opta anticipe la fin de la saison de Ligue 1. Apr\u00e8s&hellip;\n","protected":false},"author":2,"featured_media":500793,"comment_status":"","ping_status":"","sticky":false,"template":"","format":"standard","meta":{"footnotes":""},"categories":[9],"tags":[4428,460,2266,3317,8113,462,1011,27,4447,66,2267,241,149,445,93,2264,4448,60,4449,3087,4450],"class_list":{"0":"post-500792","1":"post","2":"type-post","3":"status-publish","4":"format-standard","5":"has-post-thumbnail","7":"category-sports","8":"tag-aj-auxerre","9":"tag-angers-sco","10":"tag-as-monaco","11":"tag-fc-lorient","12":"tag-fc-metz","13":"tag-fc-nantes","14":"tag-fr","15":"tag-france","16":"tag-le-havre-ac","17":"tag-ligue-1","18":"tag-losc","19":"tag-ol","20":"tag-om","21":"tag-paris-fc","22":"tag-psg","23":"tag-rc-lens","24":"tag-rc-strasbourg","25":"tag-sports","26":"tag-stade-brestois","27":"tag-stade-rennais","28":"tag-tfc"},"share_on_mastodon":{"url":"https:\/\/pubeurope.com\/@fr\/115465161820325662","error":""},"_links":{"self":[{"href":"https:\/\/www.europesays.com\/fr\/wp-json\/wp\/v2\/posts\/500792","targetHints":{"allow":["GET"]}}],"collection":[{"href":"https:\/\/www.europesays.com\/fr\/wp-json\/wp\/v2\/posts"}],"about":[{"href":"https:\/\/www.europesays.com\/fr\/wp-json\/wp\/v2\/types\/post"}],"author":[{"embeddable":true,"href":"https:\/\/www.europesays.com\/fr\/wp-json\/wp\/v2\/users\/2"}],"replies":[{"embeddable":true,"href":"https:\/\/www.europesays.com\/fr\/wp-json\/wp\/v2\/comments?post=500792"}],"version-history":[{"count":0,"href":"https:\/\/www.europesays.com\/fr\/wp-json\/wp\/v2\/posts\/500792\/revisions"}],"wp:featuredmedia":[{"embeddable":true,"href":"https:\/\/www.europesays.com\/fr\/wp-json\/wp\/v2\/media\/500793"}],"wp:attachment":[{"href":"https:\/\/www.europesays.com\/fr\/wp-json\/wp\/v2\/media?parent=500792"}],"wp:term":[{"taxonomy":"category","embeddable":true,"href":"https:\/\/www.europesays.com\/fr\/wp-json\/wp\/v2\/categories?post=500792"},{"taxonomy":"post_tag","embeddable":true,"href":"https:\/\/www.europesays.com\/fr\/wp-json\/wp\/v2\/tags?post=500792"}],"curies":[{"name":"wp","href":"https:\/\/api.w.org\/{rel}","templated":true}]}}