{"id":500794,"date":"2025-10-30T21:08:11","date_gmt":"2025-10-30T21:08:11","guid":{"rendered":"https:\/\/www.europesays.com\/fr\/500794\/"},"modified":"2025-10-30T21:08:11","modified_gmt":"2025-10-30T21:08:11","slug":"jai-laisse-michel-drucker-regrette-t-il-de-navoir-jamais-pu-faire-denfant-avec-dany-saval","status":"publish","type":"post","link":"https:\/\/www.europesays.com\/fr\/500794\/","title":{"rendered":"\u201cJ\u2019ai laiss\u00e9\u2026\u201d, Michel Drucker regrette-t-il de n\u2019avoir jamais pu faire d\u2019enfant avec Dany Saval ?"},"content":{"rendered":"<p>C\u2019est un amour solide qui dure depuis plus d\u2019un demi-si\u00e8cle.<br \/>\nMichel Drucker est alors revenu avec \u00e9motion sur son couple dans<br \/>\nune interview accord\u00e9e \u00e0 Guillaume Pley pour l\u2019\u00e9mission<br \/>\nLegend, diffus\u00e9e sur YouTube.<\/p>\n<p>\u00c0 83 ans, le pilier du petit \u00e9cran a \u00e9voqu\u00e9 son histoire avec<br \/>\nDany Saval, leurs choix de vie, et leur d\u00e9cision de ne jamais avoir<br \/>\nd\u2019enfant.<\/p>\n<p>Michel Drucker se confie sur son couple avec Dany Saval<\/p>\n<p>Face \u00e0 Guillaume Pley, <a href=\"https:\/\/www.closermag.fr\/people\/les-parties-genitales-michel-drucker-a-ete-sexuellement-agresse-par-une-fan-il-a-du-en-venir-aux-mains-3590293\" rel=\"nofollow noopener\" target=\"_blank\"><br \/>\nMichel Drucker<\/a> s\u2019est confi\u00e9 comme rarement sur sa vie priv\u00e9e.<br \/>\n\u00ab\u00a0Quand on est mari\u00e9 depuis cinquante-trois ans, ce n\u2019est pas un<br \/>\nlong fleuve tranquille\u00a0\u00bb, a d\u2019abord avou\u00e9 l\u2019animateur.<br \/>\n\u00ab\u00a0\u00c9videmment, il y a eu des orages, mais l\u2019important, c&rsquo;est de<br \/>\n<strong>rester soud\u00e9s<\/strong> jusqu\u2019au bout\u00a0\u00bb a-t-il ensuite<br \/>\najout\u00e9. Malgr\u00e9 les hauts et les bas, le pr\u00e9sentateur embl\u00e9matique<br \/>\nde <a href=\"https:\/\/www.closermag.fr\/people\/cest-un-gamin-sheila-sans-filtre-sur-pierre-garnier-dans-vivement-dimanche-3532155\" rel=\"nofollow noopener\" target=\"_blank\"><br \/>\nVivement Dimanche<\/a> ne cache pas son admiration pour sa<br \/>\nfemme. \u00ab\u00a0J\u2019ai eu la chance de rencontrer une femme extr\u00eamement<br \/>\ncompr\u00e9hensive et intelligente, qui avait \u00e9t\u00e9 mari\u00e9e avant moi, et<br \/>\nqui a toujours \u00e9t\u00e9 l\u00e0 pour me prot\u00e9ger, car on savait, elle et moi,<br \/>\nque \u00e7a allait durer\u00a0\u00bb\u00a0a-t-il d\u00e9clar\u00e9 dans<br \/>\nLegend.<\/p>\n<p>Entre eux, la conviction d\u2019une histoire durable s\u2019est impos\u00e9e<br \/>\nd\u00e8s leur rencontre. \u00ab\u00a0J\u2019ai eu l\u2019intuition profonde que \u00e7a allait<br \/>\ndurer\u00a0\u00bb, a-t-il admis avec fiert\u00e9. Et en effet, leur amour a<br \/>\nr\u00e9sist\u00e9 au temps, aux succ\u00e8s, aux sacrifices et aux temp\u00eates.<br \/>\n<a href=\"https:\/\/www.closermag.fr\/people\/michel-drucker-touche-coup-dur-pour-sa-femme-dany-saval-3566823\" rel=\"nofollow noopener\" target=\"_blank\"><br \/>\nDany Saval<\/a>, qui avait connu une brillante carri\u00e8re au cin\u00e9ma<br \/>\naux c\u00f4t\u00e9s de Louis de Fun\u00e8s, <a href=\"https:\/\/www.closermag.fr\/people\/mort-de-jean-paul-belmondo-il-etait-accroche-a-jean-dujardin-frappe-par-ce-geste-lors-du-repas-dadieu-voulu-par-lacteur-3590153\" rel=\"nofollow noopener\" target=\"_blank\"><br \/>\nJean-Paul Belmondo<\/a> ou encore Bourvil, a tout quitt\u00e9 par amour.<br \/>\n\u00ab Elle a arr\u00eat\u00e9 le m\u00e9tier quand on s\u2019est rencontr\u00e9s \u00bb, a<br \/>\nracont\u00e9 Michel Drucker. Un renoncement que l\u2019animateur n\u2019a jamais<br \/>\npris \u00e0 la l\u00e9g\u00e8re : \u00ab\u00a0<strong>J\u2019ai culpabilis\u00e9<br \/>\nlongtemps<\/strong>. Mais quand on est \u00e0 deux pour faire ce<br \/>\nm\u00e9tier, c\u2019est la cata : l\u2019un tourne pendant que l\u2019autre joue au<br \/>\nth\u00e9\u00e2tre quatre mois, \u00e7a ne tient pas !\u00a0\u00bb.<\/p>\n<p>Michel Drucker\u00a0\u00e9voque son choix de<br \/>\nne pas avoir d\u2019enfant<\/p>\n<p>Et c\u2019est s\u00fbrement cette passion pour son m\u00e9tier qui explique<br \/>\npourquoi Michel Drucker et Dany Saval n\u2019ont <strong>jamais eu<br \/>\nd\u2019enfant<\/strong> ensemble. Devenu le beau-p\u00e8re de St\u00e9phanie, la<br \/>\nfille que Dany a eue avec son premier mari, l\u2019animateur n\u2019a jamais<br \/>\nsouhait\u00e9 agrandir la famille. \u00ab\u00a0<strong>D\u2019abord, j\u2019aurais \u00e9t\u00e9 un<br \/>\nmauvais p\u00e8re\u00a0\u00bb<\/strong>, a-t-il reconnu avec honn\u00eatet\u00e9. L\u2019ic\u00f4ne<br \/>\ndu paysage audiovisuel fran\u00e7ais a ensuite ajout\u00e9 : \u00ab\u00a0J&rsquo;ai laiss\u00e9<br \/>\ntomber. \u00c0 l\u2019\u00e2ge o\u00f9 on doit \u00eatre p\u00e8re, <strong>j\u2019\u00e9tais<br \/>\nboulot, boulot, boulot\u00a0\u00bb.\u00a0<\/strong><\/p>\n<p>\u00c0 cette \u00e9poque, sa carri\u00e8re passait avant tout. \u00ab\u00a0J\u2019ai des<br \/>\ncopains qui ont \u00e9t\u00e9 p\u00e8res assez tard, vers soixante ans. Mon fr\u00e8re<br \/>\nJean l\u2019a \u00e9t\u00e9 \u00e0 plus de soixante ans. Ce n\u2019est pas la m\u00eame chose [\u2026]<br \/>\n<strong>Je pense \u00e0 l\u2019enfant<\/strong>, qui sera orphelin tr\u00e8s<br \/>\nt\u00f4t\u00a0\u00bb a-t-il ensuite confi\u00e9. Ce choix a aussi \u00e9t\u00e9 motiv\u00e9 pour<br \/>\ndes raisons m\u00e9dicales. \u00ab\u00a0Elle a <strong>beaucoup<br \/>\nsouffert<\/strong> lorsqu\u2019elle a eu St\u00e9phanie, \u00e7a s\u2019est tr\u00e8s mal<br \/>\npass\u00e9. Je savais qu\u2019avoir un second enfant serait <strong>tr\u00e8s<br \/>\ncompliqu\u00e9<\/strong>\u00a0\u00bb a-t-il expliqu\u00e9. Aujourd\u2019hui, celui qui a<br \/>\neu de <a href=\"https:\/\/www.closermag.fr\/people\/michel-drucker-ampute-de-la-jambe-lanimateur-sonne-il-confie-avoir-vecu-le-pire-3590310\" rel=\"nofollow noopener\" target=\"_blank\"><br \/>\ngraves soucis de sant\u00e9<\/a> ne regrette rien. \u00ab\u00a0<strong>Je ne<br \/>\nregrette pas de ne pas avoir eu d\u2019enfants<\/strong>\u00ab\u00a0, a-t-il<br \/>\nfinalement soulign\u00e9. Toujours fid\u00e8le \u00e0 ses engagements<br \/>\nprofessionnels, l\u2019animateur a ensuite conclu : \u00ab\u00a0Faire des<br \/>\nenfants, c\u2019est une chose, mais s\u2019en occuper ? Tu es parti pour 20<br \/>\nans, pour toute la vie, <strong>tu prends<br \/>\nperp\u00e8te<\/strong>\u00ab\u00a0.<\/p>\n","protected":false},"excerpt":{"rendered":"C\u2019est un amour solide qui dure depuis plus d\u2019un demi-si\u00e8cle. Michel Drucker est alors revenu avec \u00e9motion sur&hellip;\n","protected":false},"author":2,"featured_media":500795,"comment_status":"","ping_status":"","sticky":false,"template":"","format":"standard","meta":{"footnotes":""},"categories":[8],"tags":[58,59,1011,27,877,729],"class_list":{"0":"post-500794","1":"post","2":"type-post","3":"status-publish","4":"format-standard","5":"has-post-thumbnail","7":"category-divertissement","8":"tag-divertissement","9":"tag-entertainment","10":"tag-fr","11":"tag-france","12":"tag-michel-drucker","13":"tag-yout_video"},"share_on_mastodon":{"url":"https:\/\/pubeurope.com\/@fr\/115465165816867810","error":""},"_links":{"self":[{"href":"https:\/\/www.europesays.com\/fr\/wp-json\/wp\/v2\/posts\/500794","targetHints":{"allow":["GET"]}}],"collection":[{"href":"https:\/\/www.europesays.com\/fr\/wp-json\/wp\/v2\/posts"}],"about":[{"href":"https:\/\/www.europesays.com\/fr\/wp-json\/wp\/v2\/types\/post"}],"author":[{"embeddable":true,"href":"https:\/\/www.europesays.com\/fr\/wp-json\/wp\/v2\/users\/2"}],"replies":[{"embeddable":true,"href":"https:\/\/www.europesays.com\/fr\/wp-json\/wp\/v2\/comments?post=500794"}],"version-history":[{"count":0,"href":"https:\/\/www.europesays.com\/fr\/wp-json\/wp\/v2\/posts\/500794\/revisions"}],"wp:featuredmedia":[{"embeddable":true,"href":"https:\/\/www.europesays.com\/fr\/wp-json\/wp\/v2\/media\/500795"}],"wp:attachment":[{"href":"https:\/\/www.europesays.com\/fr\/wp-json\/wp\/v2\/media?parent=500794"}],"wp:term":[{"taxonomy":"category","embeddable":true,"href":"https:\/\/www.europesays.com\/fr\/wp-json\/wp\/v2\/categories?post=500794"},{"taxonomy":"post_tag","embeddable":true,"href":"https:\/\/www.europesays.com\/fr\/wp-json\/wp\/v2\/tags?post=500794"}],"curies":[{"name":"wp","href":"https:\/\/api.w.org\/{rel}","templated":true}]}}