{"id":500798,"date":"2025-10-30T21:10:16","date_gmt":"2025-10-30T21:10:16","guid":{"rendered":"https:\/\/www.europesays.com\/fr\/500798\/"},"modified":"2025-10-30T21:10:16","modified_gmt":"2025-10-30T21:10:16","slug":"multinationales-gafam-hauts-revenus-taxe-par-taxe-decouvrez-quel-parti-et-quel-depute-ont-vote-quoi-sur-le-budget-2026","status":"publish","type":"post","link":"https:\/\/www.europesays.com\/fr\/500798\/","title":{"rendered":"Multinationales, Gafam, hauts revenus&#8230; Taxe par taxe, d\u00e9couvrez quel parti et quel d\u00e9put\u00e9 ont vot\u00e9 quoi sur le budget 2026"},"content":{"rendered":"<p>\n    <strong>INFOGRAPHIES &#8211;<\/strong> Depuis le d\u00e9but de l\u2019examen du projet de budget 2026 dans l\u2019h\u00e9micycle vendredi 24 octobre, les d\u00e9put\u00e9s ont adopt\u00e9 de nombreuses mesures alourdissant la fiscalit\u00e9. Le Figaro d\u00e9crypte pour vous qui a vot\u00e9 quoi.<\/p>\n<p class=\"fig-paragraph\">\u00abOn vivra pauvres, on vivra seuls, mais, au moins, on aura vot\u00e9 un bel amendement\u00a0!\u00bb, a ironis\u00e9, amer, le ministre de l\u2019\u00c9conomie Roland Lescure mardi lors du vote d\u2019un amendement budg\u00e9taire LFI instaurant une taxe sur les multinationales. L\u2019adoption de ce texte \u00e0 l\u2019Assembl\u00e9e nationale, dans le cadre des discussions sur le\u00a0<a href=\"http:\/\/www.lefigaro.fr\/politique\/dossier\/budget-2026-notre-dossier-pour-tout-comprendre\" target=\"_blank\" data-fig-type=\"Topic\" rel=\"noopener\" data-gtm-custom-categorie=\"navigation\" data-gtm-custom-action=\"crossclick\" data-gtm-custom-label=\"Contextuel\" data-gtm-event=\"customEventSPE\" data-fig-domain=\"LEFIGARO\">projet de loi de finances (PLF) 2026<\/a>, a \u00e9t\u00e9 un v\u00e9ritable de coup de th\u00e9\u00e2tre, montrant toute l\u2019ampleur des d\u00e9saccords dans les rangs de la chambre basse.<\/p>\n<p class=\"fig-paragraph\">Cette taxe n\u2019a \u00e9t\u00e9 que l\u2019une des nombreuses mesures alourdissant la fiscalit\u00e9 approuv\u00e9es par les d\u00e9put\u00e9s depuis le d\u00e9but de l\u2019examen du projet de budget 2026 dans l\u2019h\u00e9micycle vendredi 24 octobre. Taxes sur les Gafam, sur les superdividendes ou encore sur les hauts revenus, ces amendements, souvent port\u00e9s par le RN ou LFI, ont fait l\u2019objet de d\u00e9bats houleux. Le Figaro fait le point sur qui a vot\u00e9 quoi.<\/p>\n<p><strong>Instauration d\u2019une taxe de 26 milliards d\u2019euros sur les multinationales<\/strong><\/p>\n<p class=\"fig-paragraph\">D\u00e9pos\u00e9 par La France Insoumise (LFI), un amendement a \u00e9t\u00e9 adopt\u00e9 mardi, dans une ambiance tendue, visant \u00e0\u00a0<a href=\"http:\/\/www.lefigaro.fr\/conjoncture\/justice-ou-folie-fiscale-tout-comprendre-a-la-taxe-de-26-milliards-sur-les-multinationales-votee-par-la-gauche-et-le-rn-20251029\" target=\"_blank\" data-fig-type=\"Article\" rel=\"noopener\" data-gtm-custom-categorie=\"navigation\" data-gtm-custom-action=\"crossclick\" data-gtm-custom-label=\"Contextuel\" data-gtm-event=\"customEventSPE\" data-fig-domain=\"LEFIGARO\">taxer les b\u00e9n\u00e9fices des multinationales<\/a>\u00a0proportionnellement \u00e0 leur activit\u00e9 r\u00e9alis\u00e9e en France. L\u2019id\u00e9e sous-jacente du texte est que les multinationales devraient payer davantage d\u2019imp\u00f4ts \u00e0 l\u2019\u00e9chelle mondiale. La mesure est inspir\u00e9e des travaux de l\u2019\u00e9conomiste Gabriel Zucman et de l\u2019association Attac.<\/p>\n<p class=\"fig-premium-paywall__infos\">\n        Cet article est r\u00e9serv\u00e9 aux abonn\u00e9s.        Il vous reste 81% \u00e0 d\u00e9couvrir.\n    <\/p>\n<p>                <img  data- alt=\"Le Figaro\" class=\"fig-img--complete fig-img\"\/><\/p>\n<p class=\"fig-premium-paywall__title\">Vous avez envie de lire la suite ?<\/p>\n<p class=\"fig-premium-paywall__subtitle\">D\u00e9bloquez tous les articles imm\u00e9diatement.<\/p>\n<p class=\"fig-premium-paywall__connect\">\n                D\u00e9j\u00e0 abonn\u00e9\u00a0?                <a class=\"fig-premium-paywall__connect-link\" href=\"https:\/\/connect.lefigaro.fr\/login?client=horizon_web&amp;type=main&amp;redirect_uri=https%3A%2F%2Fwww.lefigaro.fr%2Fconjoncture%2Fmultinationales-gafam-hauts-revenus-taxe-par-taxe-decouvrez-quel-parti-et-quel-depute-ont-vote-quoi-sur-le-budget-2026-20251030\" data-js-gtm=\"{&quot;customCategorie&quot;: &quot;conversion&quot;, &quot;customAction&quot;: &quot;before_Landing_Connexion_paywall_manuel&quot;, &quot;customLabel&quot;: &quot;bGVmaWdhcm8uZnJfXzFmMGI1ODAxLTVhMjktNmY2Yy1iZDY1LTgzM2NlMWZjOWViNV9fQXJ0aWNsZQ==_Multinationales, Gafam, hauts revenus... Taxe par taxe, d\u00e9couvrez quel parti et quel d\u00e9put\u00e9 ont vot\u00e9 quoi sur le budget 2026_604&quot;, &quot;customIDSPE&quot;: &quot;bGVmaWdhcm8uZnJfXzFmMGI1ODAxLTVhMjktNmY2Yy1iZDY1LTgzM2NlMWZjOWViNV9fQXJ0aWNsZQ==&quot;, &quot;event&quot;: &quot;customEventSPE&quot;}\" target=\"_blank\" rel=\"noopener\"><br \/>\n                    Connectez-vous<br \/>\n                <\/a>\n            <\/p>\n","protected":false},"excerpt":{"rendered":"INFOGRAPHIES &#8211; Depuis le d\u00e9but de l\u2019examen du projet de budget 2026 dans l\u2019h\u00e9micycle vendredi 24 octobre, les&hellip;\n","protected":false},"author":2,"featured_media":500799,"comment_status":"","ping_status":"","sticky":false,"template":"","format":"standard","meta":{"footnotes":""},"categories":[6],"tags":[1003,35,33,34,1011,27,2549],"class_list":{"0":"post-500798","1":"post","2":"type-post","3":"status-publish","4":"format-standard","5":"has-post-thumbnail","7":"category-economie","8":"tag-budget","9":"tag-business","10":"tag-economie","11":"tag-economy","12":"tag-fr","13":"tag-france","14":"tag-taxe"},"share_on_mastodon":{"url":"https:\/\/pubeurope.com\/@fr\/115465173667093463","error":""},"_links":{"self":[{"href":"https:\/\/www.europesays.com\/fr\/wp-json\/wp\/v2\/posts\/500798","targetHints":{"allow":["GET"]}}],"collection":[{"href":"https:\/\/www.europesays.com\/fr\/wp-json\/wp\/v2\/posts"}],"about":[{"href":"https:\/\/www.europesays.com\/fr\/wp-json\/wp\/v2\/types\/post"}],"author":[{"embeddable":true,"href":"https:\/\/www.europesays.com\/fr\/wp-json\/wp\/v2\/users\/2"}],"replies":[{"embeddable":true,"href":"https:\/\/www.europesays.com\/fr\/wp-json\/wp\/v2\/comments?post=500798"}],"version-history":[{"count":0,"href":"https:\/\/www.europesays.com\/fr\/wp-json\/wp\/v2\/posts\/500798\/revisions"}],"wp:featuredmedia":[{"embeddable":true,"href":"https:\/\/www.europesays.com\/fr\/wp-json\/wp\/v2\/media\/500799"}],"wp:attachment":[{"href":"https:\/\/www.europesays.com\/fr\/wp-json\/wp\/v2\/media?parent=500798"}],"wp:term":[{"taxonomy":"category","embeddable":true,"href":"https:\/\/www.europesays.com\/fr\/wp-json\/wp\/v2\/categories?post=500798"},{"taxonomy":"post_tag","embeddable":true,"href":"https:\/\/www.europesays.com\/fr\/wp-json\/wp\/v2\/tags?post=500798"}],"curies":[{"name":"wp","href":"https:\/\/api.w.org\/{rel}","templated":true}]}}