{"id":500806,"date":"2025-10-30T21:14:35","date_gmt":"2025-10-30T21:14:35","guid":{"rendered":"https:\/\/www.europesays.com\/fr\/500806\/"},"modified":"2025-10-30T21:14:35","modified_gmt":"2025-10-30T21:14:35","slug":"villars-de-nouvelles-collections-inedites-a-decouvrir-au-musee-jean-marie-somet","status":"publish","type":"post","link":"https:\/\/www.europesays.com\/fr\/500806\/","title":{"rendered":"Villars. De nouvelles collections in\u00e9dites \u00e0 d\u00e9couvrir au mus\u00e9e Jean-Marie-Somet"},"content":{"rendered":"<p>Pour rester attractif, le mus\u00e9e Jean-Marie-Somet est conscient de la n\u00e9cessit\u00e9 de proposer r\u00e9guli\u00e8rement des nouveaut\u00e9s \u00e0 ses potentiels visiteurs. \u00ab\u00a0Si on veut attirer du public et l\u2019inciter \u00e0 revenir, il faut qu\u2019on se renouvelle\u00a0\u00bb, constatent les b\u00e9n\u00e9voles de l\u2019association des Amis du Patrimoine de Villars, en charge de la gestion de la structure.<\/p>\n<p>En 2024, l\u2019accent avait \u00e9t\u00e9 mis sur les anciens commerces de la commune avec la r\u00e9alisation d\u2019un nouveau panneau avec photos. Et au&#8230;<\/p>\n","protected":false},"excerpt":{"rendered":"Pour rester attractif, le mus\u00e9e Jean-Marie-Somet est conscient de la n\u00e9cessit\u00e9 de proposer r\u00e9guli\u00e8rement des nouveaut\u00e9s \u00e0 ses&hellip;\n","protected":false},"author":2,"featured_media":500807,"comment_status":"","ping_status":"","sticky":false,"template":"","format":"standard","meta":{"footnotes":""},"categories":[9653],"tags":[1111,11,2430,1687,7539,1777,674,1011,27,12,25,4001,9664,10246],"class_list":{"0":"post-500806","1":"post","2":"type-post","3":"status-publish","4":"format-standard","5":"has-post-thumbnail","7":"category-saint-etienne","8":"tag-actu","9":"tag-actualites","10":"tag-auvergne-rhone-alpes","11":"tag-culture-loisirs","12":"tag-edition-loire-sud","13":"tag-eu","14":"tag-europe","15":"tag-fr","16":"tag-france","17":"tag-news","18":"tag-republique-francaise","19":"tag-saint-etienne","20":"tag-saint-etienne-bassin","21":"tag-villars"},"share_on_mastodon":{"url":"https:\/\/pubeurope.com\/@fr\/115465189184809562","error":""},"_links":{"self":[{"href":"https:\/\/www.europesays.com\/fr\/wp-json\/wp\/v2\/posts\/500806","targetHints":{"allow":["GET"]}}],"collection":[{"href":"https:\/\/www.europesays.com\/fr\/wp-json\/wp\/v2\/posts"}],"about":[{"href":"https:\/\/www.europesays.com\/fr\/wp-json\/wp\/v2\/types\/post"}],"author":[{"embeddable":true,"href":"https:\/\/www.europesays.com\/fr\/wp-json\/wp\/v2\/users\/2"}],"replies":[{"embeddable":true,"href":"https:\/\/www.europesays.com\/fr\/wp-json\/wp\/v2\/comments?post=500806"}],"version-history":[{"count":0,"href":"https:\/\/www.europesays.com\/fr\/wp-json\/wp\/v2\/posts\/500806\/revisions"}],"wp:featuredmedia":[{"embeddable":true,"href":"https:\/\/www.europesays.com\/fr\/wp-json\/wp\/v2\/media\/500807"}],"wp:attachment":[{"href":"https:\/\/www.europesays.com\/fr\/wp-json\/wp\/v2\/media?parent=500806"}],"wp:term":[{"taxonomy":"category","embeddable":true,"href":"https:\/\/www.europesays.com\/fr\/wp-json\/wp\/v2\/categories?post=500806"},{"taxonomy":"post_tag","embeddable":true,"href":"https:\/\/www.europesays.com\/fr\/wp-json\/wp\/v2\/tags?post=500806"}],"curies":[{"name":"wp","href":"https:\/\/api.w.org\/{rel}","templated":true}]}}