{"id":500811,"date":"2025-10-30T21:17:25","date_gmt":"2025-10-30T21:17:25","guid":{"rendered":"https:\/\/www.europesays.com\/fr\/500811\/"},"modified":"2025-10-30T21:17:25","modified_gmt":"2025-10-30T21:17:25","slug":"nancy-le-mythique-sous-sol-du-metro-discotheque-emblematique-des-annees-80-renait-avec-la-station-et-un-projet-festif-sur-mesure","status":"publish","type":"post","link":"https:\/\/www.europesays.com\/fr\/500811\/","title":{"rendered":"Nancy. Le mythique sous-sol du M\u00e9tro, discoth\u00e8que embl\u00e9matique des ann\u00e9es 80, rena\u00eet avec La Station et un projet festif sur-mesure"},"content":{"rendered":"<p>Rue du G\u00e9n\u00e9ral-Hoche, \u00e0 trois pas de la place de la Croix-de-Bourgogne, lorsqu\u2019il d\u00e9ambule dans le sous-sol du 1ter, in\u00e9vitablement les souvenirs remontent. \u00ab\u00a0C\u2019est l\u00e0 que tout a commenc\u00e9. Que j\u2019ai fait mes premi\u00e8res rencontres d\u00e9terminantes ayant forg\u00e9 mon parcours.\u00a0\u00bb<\/p>\n<p>L\u00e0, c\u2019est le <a href=\"https:\/\/www.estrepublicain.fr\/insolite\/2023\/06\/15\/savez-vous-que-nancy-a-eu-en-son-temps-son-metro\" target=\"_blank\" rel=\"noopener\">M\u00e9tro<\/a>. Lui, c\u2019est Bertrand Cotic, l\u2019infatigable. En juin\u00a02024, il s\u2019est port\u00e9&#8230;<\/p>\n","protected":false},"excerpt":{"rendered":"Rue du G\u00e9n\u00e9ral-Hoche, \u00e0 trois pas de la place de la Croix-de-Bourgogne, lorsqu\u2019il d\u00e9ambule dans le sous-sol du&hellip;\n","protected":false},"author":2,"featured_media":500812,"comment_status":"","ping_status":"","sticky":false,"template":"","format":"standard","meta":{"footnotes":""},"categories":[9635],"tags":[1111,11,4406,33,1704,1777,674,1011,27,775,1702,1703,12,25],"class_list":{"0":"post-500811","1":"post","2":"type-post","3":"status-publish","4":"format-standard","5":"has-post-thumbnail","7":"category-nancy","8":"tag-actu","9":"tag-actualites","10":"tag-commerce-et-services","11":"tag-economie","12":"tag-edition-nancy-et-agglomeration","13":"tag-eu","14":"tag-europe","15":"tag-fr","16":"tag-france","17":"tag-grand-est","18":"tag-nancy","19":"tag-nancy-ville-54b","20":"tag-news","21":"tag-republique-francaise"},"share_on_mastodon":{"url":"https:\/\/pubeurope.com\/@fr\/115465200901231583","error":""},"_links":{"self":[{"href":"https:\/\/www.europesays.com\/fr\/wp-json\/wp\/v2\/posts\/500811","targetHints":{"allow":["GET"]}}],"collection":[{"href":"https:\/\/www.europesays.com\/fr\/wp-json\/wp\/v2\/posts"}],"about":[{"href":"https:\/\/www.europesays.com\/fr\/wp-json\/wp\/v2\/types\/post"}],"author":[{"embeddable":true,"href":"https:\/\/www.europesays.com\/fr\/wp-json\/wp\/v2\/users\/2"}],"replies":[{"embeddable":true,"href":"https:\/\/www.europesays.com\/fr\/wp-json\/wp\/v2\/comments?post=500811"}],"version-history":[{"count":0,"href":"https:\/\/www.europesays.com\/fr\/wp-json\/wp\/v2\/posts\/500811\/revisions"}],"wp:featuredmedia":[{"embeddable":true,"href":"https:\/\/www.europesays.com\/fr\/wp-json\/wp\/v2\/media\/500812"}],"wp:attachment":[{"href":"https:\/\/www.europesays.com\/fr\/wp-json\/wp\/v2\/media?parent=500811"}],"wp:term":[{"taxonomy":"category","embeddable":true,"href":"https:\/\/www.europesays.com\/fr\/wp-json\/wp\/v2\/categories?post=500811"},{"taxonomy":"post_tag","embeddable":true,"href":"https:\/\/www.europesays.com\/fr\/wp-json\/wp\/v2\/tags?post=500811"}],"curies":[{"name":"wp","href":"https:\/\/api.w.org\/{rel}","templated":true}]}}