{"id":50082,"date":"2025-04-24T20:55:10","date_gmt":"2025-04-24T20:55:10","guid":{"rendered":"https:\/\/www.europesays.com\/fr\/50082\/"},"modified":"2025-04-24T20:55:10","modified_gmt":"2025-04-24T20:55:10","slug":"lorigine-des-incendies-a-suzuka-identifiee-des-changements-a-letude","status":"publish","type":"post","link":"https:\/\/www.europesays.com\/fr\/50082\/","title":{"rendered":"L&rsquo;origine des incendies \u00e0 Suzuka identifi\u00e9e, des changements \u00e0 l&rsquo;\u00e9tude"},"content":{"rendered":"<p>Lors de la r\u00e9union de la Commission F1 de la FIA qui s&rsquo;est tenue ce jeudi \u00e0 Gen\u00e8ve et en visioconf\u00e9rence, les instances et les acteurs du championnat ont notamment abord\u00e9 les incidents survenus tout au long du Grand Prix du Japon, au d\u00e9but du mois.<\/p>\n<p>Lors des deux premi\u00e8res journ\u00e9es d&rsquo;essais \u00e0 Suzuka, les s\u00e9ances ont \u00e9t\u00e9 plusieurs fois interrompues par des d\u00e9buts d&rsquo;incendie au niveau de la pelouse bordant la piste. Les mesures pr\u00e9ventives prises entre le vendredi et le samedi, en tondant le plus ras possible et en humidifiant les zones, n&rsquo;ont pas suffi \u00e0 \u00e9viter d&rsquo;autres feux le lendemain. Le jour de la course a en revanche \u00e9t\u00e9 \u00e9pargn\u00e9, en grande partie gr\u00e2ce \u00e0 la m\u00e9t\u00e9o particuli\u00e8rement humide avant le Grand Prix.<\/p>\n<p>Ce type d&rsquo;incident s&rsquo;est \u00e9galement produit l&rsquo;ann\u00e9e derni\u00e8re en Chine, provoquant exactement les m\u00eames probl\u00e8mes sur le circuit de Shanghai. Apr\u00e8s avoir men\u00e9 une enqu\u00eate approfondie, la cause ne fait d\u00e9sormais plus de doute\u00a0: ce sont bien les \u00e9tincelles provenant des monoplaces qui ont provoqu\u00e9 ces d\u00e9buts d&rsquo;incendie.\u00a0<\/p>\n<p>Par cons\u00e9quent, la F1 envisage de modifier le mat\u00e9riau utilis\u00e9 pour les patins situ\u00e9s sous le plancher des voitures. \u00ab\u00a0Il a \u00e9t\u00e9 convenu d&rsquo;\u00e9tudier l&rsquo;utilisation d&rsquo;un mat\u00e9riau alternatif pour les patins (en acier), ainsi que des traitements \u00e9ventuels sur certains circuits\u00a0\u00bb, a confirm\u00e9 la FIA.<\/p>\n<p>   <img decoding=\"async\" draggable=\"false\" src=\"https:\/\/www.europesays.com\/fr\/wp-content\/uploads\/2025\/04\/nico-hulkenberg-sauber.jpg\" alt=\"Les \u00e9tincelles ont mis le feu \u00e0 Suzuka.\" width=\"1200\" height=\"800\" loading=\"lazy\"\/> <\/p>\n<p class=\"title\">Les \u00e9tincelles ont mis le feu \u00e0 Suzuka.<\/p>\n<p class=\"photographer\">Photo de: Peter Fox &#8211; Getty Images<\/p>\n<p>Par ailleurs, la Commission F1, outre les discussions autour du r\u00e8glement moteur 2026, a abord\u00e9 plusieurs points \u00e0 l&rsquo;importance moindre, notamment pour ajuster le r\u00e8glement sportif 2025 (sous r\u00e9serve de ratification par le Conseil mondial du Sport automobile de la FIA). Ces ajustements sont les suivants\u00a0:<\/p>\n<ul>\n<li>Les derni\u00e8res modifications n\u00e9cessaires \u00e0 la mise en \u0153uvre de la strat\u00e9gie obligatoire \u00e0 deux arr\u00eats lors du Grand Prix de Monaco\u00a0;<\/li>\n<li>Une mise \u00e0 jour des tol\u00e9rances li\u00e9es au parc ferm\u00e9 dans le cas o\u00f9 un pilote choisirait de ne pas porter le gilet rafra\u00eechissant\u00a0;<\/li>\n<li>L&rsquo;ajout d&rsquo;un m\u00e9canisme r\u00e9glementaire pour g\u00e9rer les retards de fret lors des \u00e9preuves extra-europ\u00e9ennes, comme cela a \u00e9t\u00e9 le cas pour plusieurs \u00e9quipes lors du r\u00e9cent Grand Prix de Chine\u00a0;<\/li>\n<li>Une modification du r\u00e8glement financier a \u00e9galement \u00e9t\u00e9 approuv\u00e9e concernant l&rsquo;allocation des d\u00e9penses d&rsquo;investissement pour les nouvelles \u00e9curies, cette mesure \u00e9tant n\u00e9cessaire en vue de l&rsquo;arriv\u00e9e de l&rsquo;\u00e9quipe Cadillac en Formule 1 en 2026.<\/li>\n<\/ul>\n<p>Lire aussi :<\/p>\n<p>Dans cet article<\/p>\n<p>Soyez le premier inform\u00e9 et souscrivez aux alertes mails pour recevoir les infos en temps r\u00e9el<\/p>\n<p>    S&rsquo;abonner aux alertes de news<\/p>\n","protected":false},"excerpt":{"rendered":"Lors de la r\u00e9union de la Commission F1 de la FIA qui s&rsquo;est tenue ce jeudi \u00e0 Gen\u00e8ve&hellip;\n","protected":false},"author":2,"featured_media":50083,"comment_status":"","ping_status":"","sticky":false,"template":"","format":"standard","meta":{"footnotes":""},"categories":[1412],"tags":[1451,1452,1453,1454,1455,1011,27,1581,60,1582],"class_list":{"0":"post-50082","1":"post","2":"type-post","3":"status-publish","4":"format-standard","5":"has-post-thumbnail","7":"category-f1","8":"tag-f1","9":"tag-formula-1","10":"tag-formula1","11":"tag-formule-1","12":"tag-formule1","13":"tag-fr","14":"tag-france","15":"tag-gp-du-japon","16":"tag-sports","17":"tag-suzuka"},"share_on_mastodon":{"url":"https:\/\/pubeurope.com\/@fr\/114394937635018460","error":""},"_links":{"self":[{"href":"https:\/\/www.europesays.com\/fr\/wp-json\/wp\/v2\/posts\/50082","targetHints":{"allow":["GET"]}}],"collection":[{"href":"https:\/\/www.europesays.com\/fr\/wp-json\/wp\/v2\/posts"}],"about":[{"href":"https:\/\/www.europesays.com\/fr\/wp-json\/wp\/v2\/types\/post"}],"author":[{"embeddable":true,"href":"https:\/\/www.europesays.com\/fr\/wp-json\/wp\/v2\/users\/2"}],"replies":[{"embeddable":true,"href":"https:\/\/www.europesays.com\/fr\/wp-json\/wp\/v2\/comments?post=50082"}],"version-history":[{"count":0,"href":"https:\/\/www.europesays.com\/fr\/wp-json\/wp\/v2\/posts\/50082\/revisions"}],"wp:featuredmedia":[{"embeddable":true,"href":"https:\/\/www.europesays.com\/fr\/wp-json\/wp\/v2\/media\/50083"}],"wp:attachment":[{"href":"https:\/\/www.europesays.com\/fr\/wp-json\/wp\/v2\/media?parent=50082"}],"wp:term":[{"taxonomy":"category","embeddable":true,"href":"https:\/\/www.europesays.com\/fr\/wp-json\/wp\/v2\/categories?post=50082"},{"taxonomy":"post_tag","embeddable":true,"href":"https:\/\/www.europesays.com\/fr\/wp-json\/wp\/v2\/tags?post=50082"}],"curies":[{"name":"wp","href":"https:\/\/api.w.org\/{rel}","templated":true}]}}