{"id":500820,"date":"2025-10-30T21:25:11","date_gmt":"2025-10-30T21:25:11","guid":{"rendered":"https:\/\/www.europesays.com\/fr\/500820\/"},"modified":"2025-10-30T21:25:11","modified_gmt":"2025-10-30T21:25:11","slug":"qui-est-sebastien-martin-nouveau-ministre-delegue-a-lindustrie","status":"publish","type":"post","link":"https:\/\/www.europesays.com\/fr\/500820\/","title":{"rendered":"qui est S\u00e9bastien Martin, nouveau ministre d\u00e9l\u00e9gu\u00e9 \u00e0 l\u2019Industrie\u00a0?"},"content":{"rendered":"<p>Dipl\u00f4m\u00e9 de l\u2019Institut d\u2019\u00e9tudes politiques de Grenoble (promotion 1999), <a href=\"https:\/\/www.ledauphine.com\/p\/sebastien-martin\" target=\"_blank\" rel=\"noopener\">S\u00e9bastien Martin<\/a>, 47 ans, a \u00e9t\u00e9 nomm\u00e9 le 12 octobre dernier ministre d\u00e9l\u00e9gu\u00e9 \u00e0 l\u2019Industrie dans le gouvernement Lecornu 2. D\u00e9put\u00e9 Les R\u00e9publicains de Sa\u00f4ne-et-Loire depuis mai 2025 et pr\u00e9sident du Grand Chalon depuis 2014, il est consid\u00e9r\u00e9 comme un homme de terrain, pragmatique, au fait des r\u00e9alit\u00e9s locales et industrielles.<\/p>\n<p>S\u00e9bastien Martin s\u2019est fait remarquer au niveau national pour ses positions en faveur d\u2019une d\u00e9centralisation renforc\u00e9e et d\u2019une gestion locale du dispositif MaPrimeR\u00e9nov\u2019. \u00c0 l\u2019automne 2024, il avait aussi d\u00e9nonc\u00e9 les restrictions budg\u00e9taires impos\u00e9es aux collectivit\u00e9s, qu\u2019il jugeait \u00ab incompatibles avec toute politique d\u2019investissement durable \u00bb.<\/p>\n<p>Pour son premier d\u00e9placement minist\u00e9riel, le nouveau ministre a choisi de se rendre sur la plateforme chimique Weurope dans le Haut-Rhin, un site strat\u00e9gique o\u00f9 BASF, via Alsachimie, d\u00e9veloppe sa production mondiale de nylon 6.6. Un choix hautement symbolique, destin\u00e9 \u00e0 marquer sa volont\u00e9 de \u00ab refaire de l\u2019Europe une grande usine \u00bb et de soutenir la r\u00e9industrialisation dans les territoires. D\u2019apr\u00e8s nos informations, l\u2019ancien \u00e9l\u00e8ve de Sciences Po Grenoble garderait un \u0153il attentif sur la situation is\u00e9roise, en particulier sur celle de la plateforme chimique du Pont-de-Claix.<\/p>\n","protected":false},"excerpt":{"rendered":"Dipl\u00f4m\u00e9 de l\u2019Institut d\u2019\u00e9tudes politiques de Grenoble (promotion 1999), S\u00e9bastien Martin, 47 ans, a \u00e9t\u00e9 nomm\u00e9 le 12&hellip;\n","protected":false},"author":2,"featured_media":500821,"comment_status":"","ping_status":"","sticky":false,"template":"","format":"standard","meta":{"footnotes":""},"categories":[9566],"tags":[1111,11,2430,112,1777,674,107,1011,27,329,2731,2732,108,12,316,25,273],"class_list":{"0":"post-500820","1":"post","2":"type-post","3":"status-publish","4":"format-standard","5":"has-post-thumbnail","7":"category-grenoble","8":"tag-actu","9":"tag-actualites","10":"tag-auvergne-rhone-alpes","11":"tag-edition-grenoble-agglomeration","12":"tag-eu","13":"tag-europe","14":"tag-fil-info","15":"tag-fr","16":"tag-france","17":"tag-france-monde","18":"tag-grenoble","19":"tag-grenoble-bassin","20":"tag-isere","21":"tag-news","22":"tag-politique","23":"tag-republique-francaise","24":"tag-selection-de-la-redaction"},"share_on_mastodon":{"url":"https:\/\/pubeurope.com\/@fr\/115465232264487198","error":""},"_links":{"self":[{"href":"https:\/\/www.europesays.com\/fr\/wp-json\/wp\/v2\/posts\/500820","targetHints":{"allow":["GET"]}}],"collection":[{"href":"https:\/\/www.europesays.com\/fr\/wp-json\/wp\/v2\/posts"}],"about":[{"href":"https:\/\/www.europesays.com\/fr\/wp-json\/wp\/v2\/types\/post"}],"author":[{"embeddable":true,"href":"https:\/\/www.europesays.com\/fr\/wp-json\/wp\/v2\/users\/2"}],"replies":[{"embeddable":true,"href":"https:\/\/www.europesays.com\/fr\/wp-json\/wp\/v2\/comments?post=500820"}],"version-history":[{"count":0,"href":"https:\/\/www.europesays.com\/fr\/wp-json\/wp\/v2\/posts\/500820\/revisions"}],"wp:featuredmedia":[{"embeddable":true,"href":"https:\/\/www.europesays.com\/fr\/wp-json\/wp\/v2\/media\/500821"}],"wp:attachment":[{"href":"https:\/\/www.europesays.com\/fr\/wp-json\/wp\/v2\/media?parent=500820"}],"wp:term":[{"taxonomy":"category","embeddable":true,"href":"https:\/\/www.europesays.com\/fr\/wp-json\/wp\/v2\/categories?post=500820"},{"taxonomy":"post_tag","embeddable":true,"href":"https:\/\/www.europesays.com\/fr\/wp-json\/wp\/v2\/tags?post=500820"}],"curies":[{"name":"wp","href":"https:\/\/api.w.org\/{rel}","templated":true}]}}