{"id":500824,"date":"2025-10-30T21:27:43","date_gmt":"2025-10-30T21:27:43","guid":{"rendered":"https:\/\/www.europesays.com\/fr\/500824\/"},"modified":"2025-10-30T21:27:43","modified_gmt":"2025-10-30T21:27:43","slug":"des-feux-de-voitures-senchainent-en-soiree-dans-cette-commune-du-sud-de-rennes","status":"publish","type":"post","link":"https:\/\/www.europesays.com\/fr\/500824\/","title":{"rendered":"Des feux de voitures s\u2019encha\u00eenent en soir\u00e9e dans cette commune du sud de Rennes"},"content":{"rendered":"<p>Mardi 28\u00a0octobre 2025, les pompiers ont \u00e9t\u00e9 appel\u00e9s pour deux incendies sur la voie publique dans la <a href=\"https:\/\/rennes.maville.com\/bretagne\/ille-et-vilaine\/bain-de-bretagne\/\" target=\"_blank\" rel=\"noopener\">commune de Bain-de-Bretagne<\/a>. La premi\u00e8re fois \u00e0 22\u00a0h\u00a045, un habitant de La Croix-Blanche d\u00e9couvre son v\u00e9hicule en proie aux flammes devant son domicile. D\u00e9j\u00e0 bien amorc\u00e9, le propri\u00e9taire n\u2019arrivera pas \u00e0 le contenir avant l\u2019arriv\u00e9e des pompiers.<\/p>\n<p><strong>Lire aussi : <\/strong> <a href=\"https:\/\/rennes.maville.com\/actu\/actudet_-un-incendie-brule-le-garage-d-une-longere-pres-de-bain-de-bretagne-_7-7033410_actu.Htm\" target=\"_blank\" rel=\"noopener\">Un incendie br\u00fble le garage d\u2019une long\u00e8re pr\u00e8s de Bain-de-Bretagne<\/a><\/p>\n<p>Un second feu se propage<\/p>\n<p>Une heure plus tard, nouvelle alerte. En centre-ville, cette fois, rue du Pav\u00e9 qui longe l\u2019\u00e9glise. C\u2019est encore une voiture qui est en feu. Il a le temps de se propager \u00e0 un autre v\u00e9hicule parqu\u00e9 \u00e0 c\u00f4t\u00e9 mais aussi aux volets d\u2019une habitation. Les feux n\u2019ont pas fait de bless\u00e9s.<\/p>\n<p>Une enqu\u00eate est ouverte par la gendarmerie sur cet encha\u00eenement qui questionne.<\/p>\n<p>\u00a0<\/p>\n","protected":false},"excerpt":{"rendered":"Mardi 28\u00a0octobre 2025, les pompiers ont \u00e9t\u00e9 appel\u00e9s pour deux incendies sur la voie publique dans la commune&hellip;\n","protected":false},"author":2,"featured_media":500825,"comment_status":"","ping_status":"","sticky":false,"template":"","format":"standard","meta":{"footnotes":""},"categories":[2821],"tags":[1111,11,829,7052,58307,1777,674,18844,1011,27,12,584,25,3728,953,7053,3888],"class_list":{"0":"post-500824","1":"post","2":"type-post","3":"status-publish","4":"format-standard","5":"has-post-thumbnail","7":"category-rennes","8":"tag-actu","9":"tag-actualites","10":"tag-bretagne","11":"tag-commune","12":"tag-enchainent","13":"tag-eu","14":"tag-europe","15":"tag-feux","16":"tag-fr","17":"tag-france","18":"tag-news","19":"tag-rennes","20":"tag-republique-francaise","21":"tag-saint-malo","22":"tag-soiree","23":"tag-sud","24":"tag-voitures"},"share_on_mastodon":{"url":"https:\/\/pubeurope.com\/@fr\/115465240252736608","error":""},"_links":{"self":[{"href":"https:\/\/www.europesays.com\/fr\/wp-json\/wp\/v2\/posts\/500824","targetHints":{"allow":["GET"]}}],"collection":[{"href":"https:\/\/www.europesays.com\/fr\/wp-json\/wp\/v2\/posts"}],"about":[{"href":"https:\/\/www.europesays.com\/fr\/wp-json\/wp\/v2\/types\/post"}],"author":[{"embeddable":true,"href":"https:\/\/www.europesays.com\/fr\/wp-json\/wp\/v2\/users\/2"}],"replies":[{"embeddable":true,"href":"https:\/\/www.europesays.com\/fr\/wp-json\/wp\/v2\/comments?post=500824"}],"version-history":[{"count":0,"href":"https:\/\/www.europesays.com\/fr\/wp-json\/wp\/v2\/posts\/500824\/revisions"}],"wp:featuredmedia":[{"embeddable":true,"href":"https:\/\/www.europesays.com\/fr\/wp-json\/wp\/v2\/media\/500825"}],"wp:attachment":[{"href":"https:\/\/www.europesays.com\/fr\/wp-json\/wp\/v2\/media?parent=500824"}],"wp:term":[{"taxonomy":"category","embeddable":true,"href":"https:\/\/www.europesays.com\/fr\/wp-json\/wp\/v2\/categories?post=500824"},{"taxonomy":"post_tag","embeddable":true,"href":"https:\/\/www.europesays.com\/fr\/wp-json\/wp\/v2\/tags?post=500824"}],"curies":[{"name":"wp","href":"https:\/\/api.w.org\/{rel}","templated":true}]}}