{"id":500828,"date":"2025-10-30T21:31:05","date_gmt":"2025-10-30T21:31:05","guid":{"rendered":"https:\/\/www.europesays.com\/fr\/500828\/"},"modified":"2025-10-30T21:31:05","modified_gmt":"2025-10-30T21:31:05","slug":"a-strasbourg-il-a-passe-une-nuit-au-chateau-musee-vodou","status":"publish","type":"post","link":"https:\/\/www.europesays.com\/fr\/500828\/","title":{"rendered":"\u00e0 Strasbourg, il a pass\u00e9 une nuit au Ch\u00e2teau mus\u00e9e Vodou !"},"content":{"rendered":"<p>    <img loading=\"lazy\" width=\"1800\" height=\"900\" src=\"https:\/\/www.europesays.com\/fr\/wp-content\/uploads\/2025\/08\/jeanne-callthepolice.jpg\" class=\"attachment-full size-full\" alt=\"\" id=\"imageLove\" decoding=\"async\"  \/><\/p>\n<p id=\"breadcrumbs\"><a href=\"https:\/\/pokaa.fr\/\" target=\"_blank\" rel=\"noopener\">Accueil<\/a> \/ <a href=\"https:\/\/pokaa.fr\/categories\/strasbourg\/\" target=\"_blank\" rel=\"noopener\">Strasbourg<\/a> \/ Insolite et forces invisibles : \u00e0 Strasbourg, il a pass\u00e9 une nuit au Ch\u00e2teau mus\u00e9e Vodou !<\/p>\n<p>                    Strasbourg<\/p>\n<p><strong>Intrigu\u00e9 par la plus grande collection d\u2019objets vodous ouest-africains au monde (rien que \u00e7a !) qui se trouve \u00e0 Strasbourg, le youtubeur <a href=\"https:\/\/www.youtube.com\/@legrandjd\" target=\"_blank\" rel=\"noopener\">Le Grand JD<\/a>, aka Julien Donz\u00e9, est all\u00e9 au Ch\u00e2teau mus\u00e9e Vodou. Au programme : d\u00e9couverte des diff\u00e9rents objets magiques et pyjama party avec les diff\u00e9rentes divinit\u00e9s ou revenant(e)s. Il nous raconte son exp\u00e9rience en vid\u00e9o : que se passe-t-il la nuit dans ce myst\u00e9rieux lieu ?<\/strong><\/p>\n<p>La cha\u00eene du <strong>Grand JD<\/strong>, ce sont des reportages sur le terrain, de la guerre en Irak \u00e0 Fukushima, mais aussi et surtout, <strong>des explorations sur le th\u00e8me du paranormal.<\/strong> Son dada\u00a0? <strong>Se balader dans des lieux suppos\u00e9ment hant\u00e9s, o\u00f9 il passe la nuit.<\/strong><\/p>\n<p><strong>C\u2019est \u00e0 Strasbourg qu\u2019il a pos\u00e9 sa cam\u00e9ra<\/strong> le temps de quelques heures dans les t\u00e9n\u00e8bres, <strong>pour d\u00e9couvrir le mus\u00e9e Ch\u00e2teau Vodou.<\/strong> Petit point pour bien comprendre\u00a0: <strong>on ne parle pas du clich\u00e9 des poup\u00e9es dans lesquelles on plante des aiguilles, mais bien d\u2019un culte animiste issu de l\u2019Afrique de l\u2019Ouest. <\/strong><\/p>\n<p>                <a href=\"https:\/\/pokaa.fr\/2015\/02\/19\/chateau-vodou-rendez-vous-avec-linvisible\/\" target=\"_blank\" rel=\"noopener\"><br \/>\n                    <img width=\"405\" height=\"270\" src=\"https:\/\/www.europesays.com\/fr\/wp-content\/uploads\/2025\/10\/IMG_0835.jpg\" class=\"attachment-card-horizontal--same-subject size-card-horizontal--same-subject wp-post-image\" alt=\"mus\u00e9e vodou\" decoding=\"async\" loading=\"lazy\"  \/>                <\/a><\/p>\n<p>                <img width=\"750\" height=\"500\" src=\"https:\/\/www.europesays.com\/fr\/wp-content\/uploads\/2025\/10\/IMG_0856.jpg\" class=\"attachment-gallery size-gallery\" alt=\"mus\u00e9e vodou\" data-full-url=\"https:\/\/www.europesays.com\/fr\/wp-content\/uploads\/2025\/10\/IMG_0856.jpg\" decoding=\"async\" loading=\"lazy\"  \/>            <\/p>\n<p>                <img width=\"750\" height=\"500\" src=\"https:\/\/www.europesays.com\/fr\/wp-content\/uploads\/2025\/10\/IMG_0827.jpg\" class=\"attachment-gallery size-gallery\" alt=\"mus\u00e9e vodou\" data-full-url=\"https:\/\/www.europesays.com\/fr\/wp-content\/uploads\/2025\/10\/IMG_0827.jpg\" decoding=\"async\" loading=\"lazy\"  \/>            <\/p>\n<p>                <img width=\"750\" height=\"500\" src=\"https:\/\/www.europesays.com\/fr\/wp-content\/uploads\/2025\/10\/IMG_0826.jpg\" class=\"attachment-gallery size-gallery\" alt=\"mus\u00e9e vodou\" data-full-url=\"https:\/\/www.europesays.com\/fr\/wp-content\/uploads\/2025\/10\/IMG_0826.jpg\" decoding=\"async\" loading=\"lazy\"  \/>            <\/p>\n<p>                <img width=\"750\" height=\"500\" src=\"https:\/\/www.europesays.com\/fr\/wp-content\/uploads\/2025\/10\/IMG_0839.jpg\" class=\"attachment-gallery size-gallery\" alt=\"mus\u00e9e vodou\" data-full-url=\"https:\/\/www.europesays.com\/fr\/wp-content\/uploads\/2025\/10\/IMG_0839.jpg\" decoding=\"async\" loading=\"lazy\"  \/>            <\/p>\n<p>                    \u00a9 Vivien Latuner \/ Pokaa<\/p>\n<p>En gros, il s\u2019agit <strong>d\u2019un culte centr\u00e9 sur la puissance de la nature, les forces invisibles, les entit\u00e9s magiques\u2026<\/strong> Bref, un monde surnaturel, avec lequel il est possible d\u2019entrer en contact gr\u00e2ce \u00e0 des objets fabriqu\u00e9s. Dans cette vid\u00e9o, Adeline Beck fait visiter le mus\u00e9e au Grand JD, en lui racontant l\u2019histoire et les fonctions des diff\u00e9rents objets.<\/p>\n<p>Protecteurs, magiques, mais aussi dangereux, comme l\u2019explique l\u2019administratrice du lieu : \u00ab\u00a0<strong>les masques G\u00e8l\u00e8d\u00e8<\/strong>, on a souvent des symboles d\u2019oiseaux dessus, parce qu\u2019on dit que les vieilles femmes se transforment en oiseau la nuit\u00a0\u00bb, \u00ab\u00a0on a une partie d\u00e9di\u00e9e <strong>aux Egunguns\u00a0: ce sont les anc\u00eatres, les morts.<\/strong> On en a peur en Europe [\u2026] parce qu\u2019on consid\u00e8re que ce sont des fant\u00f4mes qui reviennent, mais en Afrique, on reste en contact avec eux\u00a0\u00bb, \u00ab [le costume Zangbeto,] fais gaffe\u00a0: <strong>si tu le touches, tu meurs dans la semaine<\/strong> \u00bb.<\/p>\n<p>                <img width=\"908\" height=\"500\" src=\"https:\/\/www.europesays.com\/fr\/wp-content\/uploads\/2025\/10\/le-grand-jd-musee-vodou-4-908x500.png\" class=\"attachment-gallery size-gallery\" alt=\"Le Grand JD mus\u00e9e vodou (4)\" data-full-url=\"https:\/\/pokaa.fr\/wp-content\/uploads\/2025\/10\/28\/le-grand-jd-musee-vodou-4-1500x826.png\" decoding=\"async\" loading=\"lazy\"  \/>            <\/p>\n<p>                <img width=\"892\" height=\"500\" src=\"https:\/\/www.europesays.com\/fr\/wp-content\/uploads\/2025\/10\/le-grand-jd-musee-vodou-6-892x500.png\" class=\"attachment-gallery size-gallery\" alt=\"Le Grand JD mus\u00e9e vodou (6)\" data-full-url=\"https:\/\/pokaa.fr\/wp-content\/uploads\/2025\/10\/28\/le-grand-jd-musee-vodou-6-1500x841.png\" decoding=\"async\" loading=\"lazy\"  \/>            <\/p>\n<p>                <img width=\"913\" height=\"500\" src=\"https:\/\/www.europesays.com\/fr\/wp-content\/uploads\/2025\/10\/le-grand-jd-musee-vodou-7-913x500.png\" class=\"attachment-gallery size-gallery\" alt=\"Le Grand JD mus\u00e9e vodou (7)\" data-full-url=\"https:\/\/pokaa.fr\/wp-content\/uploads\/2025\/10\/28\/le-grand-jd-musee-vodou-7-1500x821.png\" decoding=\"async\" loading=\"lazy\"  \/>            <\/p>\n<p>                <img width=\"905\" height=\"500\" src=\"https:\/\/www.europesays.com\/fr\/wp-content\/uploads\/2025\/10\/le-grand-jd-musee-vodou-5-905x500.png\" class=\"attachment-gallery size-gallery\" alt=\"Le Grand JD mus\u00e9e vodou (5)\" data-full-url=\"https:\/\/pokaa.fr\/wp-content\/uploads\/2025\/10\/28\/le-grand-jd-musee-vodou-5-1500x829.png\" decoding=\"async\" loading=\"lazy\"  \/>            <\/p>\n<p>                    \u00a9 Le Grand JD \/ Captures d&rsquo;\u00e9cran<\/p>\n<p>    <img width=\"800\" height=\"446\" src=\"https:\/\/www.europesays.com\/fr\/wp-content\/uploads\/2025\/10\/le-grand-jd-musee-vodou-2-800x446.png\" class=\"attachment-image-size-L size-image-size-L\" alt=\"Le Grand JD mus\u00e9e vodou (2)\" decoding=\"async\" loading=\"lazy\"  \/>         \u00a9 Le Grand JD \/ Capture d&rsquo;\u00e9cran <\/p>\n<p>Seul dans le mus\u00e9e, pendant la nuit !<\/p>\n<p>De quoi pr\u00e9sager une nuit pleine de surprises et de rencontres. <strong>Seul \u00e0 partir de 22h, le Grand JD nous montre le mus\u00e9e dans une atmosph\u00e8re compl\u00e8tement diff\u00e9rente,<\/strong> avec un petit c\u00f4t\u00e9 \u00ab\u00a0Nuit au mus\u00e9e\u00a0\u00bb. Il rend visite aux diff\u00e9rentes figurines, cr\u00e2nes, ou autels mortuaires.<\/p>\n<p><strong>Avec quoi\/qui va-t-il passer la nuit ? Aux c\u00f4t\u00e9s de l\u2019intimidant Zangbeto ? Aux pieds de K\u00e9l\u00e9ssi, vodou f\u00e9minin col\u00e9rique qui prot\u00e8ge le mus\u00e9e ?<\/strong> Va-t-il ressortir de l\u00e0 envo\u00fbt\u00e9\u00a0?<\/p>\n<p>                <img width=\"903\" height=\"500\" src=\"https:\/\/www.europesays.com\/fr\/wp-content\/uploads\/2025\/10\/le-grand-jd-musee-chateau-vodou-903x500.png\" class=\"attachment-gallery size-gallery\" alt=\"Le grand jd mus\u00e9e ch\u00e2teau vodou\" data-full-url=\"https:\/\/pokaa.fr\/wp-content\/uploads\/2025\/10\/28\/le-grand-jd-musee-chateau-vodou-1500x830.png\" decoding=\"async\" loading=\"lazy\"  \/>            <\/p>\n<p>                <img width=\"903\" height=\"500\" src=\"https:\/\/www.europesays.com\/fr\/wp-content\/uploads\/2025\/10\/le-grand-jd-musee-vodou-9-903x500.png\" class=\"attachment-gallery size-gallery\" alt=\"Le Grand JD mus\u00e9e vodou (9)\" data-full-url=\"https:\/\/pokaa.fr\/wp-content\/uploads\/2025\/10\/28\/le-grand-jd-musee-vodou-9-1500x830.png\" decoding=\"async\" loading=\"lazy\"  \/>            <\/p>\n<p>                <img width=\"916\" height=\"500\" src=\"https:\/\/www.europesays.com\/fr\/wp-content\/uploads\/2025\/10\/le-grand-jd-musee-vodou-8-916x500.png\" class=\"attachment-gallery size-gallery\" alt=\"Le Grand JD mus\u00e9e vodou (8)\" data-full-url=\"https:\/\/pokaa.fr\/wp-content\/uploads\/2025\/10\/28\/le-grand-jd-musee-vodou-8-1500x819.png\" decoding=\"async\" loading=\"lazy\"  \/>            <\/p>\n<p>                    1. K\u00e9l\u00e9ssi, 2. Zangbeto. \u00a9 Le Grand JD \/ Captures d&rsquo;\u00e9cran<\/p>\n<p>    <img width=\"800\" height=\"441\" src=\"https:\/\/www.europesays.com\/fr\/wp-content\/uploads\/2025\/10\/le-grand-jd-musee-vodou-1-800x441.png\" class=\"attachment-image-size-L size-image-size-L\" alt=\"Le Grand JD mus\u00e9e vodou (1)\" decoding=\"async\" loading=\"lazy\"  \/>         \u00a9 Le Grand JD \/ Capture d&rsquo;\u00e9cran <\/p>\n<p><strong>On vous laisse d\u00e9couvrir la vid\u00e9o, <\/strong>et si une exp\u00e9rience similaire vous int\u00e9resse, sachez que <strong>le mus\u00e9e organise r\u00e9guli\u00e8rement des visites nocturnes \u00e0 la lampe torche.<\/strong> Pour se tenir au courant des \u00e9v\u00e9nements, c\u2019est <strong><a href=\"https:\/\/www.chateau-vodou.com\/evenements\/\" target=\"_blank\" rel=\"noopener\">par l\u00e0<\/a>\u00a0!<\/strong><\/p><\/p>\n","protected":false},"excerpt":{"rendered":"Accueil \/ Strasbourg \/ Insolite et forces invisibles : \u00e0 Strasbourg, il a pass\u00e9 une nuit au Ch\u00e2teau&hellip;\n","protected":false},"author":2,"featured_media":500829,"comment_status":"","ping_status":"","sticky":false,"template":"","format":"standard","meta":{"footnotes":""},"categories":[2820],"tags":[1111,11,1777,674,1011,27,775,62291,62292,12,22641,62293,25,640,58524],"class_list":{"0":"post-500828","1":"post","2":"type-post","3":"status-publish","4":"format-standard","5":"has-post-thumbnail","7":"category-strasbourg","8":"tag-actu","9":"tag-actualites","10":"tag-eu","11":"tag-europe","12":"tag-fr","13":"tag-france","14":"tag-grand-est","15":"tag-le-grand-jd","16":"tag-musee-vodou","17":"tag-news","18":"tag-nuit-au-musee","19":"tag-paranormal","20":"tag-republique-francaise","21":"tag-strasbourg","22":"tag-strasbourg-actualite"},"share_on_mastodon":{"url":"https:\/\/pubeurope.com\/@fr\/115465257520185396","error":""},"_links":{"self":[{"href":"https:\/\/www.europesays.com\/fr\/wp-json\/wp\/v2\/posts\/500828","targetHints":{"allow":["GET"]}}],"collection":[{"href":"https:\/\/www.europesays.com\/fr\/wp-json\/wp\/v2\/posts"}],"about":[{"href":"https:\/\/www.europesays.com\/fr\/wp-json\/wp\/v2\/types\/post"}],"author":[{"embeddable":true,"href":"https:\/\/www.europesays.com\/fr\/wp-json\/wp\/v2\/users\/2"}],"replies":[{"embeddable":true,"href":"https:\/\/www.europesays.com\/fr\/wp-json\/wp\/v2\/comments?post=500828"}],"version-history":[{"count":0,"href":"https:\/\/www.europesays.com\/fr\/wp-json\/wp\/v2\/posts\/500828\/revisions"}],"wp:featuredmedia":[{"embeddable":true,"href":"https:\/\/www.europesays.com\/fr\/wp-json\/wp\/v2\/media\/500829"}],"wp:attachment":[{"href":"https:\/\/www.europesays.com\/fr\/wp-json\/wp\/v2\/media?parent=500828"}],"wp:term":[{"taxonomy":"category","embeddable":true,"href":"https:\/\/www.europesays.com\/fr\/wp-json\/wp\/v2\/categories?post=500828"},{"taxonomy":"post_tag","embeddable":true,"href":"https:\/\/www.europesays.com\/fr\/wp-json\/wp\/v2\/tags?post=500828"}],"curies":[{"name":"wp","href":"https:\/\/api.w.org\/{rel}","templated":true}]}}