{"id":500852,"date":"2025-10-30T21:44:13","date_gmt":"2025-10-30T21:44:13","guid":{"rendered":"https:\/\/www.europesays.com\/fr\/500852\/"},"modified":"2025-10-30T21:44:13","modified_gmt":"2025-10-30T21:44:13","slug":"un-spectacle-son-et-lumiere-sur-la-moldau-de-smetana-au-palais-de-la-bourse-a-marseille","status":"publish","type":"post","link":"https:\/\/www.europesays.com\/fr\/500852\/","title":{"rendered":"un spectacle son et lumi\u00e8re sur \u00ab\u00a0La Moldau\u00a0\u00bb de Smetana au Palais de la Bourse \u00e0 Marseille"},"content":{"rendered":"<p>Du vert pour incarner la v\u00e9g\u00e9tation, du bleu pour repr\u00e9senter l\u2019eau qui coule\u2026 Des formes et des lumi\u00e8res projet\u00e9es sur tous les murs du Palais de la Bourse au son de La Moldau de Smetana, revisit\u00e9e pour accompagner ce<strong> spectacle immersif<\/strong>. Installez-vous confortablement sur les poufs et laissez-vous emporter pour un voyage musical et visuel, court, mais intense.<\/p>\n<p>Apr\u00e8s <a href=\"https:\/\/www.laprovence.com\/article\/sortie-loisirs\/22676576491325\/genesis-au-palais-de-la-bourse-mais-dou-vient-cette-mode-des-expositions-immersives\" target=\"_blank\" rel=\"noopener\">Genesis<\/a> et Enlightment, c\u2019est un tout nouveau spectacle de son et lumi\u00e8re baptis\u00e9 Flow qui est propos\u00e9 au Palais de la Bourse \u00e0 Marseille jusqu\u2019au d\u00e9but du mois de janvier. En collaboration avec l\u2019orchestre philharmonique de Prague, Flow revisite La Moldau, chef-d\u2019\u0153uvre de la musique classique, qui rend hommage \u00e0 la rivi\u00e8re \u00e9ponyme. \u00ab\u00a0\u00c0 travers ces projections de son et lumi\u00e8re, on vient d\u00e9crire l\u2019histoire de ce cours d\u2019eau, retracer tous les paysages qu\u2019il traverse. Tout cela en sublimant les d\u00e9tails architecturaux du Palais de la Bourse pour le mettre au centre de l\u2019exp\u00e9rience\u00a0\u00bb, confie Romain Iteney, chef de projet chez <a href=\"https:\/\/www.laprovence.com\/article\/sortie-loisirs\/51519405005883\/paint-in-the-dark-des-ateliers-de-peinture-festifs-et-branches-aux-docks-de-marseille\" target=\"_blank\" rel=\"noopener\">Fever, la plateforme de divertissement et de loisirs<\/a> qui s\u2019est associ\u00e9e au collectif d\u2019artistes Projektil pour cr\u00e9er ce show.<\/p>\n<p><img alt=\"Au son de l\u2019orchestre philharmonique de Prague, une ode au fleuve La Moldau est projet\u00e9e jusqu\u2019au mois de janvier, au Palais de la Bourse.\" loading=\"lazy\" decoding=\"async\" data-nimg=\"fill\" class=\" TwicCore_img__i9TC1 undefined  undefined\" style=\"position:absolute;height:100%;width:100%;left:0;top:0;right:0;bottom:0;color:transparent;background-size:cover;background-position:50% 50%;background-repeat:no-repeat;background-image:url(&quot;data:image\/svg+xml;charset=utf-8,%3Csvg xmlns='http:\/\/www.w3.org\/2000\/svg' %3E%3Cfilter id='b' color-interpolation-filters='sRGB'%3E%3CfeGaussianBlur stdDeviation='20'\/%3E%3CfeColorMatrix values='1 0 0 0 0 0 1 0 0 0 0 0 1 0 0 0 0 0 100 -1' result='s'\/%3E%3CfeFlood x='0' y='0' width='100%25' height='100%25'\/%3E%3CfeComposite operator='out' in='s'\/%3E%3CfeComposite in2='SourceGraphic'\/%3E%3CfeGaussianBlur stdDeviation='20'\/%3E%3C\/filter%3E%3Cimage width='100%25' height='100%25' x='0' y='0' preserveAspectRatio='none' style='filter: url(%23b);' href='https:\/\/pictures.laprovence.com\/cdn-cgi\/image\/blur=250\/media\/melody\/2025\/10\/30\/au-son-de-l-orchestre-pilharmonique-de-prague-une-ode-au-fleuve-la-moldau-est-projetee-jusqu-au-mois-1761856290_aff6ae23a30965407ae23a3098807av_.jpg'\/%3E%3C\/svg%3E&quot;)\"   src=\"https:\/\/www.europesays.com\/fr\/wp-content\/uploads\/2025\/10\/au-son-de-l-orchestre-pilharmonique-de-prague-une-ode-au-fleuve-la-moldau-est-projetee-jusqu-au-mois.jpeg\"\/>Au son de l\u2019orchestre philharmonique de Prague, une ode au fleuve La Moldau est projet\u00e9e jusqu\u2019au mois de janvier, au Palais de la Bourse. \/ Photo David RossiUne projection \u00e0 360\u00b0 sur les murs et le plafond du Palais de la Bourse<\/p>\n<p>Murs, plafonds et vo\u00fbtes ont \u00e9t\u00e9 scann\u00e9s et mod\u00e9lis\u00e9s en 3D pour faire en sorte que les images, <a href=\"https:\/\/www.laprovence.com\/article\/le-hub\/2245295954394815\/decouvrez-les-secrets-du-palais-de-la-bourse-et-du-port-de-lanse-de-la-reserve-lors-des-journees-du-patrimoine\" target=\"_blank\" rel=\"noopener\">qui recouvrent l\u2019int\u00e9rieur du palais \u00e0 360 degr\u00e9s<\/a>, s\u2019int\u00e8grent avec pr\u00e9cision \u00e0 l\u2019architecture et \u00e0 ses moulures. Quant \u00e0 la musique\u2026 \u00ab\u00a0On a r\u00e9enregistr\u00e9 sp\u00e9cialement la musique classique avec l\u2019orchestre philharmonique de Prague, et on y a ajout\u00e9 des rythmes de musique \u00e9lectronique\u00a0\u00bb, poursuit le jeune homme qui nous embarque pour une trentaine de minutes de f\u00e9erie.<\/p>\n<p>Le voyage commence par un pr\u00e9lude po\u00e9tique, des sonorit\u00e9s cristallines. Comme si l\u2019eau que l\u2019on devine sur tous les murs s\u2019\u00e9veillait doucement. Apr\u00e8s le bleu, le vert s\u2019impose. La nature se devine, et avec elle, la v\u00e9g\u00e9tation et la vie animale, sous-marine, terrestre. Comme pour c\u00e9l\u00e9brer cette nature, un floril\u00e8ge de couleurs recouvre les murs. Des \u00e9ventails en pagaille glorifient la vie sur des rythmes entra\u00eenants. Retour \u00e0 des couleurs plus sombres, \u00e0 des sons plus d\u00e9licats avant d\u2019admirer la force de l\u2019eau qui tourbillonne tout autour de nous. Puis place \u00e0 nouveau \u00e0 la beaut\u00e9 des paysages et villes de la Moldau avant un grand final qui c\u00e9l\u00e8bre la force invincible de la nature. Car oui, c\u2019est bien elle qui est la vedette de ce spectacle qui se regarderait \u00e0 l\u2019infini.<\/p>\n<p>Au Palais de la Bourse 9, La Canebi\u00e8re (1er). Dur\u00e9e\u00a0: 30 minutes. Tarifs\u00a0: 11,90\u20ac, 9,90\u20ac pour les enfants. Gratuit pour les moins de 4\u00a0ans. Repr\u00e9sentations en fin de semaine uniquement. Voir les diff\u00e9rentes dates sur www.feverup.com<\/p>\n","protected":false},"excerpt":{"rendered":"Du vert pour incarner la v\u00e9g\u00e9tation, du bleu pour repr\u00e9senter l\u2019eau qui coule\u2026 Des formes et des lumi\u00e8res&hellip;\n","protected":false},"author":2,"featured_media":500853,"comment_status":"","ping_status":"","sticky":false,"template":"","format":"standard","meta":{"footnotes":""},"categories":[2814],"tags":[17,1111,11,251,1777,674,42694,1011,27,4743,15926,884,62294,12,882,25,3711,3140,3356],"class_list":{"0":"post-500852","1":"post","2":"type-post","3":"status-publish","4":"format-standard","5":"has-post-thumbnail","7":"category-marseille","8":"tag-17","9":"tag-actu","10":"tag-actualites","11":"tag-culture","12":"tag-eu","13":"tag-europe","14":"tag-flow","15":"tag-fr","16":"tag-france","17":"tag-la","18":"tag-lumiere","19":"tag-marseille","20":"tag-moldau","21":"tag-news","22":"tag-provence-alpes-cote-dazur","23":"tag-republique-francaise","24":"tag-son","25":"tag-spectacle","26":"tag-sur"},"share_on_mastodon":{"url":"https:\/\/pubeurope.com\/@fr\/115465307600668011","error":""},"_links":{"self":[{"href":"https:\/\/www.europesays.com\/fr\/wp-json\/wp\/v2\/posts\/500852","targetHints":{"allow":["GET"]}}],"collection":[{"href":"https:\/\/www.europesays.com\/fr\/wp-json\/wp\/v2\/posts"}],"about":[{"href":"https:\/\/www.europesays.com\/fr\/wp-json\/wp\/v2\/types\/post"}],"author":[{"embeddable":true,"href":"https:\/\/www.europesays.com\/fr\/wp-json\/wp\/v2\/users\/2"}],"replies":[{"embeddable":true,"href":"https:\/\/www.europesays.com\/fr\/wp-json\/wp\/v2\/comments?post=500852"}],"version-history":[{"count":0,"href":"https:\/\/www.europesays.com\/fr\/wp-json\/wp\/v2\/posts\/500852\/revisions"}],"wp:featuredmedia":[{"embeddable":true,"href":"https:\/\/www.europesays.com\/fr\/wp-json\/wp\/v2\/media\/500853"}],"wp:attachment":[{"href":"https:\/\/www.europesays.com\/fr\/wp-json\/wp\/v2\/media?parent=500852"}],"wp:term":[{"taxonomy":"category","embeddable":true,"href":"https:\/\/www.europesays.com\/fr\/wp-json\/wp\/v2\/categories?post=500852"},{"taxonomy":"post_tag","embeddable":true,"href":"https:\/\/www.europesays.com\/fr\/wp-json\/wp\/v2\/tags?post=500852"}],"curies":[{"name":"wp","href":"https:\/\/api.w.org\/{rel}","templated":true}]}}