{"id":500854,"date":"2025-10-30T21:45:14","date_gmt":"2025-10-30T21:45:14","guid":{"rendered":"https:\/\/www.europesays.com\/fr\/500854\/"},"modified":"2025-10-30T21:45:14","modified_gmt":"2025-10-30T21:45:14","slug":"assassinat-de-chloe-aldrovandi-un-homme-mis-en-examen-par-la-jirs-de-marseille","status":"publish","type":"post","link":"https:\/\/www.europesays.com\/fr\/500854\/","title":{"rendered":"Assassinat de Chlo\u00e9 Aldrovandi\u00a0: un homme mis en examen par la JIRS de Marseille"},"content":{"rendered":"<p> <img decoding=\"async\" src=\"https:\/\/www.europesays.com\/fr\/wp-content\/uploads\/2025\/10\/1761860713_703_1200x680\" alt=\"illustration agrandir l'image\" style=\"--_image-preview:url('data:image\/jpeg;base64,\/9j\/2wBDACgcHiMeGSgjISMtKygwPGRBPDc3PHtYXUlkkYCZlo+AjIqgtObDoKrarYqMyP\/L2u71\/\/\/\/m8H\/\/\/\/6\/+b9\/\/j\/2wBDASstLTw1PHZBQXb4pYyl+Pj4+Pj4+Pj4+Pj4+Pj4+Pj4+Pj4+Pj4+Pj4+Pj4+Pj4+Pj4+Pj4+Pj4+Pj4+Pj4+Pj\/wAARCAAXACoDASIAAhEBAxEB\/8QAGAAAAwEBAAAAAAAAAAAAAAAAAAECAwX\/xAAXEAEBAQEAAAAAAAAAAAAAAAAAAREC\/8QAFgEBAQEAAAAAAAAAAAAAAAAAAQAC\/8QAFBEBAAAAAAAAAAAAAAAAAAAAAP\/aAAwDAQACEQMRAD8A50isKLkZKcTY1xNiLGwsa2JwhfLSQAI8KwAFNicAIf\/Z');\" loading=\"eager\" fetchpriority=\"high\" aria-hidden=\"true\" class=\"svelte-1pnmlwx rounded\" onload=\"this.__e=event\" onerror=\"this.__e=event\"\/> La police de l&rsquo;identification criminelle recherche des indices sur les lieux de l&rsquo;assassinat de Chlo\u00e9 Aldrovandi, le 15 f\u00e9vrier 2025 \u00a9 Maxppp &#8211; Dum\u00e8 Alfonsi     <\/p>\n<p class=\"g-ici-body-regular-3 info svelte-1c4u67c\">Publi\u00e9 le jeudi 30 octobre 2025 \u00e0 22:13  Mis \u00e0 jour le jeudi 30 octobre 2025 \u00e0 22:21<\/p>\n<ul class=\"SocialNetworks svelte-bt5901\">\n<li class=\"svelte-bt5901\"><\/li>\n<li class=\"svelte-bt5901\"><\/li>\n<li class=\"svelte-bt5901\"><\/li>\n<li class=\"svelte-bt5901\"><\/li>\n<li class=\"svelte-bt5901\"><\/li>\n<\/ul>\n<p class=\"standfirst g-ici-body-bold-1 svelte-ghdik2\">Le parquet de Marseille annonce, ce jeudi soir, la mise en examen d\u2019un homme dans le cadre de l\u2019enqu\u00eate sur l\u2019assassinat de la jeune Chlo\u00e9 Aldrovandi \u00e0 Ponte Leccia le 15 f\u00e9vrier. Il avait \u00e9t\u00e9 interpell\u00e9 lundi 27 octobre en Balagne. Le parquet requiert son placement en d\u00e9tention provisoire.<\/p>\n<p>Une premi\u00e8re mise en examen dans le cadre de l\u2019enqu\u00eate sur l\u2019assassinat de Chlo\u00e9 Aldrovandi, il y a 8 mois, \u00e0 Ponte Leccia. Annon\u00e7ant l\u2019information tard dans la soir\u00e9e de ce jeudi, le parquet de Marseille pr\u00e9cise qu\u2019il est mis en examen des chefs de \u00ab\u00a0recel de bien provenant d\u2019un vol en bande organis\u00e9e\u00a0\u00bb et de \u00ab\u00a0participation \u00e0 une association de malfaiteurs en vue de la pr\u00e9paration d\u2019un crime\u00a0\u00bb.<\/p>\n<p>Selon nos informations, le jeune homme d\u2019une vingtaine d\u2019ann\u00e9es interpell\u00e9 en Balagne est soup\u00e7onn\u00e9 d\u2019\u00eatre impliqu\u00e9 dans le volet de l\u2019enqu\u00eate qui concerne le v\u00e9hicule qui a \u00e9t\u00e9 d\u00e9couvert incendi\u00e9 route de Tralonca peu apr\u00e8s les faits.<\/p>\n<p>\u00c0 lire aussi   <img decoding=\"async\" src=\"https:\/\/www.europesays.com\/fr\/wp-content\/uploads\/2025\/10\/1761860714_562_560x315\" alt=\"Le tribunal judiciaire de Marseille, qui abrite les locaux de la JIRS.\" style=\"--_image-preview:url('data:image\/jpeg;base64,\/9j\/2wBDACgcHiMeGSgjISMtKygwPGRBPDc3PHtYXUlkkYCZlo+AjIqgtObDoKrarYqMyP\/L2u71\/\/\/\/m8H\/\/\/\/6\/+b9\/\/j\/2wBDASstLTw1PHZBQXb4pYyl+Pj4+Pj4+Pj4+Pj4+Pj4+Pj4+Pj4+Pj4+Pj4+Pj4+Pj4+Pj4+Pj4+Pj4+Pj4+Pj4+Pj\/wAARCAAXACoDASIAAhEBAxEB\/8QAFwABAQEBAAAAAAAAAAAAAAAAAAECA\/\/EABcQAQEBAQAAAAAAAAAAAAAAAAABERL\/xAAWAQEBAQAAAAAAAAAAAAAAAAAAAQL\/xAAUEQEAAAAAAAAAAAAAAAAAAAAA\/9oADAMBAAIRAxEAPwDnq65ytRBrRAUFwwVxjcAZbiyAK1IvICv\/2Q==');\" loading=\"lazy\" fetchpriority=\"low\" aria-hidden=\"true\" class=\"svelte-1pnmlwx rounded\" onload=\"this.__e=event\" onerror=\"this.__e=event\"\/>  <\/p>\n<ul class=\"SocialNetworks svelte-bt5901\">\n<li class=\"svelte-bt5901\"><\/li>\n<li class=\"svelte-bt5901\"><\/li>\n<li class=\"svelte-bt5901\"><\/li>\n<li class=\"svelte-bt5901\"><\/li>\n<li class=\"svelte-bt5901\"><\/li>\n<\/ul>\n","protected":false},"excerpt":{"rendered":"La police de l&rsquo;identification criminelle recherche des indices sur les lieux de l&rsquo;assassinat de Chlo\u00e9 Aldrovandi, le 15&hellip;\n","protected":false},"author":2,"featured_media":500855,"comment_status":"","ping_status":"","sticky":false,"template":"","format":"standard","meta":{"footnotes":""},"categories":[2814],"tags":[1111,11,1777,674,1011,27,884,12,882,25],"class_list":{"0":"post-500854","1":"post","2":"type-post","3":"status-publish","4":"format-standard","5":"has-post-thumbnail","7":"category-marseille","8":"tag-actu","9":"tag-actualites","10":"tag-eu","11":"tag-europe","12":"tag-fr","13":"tag-france","14":"tag-marseille","15":"tag-news","16":"tag-provence-alpes-cote-dazur","17":"tag-republique-francaise"},"share_on_mastodon":{"url":"https:\/\/pubeurope.com\/@fr\/115465311060314332","error":""},"_links":{"self":[{"href":"https:\/\/www.europesays.com\/fr\/wp-json\/wp\/v2\/posts\/500854","targetHints":{"allow":["GET"]}}],"collection":[{"href":"https:\/\/www.europesays.com\/fr\/wp-json\/wp\/v2\/posts"}],"about":[{"href":"https:\/\/www.europesays.com\/fr\/wp-json\/wp\/v2\/types\/post"}],"author":[{"embeddable":true,"href":"https:\/\/www.europesays.com\/fr\/wp-json\/wp\/v2\/users\/2"}],"replies":[{"embeddable":true,"href":"https:\/\/www.europesays.com\/fr\/wp-json\/wp\/v2\/comments?post=500854"}],"version-history":[{"count":0,"href":"https:\/\/www.europesays.com\/fr\/wp-json\/wp\/v2\/posts\/500854\/revisions"}],"wp:featuredmedia":[{"embeddable":true,"href":"https:\/\/www.europesays.com\/fr\/wp-json\/wp\/v2\/media\/500855"}],"wp:attachment":[{"href":"https:\/\/www.europesays.com\/fr\/wp-json\/wp\/v2\/media?parent=500854"}],"wp:term":[{"taxonomy":"category","embeddable":true,"href":"https:\/\/www.europesays.com\/fr\/wp-json\/wp\/v2\/categories?post=500854"},{"taxonomy":"post_tag","embeddable":true,"href":"https:\/\/www.europesays.com\/fr\/wp-json\/wp\/v2\/tags?post=500854"}],"curies":[{"name":"wp","href":"https:\/\/api.w.org\/{rel}","templated":true}]}}