{"id":500858,"date":"2025-10-30T21:47:14","date_gmt":"2025-10-30T21:47:14","guid":{"rendered":"https:\/\/www.europesays.com\/fr\/500858\/"},"modified":"2025-10-30T21:47:14","modified_gmt":"2025-10-30T21:47:14","slug":"un-laboratoire-de-metaux-precieux-braque-a-lexplosif-en-pleine-journee","status":"publish","type":"post","link":"https:\/\/www.europesays.com\/fr\/500858\/","title":{"rendered":"un laboratoire de m\u00e9taux pr\u00e9cieux braqu\u00e9 \u00e0 l&rsquo;explosif en pleine journ\u00e9e"},"content":{"rendered":"<p class=\"mb-4 text-lg md:leading-8 break-words\">Un braquage spectaculaire s&rsquo;est d\u00e9roul\u00e9 jeudi sur un site industriel traitant des m\u00e9taux pr\u00e9cieux dans le 7e arrondissement de Lyon.<\/p>\n<p class=\"mb-4 text-lg md:leading-8 break-words\">Le laboratoire Pourquery, situ\u00e9 dans le quartier de Gerland, a \u00e9t\u00e9 attaqu\u00e9 aux alentours de 13 heures 40 par des individus ayant utilis\u00e9 des explosifs, qui sont repartis avec un butin compos\u00e9 de plusieurs lingots.<\/p>\n<p>Les braqueurs pr\u00e9sum\u00e9s interpell\u00e9s rapidement<\/p>\n<p class=\"mb-4 text-lg md:leading-8 break-words\">Le ministre de l&rsquo;Int\u00e9rieur, Laurent Nu\u00f1ez, a indiqu\u00e9 que six hommes ont \u00e9t\u00e9 interpell\u00e9s par la brigade de recherche et d&rsquo;intervention (BRI) \u00ab\u00a0en flagrant d\u00e9lit\u00a0\u00bb.<\/p>\n<p class=\"mb-4 text-lg md:leading-8 break-words\">\u00ab\u00a0Aucun bless\u00e9, butin saisi\u00a0\u00bb, a-t-il \u00e9crit sur son compte X, adressant ses f\u00e9licitations aux forces de l&rsquo;ordre \u00ab\u00a0pour leur prompte intervention\u00a0\u00bb.<\/p>\n<p class=\"mb-4 text-lg md:leading-8 break-words\">Plus t\u00f4t, la pr\u00e9f\u00e8te de la r\u00e9gion Auvergne-Rh\u00f4ne-Alpes avait parl\u00e9 de cinq interpellations.<\/p>\n<p class=\"mb-4 text-lg md:leading-8 break-words\">Elle a ajout\u00e9 que cinq des 28 employ\u00e9s pr\u00e9sents sur place avaient \u00e9t\u00e9 \u00ab\u00a0bless\u00e9s l\u00e9g\u00e8rement\u00a0\u00bb et pris en charge par les sapeurs-pompiers de l&rsquo;agglom\u00e9ration lyonnaise (SDMIS).<\/p>\n<p class=\"mb-4 text-lg md:leading-8 break-words\">Dans <a href=\"https:\/\/www.leprogres.fr\/faits-divers-justice\/2025\/10\/30\/une-explosion-des-homme-avec-de-faux-brassards-un-laboratoire-braque-avec-des-armes-de-guerre\" rel=\"nofollow noopener\" target=\"_blank\" data-ylk=\"slk:des propos rapport\u00e9s par Le Progr\u00e8s;elm:context_link;itc:0;sec:content-canvas\" class=\"link \"><strong>des propos rapport\u00e9s par Le Progr\u00e8s<\/strong><\/a>, des habitants du quartier affirment avoir entendu une forte d\u00e9tonation lors de l&rsquo;attaque.<\/p>\n<p class=\"mb-4 text-lg md:leading-8 break-words\">\u00ab\u00a0[Les suspects] ont fait sauter deux vitres s\u00e9curis\u00e9es du laboratoire. La sc\u00e8ne a dur\u00e9 sept minutes, ils \u00e9taient calmes, porteurs de brassards jaune ou orange. Il y avait plusieurs hommes, peut-\u00eatre trois ou quatre, porteurs de kalashnikov et de faux brassards&#8230; on les a vus charger leur v\u00e9hicule, un petit fourgon avant de fuir\u00a0\u00bb, d\u00e9crit un t\u00e9moin de la sc\u00e8ne.<\/p>\n<p class=\"mb-4 text-lg md:leading-8 break-words\">Une enqu\u00eate a \u00e9t\u00e9 confi\u00e9e \u00e0 la police judiciaire.<\/p>\n<p class=\"mb-4 text-lg md:leading-8 break-words\">Si la composition exacte du butin n&rsquo;a pas encore \u00e9t\u00e9 communiqu\u00e9e, le braquage a eu lieu dans le contexte de la hausse du prix de l&rsquo;or, <a href=\"https:\/\/fr.finance.yahoo.com\/actualites\/prix-lor-atteignent-record-aliment%C3%A9s-124401013.html\" data-ylk=\"slk:qui a atteint un nouveau record;elm:context_link;itc:0;sec:content-canvas;outcm:mb_qualified_link;_E:mb_qualified_link;ct:story;\" class=\"link  yahoo-link\" rel=\"nofollow noopener\" target=\"_blank\"><strong>qui a atteint un nouveau record<\/strong><\/a> \u00e0 la fin du mois de septembre.<\/p>\n<p class=\"mb-4 text-lg md:leading-8 break-words\">Ce m\u00eame laboratoire avait d\u00e9j\u00e0 \u00e9t\u00e9 vis\u00e9 par une tentative de vol \u00e0 main arm\u00e9e en mai dernier. Quatre hommes cagoul\u00e9s et arm\u00e9s avaient alors essay\u00e9, sans succ\u00e8s, de braquer plusieurs employ\u00e9s du laboratoire, avant de battre en retraite.<\/p>\n","protected":false},"excerpt":{"rendered":"Un braquage spectaculaire s&rsquo;est d\u00e9roul\u00e9 jeudi sur un site industriel traitant des m\u00e9taux pr\u00e9cieux dans le 7e arrondissement&hellip;\n","protected":false},"author":2,"featured_media":500859,"comment_status":"","ping_status":"","sticky":false,"template":"","format":"standard","meta":{"footnotes":""},"categories":[1889],"tags":[47358,1111,11,2430,1777,674,1011,27,7141,2428,62295,39901,12,25,62296],"class_list":{"0":"post-500858","1":"post","2":"type-post","3":"status-publish","4":"format-standard","5":"has-post-thumbnail","7":"category-lyon","8":"tag-7e-arrondissement-de-lyon","9":"tag-actu","10":"tag-actualites","11":"tag-auvergne-rhone-alpes","12":"tag-eu","13":"tag-europe","14":"tag-fr","15":"tag-france","16":"tag-laboratoire","17":"tag-lyon","18":"tag-metaux-precieux","19":"tag-ministre-de-linterieur-2","20":"tag-news","21":"tag-republique-francaise","22":"tag-site-industriel"},"share_on_mastodon":{"url":"https:\/\/pubeurope.com\/@fr\/115465318774308335","error":""},"_links":{"self":[{"href":"https:\/\/www.europesays.com\/fr\/wp-json\/wp\/v2\/posts\/500858","targetHints":{"allow":["GET"]}}],"collection":[{"href":"https:\/\/www.europesays.com\/fr\/wp-json\/wp\/v2\/posts"}],"about":[{"href":"https:\/\/www.europesays.com\/fr\/wp-json\/wp\/v2\/types\/post"}],"author":[{"embeddable":true,"href":"https:\/\/www.europesays.com\/fr\/wp-json\/wp\/v2\/users\/2"}],"replies":[{"embeddable":true,"href":"https:\/\/www.europesays.com\/fr\/wp-json\/wp\/v2\/comments?post=500858"}],"version-history":[{"count":0,"href":"https:\/\/www.europesays.com\/fr\/wp-json\/wp\/v2\/posts\/500858\/revisions"}],"wp:featuredmedia":[{"embeddable":true,"href":"https:\/\/www.europesays.com\/fr\/wp-json\/wp\/v2\/media\/500859"}],"wp:attachment":[{"href":"https:\/\/www.europesays.com\/fr\/wp-json\/wp\/v2\/media?parent=500858"}],"wp:term":[{"taxonomy":"category","embeddable":true,"href":"https:\/\/www.europesays.com\/fr\/wp-json\/wp\/v2\/categories?post=500858"},{"taxonomy":"post_tag","embeddable":true,"href":"https:\/\/www.europesays.com\/fr\/wp-json\/wp\/v2\/tags?post=500858"}],"curies":[{"name":"wp","href":"https:\/\/api.w.org\/{rel}","templated":true}]}}