{"id":500872,"date":"2025-10-30T21:57:20","date_gmt":"2025-10-30T21:57:20","guid":{"rendered":"https:\/\/www.europesays.com\/fr\/500872\/"},"modified":"2025-10-30T21:57:20","modified_gmt":"2025-10-30T21:57:20","slug":"royaume-uni-andrew-frere-du-roi-charles-iii-va-perdre-son-titre-de-prince-et-doit-demenager","status":"publish","type":"post","link":"https:\/\/www.europesays.com\/fr\/500872\/","title":{"rendered":"Royaume-Uni: Andrew, fr\u00e8re du roi Charles III, va perdre son titre de prince et doit d\u00e9m\u00e9nager"},"content":{"rendered":"<p class=\"Paragraph_paragraph__nQNQ9 Paragraph_paragraph--default-lg-default__2m2_h articleParagraph\">Le roi Charles III a lanc\u00e9 jeudi \u00abun processus formel\u00bb pour retirer ses \u00abtitres et honneurs\u00bb \u00e0 son fr\u00e8re Andrew, mis en cause pour ses liens avec le d\u00e9funt financier et p\u00e9docriminel am\u00e9ricain Jeffrey Epstein, a annonc\u00e9 le palais de Buckingham dans un communiqu\u00e9.<\/p>\n<p class=\"Paragraph_paragraph__nQNQ9 Paragraph_paragraph--default-lg-default__2m2_h articleParagraph\">\u00abLe prince Andrew sera d\u00e9sormais connu sous le nom d&rsquo;Andrew Mountbatten Windsor\u00bb, ce qui revient \u00e0 lui retirer le titre princier qu&rsquo;il avait acquis \u00e0 la naissance, selon le communiqu\u00e9.<\/p>\n<p><a href=\"https:\/\/www.virgule.lu\/luxembourg\/grandes-duchesses-reines-et-princesses-qui-avait-les-plus-belles-robes-lors-de-l-intronisation\/95494644.html\" class=\"RelatedTeaser_related-teaser__pNEhJ RelatedTeaser_related-teaser--image__dk4DP read-more_withImage__1YJa_\" data-article-id=\"95494644\" rel=\"nofollow noopener\" target=\"_blank\"><\/p>\n<p>Lire aussi :Grandes-Duchesses, reines et princesses: qui avait les plus belles robes lors de l\u2019intronisation?<\/p>\n<p><\/a><\/p>\n<p class=\"Paragraph_paragraph__nQNQ9 Paragraph_paragraph--default-lg-default__2m2_h articleParagraph\">En outre, le prince d\u00e9chu devra quitter sa r\u00e9sidence royale de Royal Lodge, pr\u00e8s de Windsor (40 km \u00e0 l&rsquo;ouest de Londres). \u00abUn avis formel a \u00e9t\u00e9 d\u00e9livr\u00e9 pour (qu&rsquo;il) renonce au bail, et il va d\u00e9m\u00e9nager dans un autre logement priv\u00e9\u00bb, poursuit le communiqu\u00e9.<\/p>\n<p>Sous pression<\/p>\n<p class=\"Paragraph_paragraph__nQNQ9 Paragraph_paragraph--default-lg-default__2m2_h articleParagraph\">Le deuxi\u00e8me fils d&rsquo;Elizabeth II (1926-2022), \u00e2g\u00e9 de 65 ans, install\u00e9 avec son ex-\u00e9pouse Sarah Ferguson dans ce manoir de 30 pi\u00e8ces depuis 2003, ira s&rsquo;installer dans la propri\u00e9t\u00e9 de Sandrigham Estate \u00e0 Norfolk, \u00e0 quelque 180 km au nord-est de Londres, selon l&rsquo;agence Press Association.<\/p>\n<p class=\"Paragraph_paragraph__nQNQ9 Paragraph_paragraph--default-lg-default__2m2_h articleParagraph\">Andrew \u00e9tait sous pression croissante pour quitter cette r\u00e9sidence qui s&rsquo;\u00e9tend sur le domaine royal de Windsor, en particulier depuis la publication la semaine derni\u00e8re des m\u00e9moires posthumes de Virginia Giuffre, principale accusatrice de Jeffrey Epstein.<\/p>\n<p class=\"Paragraph_paragraph__nQNQ9 Paragraph_paragraph--default-lg-default__2m2_h articleParagraph\">La propri\u00e9t\u00e9, o\u00f9 a v\u00e9cu jusqu&rsquo;en 2002 la m\u00e8re de la reine Elizabeth II, comprend une r\u00e9sidence pour le jardinier, six \u00abcottages\u00bb pour les employ\u00e9s et un logement pour les officiers de s\u00e9curit\u00e9 vivant sur place.<\/p>\n","protected":false},"excerpt":{"rendered":"Le roi Charles III a lanc\u00e9 jeudi \u00abun processus formel\u00bb pour retirer ses \u00abtitres et honneurs\u00bb \u00e0 son&hellip;\n","protected":false},"author":2,"featured_media":500873,"comment_status":"","ping_status":"","sticky":false,"template":"","format":"standard","meta":{"footnotes":""},"categories":[1588],"tags":[11,1777,674,12,473,1853,1851,1850,1852],"class_list":{"0":"post-500872","1":"post","2":"type-post","3":"status-publish","4":"format-standard","5":"has-post-thumbnail","7":"category-royaume-uni","8":"tag-actualites","9":"tag-eu","10":"tag-europe","11":"tag-news","12":"tag-royaume-uni","13":"tag-royaume-uni-de-grande-bretagne-et-dirlande-du-nord","14":"tag-uk","15":"tag-united-kingdom","16":"tag-united-kingdom-of-great-britain-and-northern-ireland"},"share_on_mastodon":{"url":"https:\/\/pubeurope.com\/@fr\/115465358149288951","error":""},"_links":{"self":[{"href":"https:\/\/www.europesays.com\/fr\/wp-json\/wp\/v2\/posts\/500872","targetHints":{"allow":["GET"]}}],"collection":[{"href":"https:\/\/www.europesays.com\/fr\/wp-json\/wp\/v2\/posts"}],"about":[{"href":"https:\/\/www.europesays.com\/fr\/wp-json\/wp\/v2\/types\/post"}],"author":[{"embeddable":true,"href":"https:\/\/www.europesays.com\/fr\/wp-json\/wp\/v2\/users\/2"}],"replies":[{"embeddable":true,"href":"https:\/\/www.europesays.com\/fr\/wp-json\/wp\/v2\/comments?post=500872"}],"version-history":[{"count":0,"href":"https:\/\/www.europesays.com\/fr\/wp-json\/wp\/v2\/posts\/500872\/revisions"}],"wp:featuredmedia":[{"embeddable":true,"href":"https:\/\/www.europesays.com\/fr\/wp-json\/wp\/v2\/media\/500873"}],"wp:attachment":[{"href":"https:\/\/www.europesays.com\/fr\/wp-json\/wp\/v2\/media?parent=500872"}],"wp:term":[{"taxonomy":"category","embeddable":true,"href":"https:\/\/www.europesays.com\/fr\/wp-json\/wp\/v2\/categories?post=500872"},{"taxonomy":"post_tag","embeddable":true,"href":"https:\/\/www.europesays.com\/fr\/wp-json\/wp\/v2\/tags?post=500872"}],"curies":[{"name":"wp","href":"https:\/\/api.w.org\/{rel}","templated":true}]}}