{"id":500874,"date":"2025-10-30T21:58:22","date_gmt":"2025-10-30T21:58:22","guid":{"rendered":"https:\/\/www.europesays.com\/fr\/500874\/"},"modified":"2025-10-30T21:58:22","modified_gmt":"2025-10-30T21:58:22","slug":"lafghan-qui-a-poignarde-des-enfants-en-allemagne-a-ete-interne","status":"publish","type":"post","link":"https:\/\/www.europesays.com\/fr\/500874\/","title":{"rendered":"L&rsquo;Afghan qui a poignard\u00e9 des enfants en Allemagne a \u00e9t\u00e9 intern\u00e9"},"content":{"rendered":"<p><img decoding=\"async\" src=\"https:\/\/www.europesays.com\/fr\/wp-content\/uploads\/2025\/10\/2565004524714002.webp\" fetchpriority=\"high\" width=\"6000\" height=\"4000\" alt=\"epa12457295 The defendant Enamullah O. (C) arrives at the start of his trial at the regional court in Aschaffenburg, Germany, 16 October 2025. The Afghan defendant Enamullah O. is accused of killing a ...\" data-image-id=\"2565004524714002\" class=\"watson-snippet__image bg-grey-10 block h-auto w-full \"\/><\/p>\n<p>Enamullah O. a \u00e9t\u00e9 jug\u00e9 p\u00e9nalement irresponsable.Keystone<\/p>\n<p>Un Afghan, qui avait attaqu\u00e9 un groupe d&rsquo;enfants au couteau, tuant l&rsquo;un d&rsquo;entre eux et un adulte \u00e0 Aschaffenbourg en janvier a \u00e9t\u00e9 plac\u00e9 jeudi en internement psychiatrique par le tribunal de cette ville bavaroise.<\/p>\n<p>30.10.2025, 21:5030.10.2025, 21:50<\/p>\n<p>Plus de \u00abInternational\u00bb<\/p>\n<p class=\"watson-snippet__text my-6 text-[16px] lg:text-[18px] leading-normal md:w-3\/5\">En raison de troubles psychiatriques, l&rsquo;accus\u00e9 de 28 ans, d\u00e9sign\u00e9 par la justice comme Enamullah O., est jug\u00e9 comme irresponsable p\u00e9nalement. \u00abIl n&rsquo;y a pas d&rsquo;explication psychologique normale\u00bb \u00e0 son geste, a d\u00e9clar\u00e9 le juge Karsten Krebs, l&rsquo;attribuant \u00e0 une \u00abphase psychotique aigu\u00eb de la schizophr\u00e9nie\u00bb. \u00abLes victimes ont \u00e9t\u00e9 touch\u00e9es au hasard\u00bb, a-t-il ajout\u00e9.<\/p>\n<p class=\"watson-snippet__text my-6 text-[16px] lg:text-[18px] leading-normal md:w-3\/5\">Enamullah O. pourrait rester \u00e0 vie dans un asile psychiatrique, m\u00eame si son internement fera l&rsquo;objet de contr\u00f4les r\u00e9guliers qui pourraient \u00e9ventuellement conduire \u00e0 sa lib\u00e9ration en cas d&rsquo;am\u00e9lioration de sa sant\u00e9 mentale. Aucun mobile politique ou religieux \u00e0 son acte n&rsquo;ont \u00e9t\u00e9 identifi\u00e9s, mais son geste commis le 22 janvier 2025, en pleine campagne \u00e9lectorale, un mois avant les l\u00e9gislatives allemandes, avait durci le d\u00e9bat sur l&rsquo;immigration et fait le jeu de l&rsquo;extr\u00eame droite.<\/p>\n<p class=\"watson-snippet__text my-6 text-[16px] lg:text-[18px] leading-normal md:w-3\/5\">D&rsquo;autant plus qu&rsquo;il \u00e9tait survenu apr\u00e8s une s\u00e9rie d&rsquo;actes meurtriers en Allemagne, dont les auteurs pr\u00e9sum\u00e9s \u00e9taient des \u00e9trangers ou avaient des motivations islamistes. En rendant son verdict, le juge Karsten Krebs a mis les choses au point:<\/p>\n<p>\u00abNous ne nous m\u00ealerons pas aux discussions politiques. Cela n&rsquo;a rien \u00e0 faire dans un proc\u00e8s p\u00e9nal\u00bb<\/p>\n<p>Karsten Krebs, juge<\/p>\n<p class=\"watson-snippet__text my-6 text-[16px] lg:text-[18px] leading-normal md:w-3\/5\">L&rsquo;agression commise par cet Afghan avait aussi mis en lumi\u00e8re les limites du r\u00e8glement europ\u00e9en dit de Dublin, car il aurait d\u00fb \u00eatre expuls\u00e9 d\u00e8s 2023 vers la Bulgarie, son pays d&rsquo;entr\u00e9e dans l&rsquo;Union europ\u00e9enne. Un matin de janvier, Enamullah O. avait attaqu\u00e9 au couteau un groupe d&rsquo;enfants dans un parc d&rsquo;Aschaffenbourg, tuant un gar\u00e7onnet de deux ans d&rsquo;origine marocaine, ainsi qu&rsquo;un Allemand de 41 ans qui voulait leur porter secours. Il avait \u00e9galement bless\u00e9 une fillette de deux ans, d&rsquo;origine syrienne, une \u00e9ducatrice et un autre homme.<\/p>\n<p class=\"watson-snippet__text my-6 text-[16px] lg:text-[18px] leading-normal md:w-3\/5\">(ats\/acu)<\/p>\n<p>Plus d&rsquo;articles sur l&rsquo;Allemagne de Friedrich Merz<\/p>\n","protected":false},"excerpt":{"rendered":"Enamullah O. a \u00e9t\u00e9 jug\u00e9 p\u00e9nalement irresponsable.Keystone Un Afghan, qui avait attaqu\u00e9 un groupe d&rsquo;enfants au couteau, tuant&hellip;\n","protected":false},"author":2,"featured_media":500875,"comment_status":"","ping_status":"","sticky":false,"template":"","format":"standard","meta":{"footnotes":""},"categories":[1587],"tags":[11,672,1804,1805,1803,1777,674,1801,12,1802],"class_list":{"0":"post-500874","1":"post","2":"type-post","3":"status-publish","4":"format-standard","5":"has-post-thumbnail","7":"category-allemagne","8":"tag-actualites","9":"tag-allemagne","10":"tag-bundesrepublik-deutschland","11":"tag-de","12":"tag-deutschland","13":"tag-eu","14":"tag-europe","15":"tag-germany","16":"tag-news","17":"tag-republique-federale-dallemagne"},"share_on_mastodon":{"url":"https:\/\/pubeurope.com\/@fr\/115465363647003982","error":""},"_links":{"self":[{"href":"https:\/\/www.europesays.com\/fr\/wp-json\/wp\/v2\/posts\/500874","targetHints":{"allow":["GET"]}}],"collection":[{"href":"https:\/\/www.europesays.com\/fr\/wp-json\/wp\/v2\/posts"}],"about":[{"href":"https:\/\/www.europesays.com\/fr\/wp-json\/wp\/v2\/types\/post"}],"author":[{"embeddable":true,"href":"https:\/\/www.europesays.com\/fr\/wp-json\/wp\/v2\/users\/2"}],"replies":[{"embeddable":true,"href":"https:\/\/www.europesays.com\/fr\/wp-json\/wp\/v2\/comments?post=500874"}],"version-history":[{"count":0,"href":"https:\/\/www.europesays.com\/fr\/wp-json\/wp\/v2\/posts\/500874\/revisions"}],"wp:featuredmedia":[{"embeddable":true,"href":"https:\/\/www.europesays.com\/fr\/wp-json\/wp\/v2\/media\/500875"}],"wp:attachment":[{"href":"https:\/\/www.europesays.com\/fr\/wp-json\/wp\/v2\/media?parent=500874"}],"wp:term":[{"taxonomy":"category","embeddable":true,"href":"https:\/\/www.europesays.com\/fr\/wp-json\/wp\/v2\/categories?post=500874"},{"taxonomy":"post_tag","embeddable":true,"href":"https:\/\/www.europesays.com\/fr\/wp-json\/wp\/v2\/tags?post=500874"}],"curies":[{"name":"wp","href":"https:\/\/api.w.org\/{rel}","templated":true}]}}