{"id":50088,"date":"2025-04-24T20:58:08","date_gmt":"2025-04-24T20:58:08","guid":{"rendered":"https:\/\/www.europesays.com\/fr\/50088\/"},"modified":"2025-04-24T20:58:08","modified_gmt":"2025-04-24T20:58:08","slug":"jade-leboeuf-forcee-de-quitter-en-urgence-les-traitres-apres-un-deces","status":"publish","type":"post","link":"https:\/\/www.europesays.com\/fr\/50088\/","title":{"rendered":"Jade Leb\u0153uf forc\u00e9e de quitter en urgence \u00ab\u00a0Les Tra\u00eetres\u00a0\u00bb apr\u00e8s un d\u00e9c\u00e8s"},"content":{"rendered":"<p>      R\u00e9sum\u00e9<\/p>\n<p>Dans l&rsquo;\u00e9pisode des \u00ab\u00a0Tra\u00eetres\u00a0\u00bb de ce jeudi 24 avril 2025, les t\u00e9l\u00e9spectateurs ont appris l&rsquo;abandon de Jade Leb\u0153uf. La jeune femme, au moment du tournage, a d\u00fb quitter l&rsquo;aventure suite \u00e0 un d\u00e9c\u00e8s dans la famille de son ex-mari. <\/p>\n<p>        Sommaire<\/p>\n<p>Elle a sauv\u00e9 sa place in extremis la semaine derni\u00e8re lors de la table ronde. Et pourtant, <a href=\"https:\/\/www.public.fr\/jade-leboeuf-taclee-par-son-propre-pere-frank-leboeuf-ca-ma-fait-enormement-de-peine\" target=\"_blank\" rel=\"noopener\">Jade Leb\u0153uf<\/a> <strong>manquait \u00e0 l\u2019appel le lendemain, au petit-d\u00e9jeuner<\/strong>, dans<a href=\"https:\/\/www.public.fr\/les-traitres-m6-deprogramme-lemission-avec-adil-rami-sophie-tapie-et-raquel-garrido\" target=\"_blank\" rel=\"noopener\"> l\u2019\u00e9pisode des <strong>\u00ab\u00a0Tra\u00eetres\u00a0\u00bb<\/strong><\/a> diffus\u00e9 ce jeudi 24 avril 2025 sur M6. Une situation qui a suscit\u00e9 de nombreuses interrogations, notamment du c\u00f4t\u00e9 d\u2019<a href=\"https:\/\/vsd.fr\/73260-le-fait-quon-continue-daduler-un-psychopathe-lena-guillou-furieuse-apres-lannonce-de-la-participation-dadil-rami-a-danse-avec-les-stars\/\" target=\"_blank\" rel=\"noopener\">Adil Rami<\/a> et <a href=\"https:\/\/www.public.fr\/tag\/sophie-tapie\" target=\"_blank\" rel=\"noopener\">Sophie Tapie<\/a>.<\/p>\n<p>En effet, les deux \u00ab\u00a0Tra\u00eetres\u00a0\u00bb n\u2019ont pas compris l\u2019absence de la fille de <a href=\"https:\/\/www.public.fr\/il-y-a-cinq-ans-avec-denitsa-frank-leboeuf-passe-aux-aveux\" target=\"_blank\" rel=\"noopener\">Frank Leb\u0153uf<\/a> alors qu\u2019ils n\u2019avaient banni aucun candidat la veille. Au contraire, ils ont demand\u00e9 <a href=\"https:\/\/www.public.fr\/liane-foly-se-plaint-de-ne-pas-etre-invitee-par-anne-elisabeth-lemoine-son-confrere-jordan-de-luxe-la-fracasse\" target=\"_blank\" rel=\"noopener\">\u00e0 Liane Foly<\/a> de les rejoindre afin de berner tout le monde. Proposition d\u2019ailleurs accept\u00e9e par la principale int\u00e9ress\u00e9e.\u00a0<\/p>\n<p>Jade Leb\u0153uf abandonne les \u00ab\u00a0Tra\u00eetres\u00a0\u00bb en cours de route<\/p>\n<p>Il a finalement fallu l\u2019intervention d\u2019\u00c9ric Antoine pour comprendre la situation. Le pr\u00e9sentateur du programme de M6 a en effet d\u00e9barqu\u00e9 au petit-d\u00e9jeuner pour <strong>informer les candidats de l\u2019abandon de Jade Leb\u0153uf,<\/strong> bien malgr\u00e9 elle. Si l\u2019animateur n\u2019a pas donn\u00e9 les raisons de ce d\u00e9part, la principale int\u00e9ress\u00e9e l\u2019a fait dans les colonnes T\u00e9l\u00e9-Loisirs.<\/p>\n<p>Aupr\u00e8s de nos confr\u00e8res, la fille de Frank Leb\u0153uf a r\u00e9v\u00e9l\u00e9 qu\u2019un <strong>d\u00e9c\u00e8s dans la famille de Steph Rodrigues,<\/strong> p\u00e8re de son enfant, l\u2019avait conduite \u00e0 quitter pr\u00e9cipitamment le tournage. Si elle n\u2019est plus en couple avec l\u2019ancien candidat de <strong>\u00ab\u00a0Secret Story\u00a0\u00bb<\/strong> depuis janvier 2025, en d\u00e9cembre 2024, au moment du tournage, elle coulait encore des jours heureux \u00e0 ses c\u00f4t\u00e9s.<\/p>\n<p>De fait, pour soutenir son compagnon de l\u2019\u00e9poque dans cette difficile \u00e9preuve, elle a pr\u00e9f\u00e9r\u00e9 quitter les <strong>\u00ab\u00a0Tra\u00eetres\u00a0\u00bb<\/strong> pour le rejoindre. \u00ab\u00a0<strong>Il y a eu un d\u00e9c\u00e8s dans la famille de<\/strong>\u00a0<strong>St\u00e9phane\u00a0mon ex-mari<\/strong>. \u00c0 ce moment-l\u00e0, je n&rsquo;ai pas pens\u00e9 \u00e0 l&rsquo;association, je n&rsquo;ai pas pens\u00e9 au jeu, j&rsquo;avais envie d&rsquo;\u00eatre avec mes proches\u00a0\u00bb, a-t-elle confi\u00e9 \u00e0 T\u00e9l\u00e9-Loisirs.<\/p>\n<p>Un d\u00e9c\u00e8s a entra\u00een\u00e9 son abandon<\/p>\n<p>Jade Leb\u0153uf reconna\u00eet n\u00e9anmoins que, \u00ab\u00a0avec du recul \u00e9videmment\u00a0\u00bb,\u00a0elle reste \u00ab\u00a0frustr\u00e9e de ne pas avoir fini le jeu. \u00ab\u00a0De m&rsquo;\u00eatre fait bannir ou d&rsquo;avoir \u00e9t\u00e9 \u00e9limin\u00e9e \u00e0 une table ronde, m\u00eame si j&rsquo;avais bien conscience que c&rsquo;\u00e9tait assez cuit pour moi. Et, bien \u00e9videmment, je suis frustr\u00e9e pour l&rsquo;association que je repr\u00e9sentais, j&rsquo;aurais aim\u00e9 pouvoir les d\u00e9fendre plus, car c&rsquo;est une cause qui me tient \u00e0 c\u0153ur\u00a0\u00bb, reconna\u00eet-elle.<\/p>\n<p>M\u00eame si l\u2019aventure des <strong>\u00ab\u00a0Tra\u00eetres\u00a0\u00bb <\/strong>a pris fin plus t\u00f4t que pr\u00e9vu, la jeune femme assure avoir d\u2019excellents souvenirs de son tournage, m\u00eame si elle a connu de nombreux moments compliqu\u00e9s.<\/p>\n<p>\u00ab\u00a0C&rsquo;est rempli d&rsquo;\u00e9motions et c&rsquo;est assez compliqu\u00e9. On doit se d\u00e9fendre sans preuve, on se fait accuser sans preuve&#8230; Et puis de se faire accuser quand on est loyale, au bout d&rsquo;un moment, on ne sait plus vraiment quoi donner comme arguments. On n&rsquo;arrive plus \u00e0 se justifier. Quand \u00e7a m&rsquo;est arriv\u00e9, c&rsquo;\u00e9tait difficile.\u00a0J&rsquo;ai vraiment cru que \u00e7a allait \u00eatre pour ma pomme. Heureusement qu&rsquo;Hugo m&rsquo;a d\u00e9fendue\u00a0\u00bb, a en effet confi\u00e9 Jade Leb\u0153uf.<\/p>\n<p>      Mentionn\u00e9s dans cet article<\/p>\n<p>\u00c0 lire aussi<\/p>\n","protected":false},"excerpt":{"rendered":"R\u00e9sum\u00e9 Dans l&rsquo;\u00e9pisode des \u00ab\u00a0Tra\u00eetres\u00a0\u00bb de ce jeudi 24 avril 2025, les t\u00e9l\u00e9spectateurs ont appris l&rsquo;abandon de Jade&hellip;\n","protected":false},"author":2,"featured_media":50089,"comment_status":"","ping_status":"","sticky":false,"template":"","format":"standard","meta":{"footnotes":""},"categories":[1359],"tags":[1682,58,59,1011,27,14251,14252,494,973,1199,14253],"class_list":{"0":"post-50088","1":"post","2":"type-post","3":"status-publish","4":"format-standard","5":"has-post-thumbnail","7":"category-people","8":"tag-adil-rami","9":"tag-divertissement","10":"tag-entertainment","11":"tag-fr","12":"tag-france","13":"tag-frank-leboeuf","14":"tag-jade-leboeuf","15":"tag-m6","16":"tag-people","17":"tag-sophie-tapie","18":"tag-steph-secret-story-8"},"share_on_mastodon":{"url":"https:\/\/pubeurope.com\/@fr\/114394949514497187","error":""},"_links":{"self":[{"href":"https:\/\/www.europesays.com\/fr\/wp-json\/wp\/v2\/posts\/50088","targetHints":{"allow":["GET"]}}],"collection":[{"href":"https:\/\/www.europesays.com\/fr\/wp-json\/wp\/v2\/posts"}],"about":[{"href":"https:\/\/www.europesays.com\/fr\/wp-json\/wp\/v2\/types\/post"}],"author":[{"embeddable":true,"href":"https:\/\/www.europesays.com\/fr\/wp-json\/wp\/v2\/users\/2"}],"replies":[{"embeddable":true,"href":"https:\/\/www.europesays.com\/fr\/wp-json\/wp\/v2\/comments?post=50088"}],"version-history":[{"count":0,"href":"https:\/\/www.europesays.com\/fr\/wp-json\/wp\/v2\/posts\/50088\/revisions"}],"wp:featuredmedia":[{"embeddable":true,"href":"https:\/\/www.europesays.com\/fr\/wp-json\/wp\/v2\/media\/50089"}],"wp:attachment":[{"href":"https:\/\/www.europesays.com\/fr\/wp-json\/wp\/v2\/media?parent=50088"}],"wp:term":[{"taxonomy":"category","embeddable":true,"href":"https:\/\/www.europesays.com\/fr\/wp-json\/wp\/v2\/categories?post=50088"},{"taxonomy":"post_tag","embeddable":true,"href":"https:\/\/www.europesays.com\/fr\/wp-json\/wp\/v2\/tags?post=50088"}],"curies":[{"name":"wp","href":"https:\/\/api.w.org\/{rel}","templated":true}]}}