{"id":500888,"date":"2025-10-30T22:07:10","date_gmt":"2025-10-30T22:07:10","guid":{"rendered":"https:\/\/www.europesays.com\/fr\/500888\/"},"modified":"2025-10-30T22:07:10","modified_gmt":"2025-10-30T22:07:10","slug":"resultat-et-resume-alejandro-davidovich-fokina-alexander-zverev-lequipe","status":"publish","type":"post","link":"https:\/\/www.europesays.com\/fr\/500888\/","title":{"rendered":"R\u00e9sultat et r\u00e9sum\u00e9 : Alejandro Davidovich Fokina &#8211; Alexander Zverev &#8211; L&#039;\u00c9quipe"},"content":{"rendered":"<ol>\n<li><a href=\"https:\/\/news.google.com\/rss\/articles\/CBMi6wFBVV95cUxQRlltYW9CRUlWT1hORTVzZmZQMW1vSE4wNWN5VllQZGdjUGdHWDhYbEF6a3I0U2Y2T0NOWjVRaDZNQmtFOXJROHhsQjFaV096YVdGal9LME04OTN5MUVvb1ZPdVdCTGk0aTlablByNGEwelh3dHF6UllPOEVQX05WTng1c0lMVC04cE9rV29MUXlfYUYwakFkSHNfZzdyQnZMM2hIcUFzeGdtT0ppWlBGR2FtWktlR3JZLXJHYWhnZ3FBS0tXWnU1eXZMVURBSDR2R1ROSnEyOVRValdlcldNbUNFQTMtQ0Vmd0R3?oc=5\" target=\"_blank\" rel=\"nofollow noopener\">R\u00e9sultat et r\u00e9sum\u00e9 : Alejandro Davidovich Fokina &#8211; Alexander Zverev<\/a>&nbsp;&nbsp;L&rsquo;\u00c9quipe<\/li>\n<li><a href=\"https:\/\/news.google.com\/rss\/articles\/CBMilwJBVV95cUxOQ2g2MXB2ZmhUd1kyQ0gxTzA2TnVHVUlCRlpxTTdVQ25la1BIMzU2RW5MTlpBQ0M1Snp1anRUQVh2QUlJQUJvcjZ5cG1JNkxFRVkyU01WUER0Y0sxMjd3d1JGUFJpX1ZEbkVpYi12NnFvd3ZpY0RmN1RpY0RhQlZod1U1ZGs3WTBOUHY0NVFyTnRJdFM0ZkNreC1xaXJKblZOOXFqT19fLS00VV9FOU1NVWs5QXY2ZUJQa3JEWDhuUU04eEFLX2VuM3VnNWQwWWp4V2l4eGV4WjdPTERFTG9CYUd2dHZoTEE1Vmx0YU5CNmhFZENGOTljMzJ5WmRtLWFvQ011RlFXb0FPOVU4TUdXZWV1LTZadEk?oc=5\" target=\"_blank\" rel=\"nofollow noopener\">Masters 1000 de Paris. Zverev d\u00e9roule face \u00e0 Davidovich Fokina et rejoint Medvedev en quart<\/a>&nbsp;&nbsp;Ouest-France<\/li>\n<li><a href=\"https:\/\/news.google.com\/rss\/articles\/CBMiswFBVV95cUxOcjQ3d0l4VUN3UmZLdXFkbzNMY3dLUS1XMFBROFE5NHpRalFlV0gtSE1JTmMwdVRjUGd1NVJlcTFnckk1Z1JCd190UUVKZFB6QnNmYW1NcGdFdF9KaHVJLVl4WTBodTRoUndGX1UyRjAwQUgwM3VFS25OSktUWUZDRTBONVFPM2x3QTlQa0w0bnFaRUVfQ2lmc0lKUzJqcHp0OUJVN1dYblpBeUdpMmxkWGhFQQ?oc=5\" target=\"_blank\" rel=\"nofollow noopener\">Rolex Paris Masters : Zverev retrouvera Medvedev en quarts de finale<\/a>&nbsp;&nbsp;Le Figaro<\/li>\n<li><a href=\"https:\/\/news.google.com\/rss\/articles\/CBMimAJBVV95cUxNS2JJcWVIVzU0RTdxeW5RVWJkSDRRZ2lzaC1SV3FDYzlTTXhnc2ZhVl9yRlNMd0RCaHh0QzU3VVpUdWZzTjhZdW4zZG1QbW1UUjNuenZlcGVXOEJaVTJfWk5UcmVyekkxTlc4b0VzSHhzbGdRVTFzVVBkSllrMDZDS09IQkdVcDFyLWpVZzl6NjFGb1VHMWNtZVNjZ29qdFRPdWd3LTYyakdEb3g4eTJocWtxTjkteHFWZG43WjBMVkFrb21ObVljN19UMlU5T2lvV04ybW12aGpRQ1Y3VGZBU3VOM19GN1FPb2pWZVVxS0tQUDVCVlIxR2xSMkFPaGxrbGU5ckhuQnVPd1Z1QWt2eFF6OWVydE50?oc=5\" target=\"_blank\" rel=\"nofollow noopener\">Rolex Paris Masters &#8211; Alexander Zverev apr\u00e8s sa victoire au deuxi\u00e8me tour : \u00ab\u00a0La surface est assez bizarre ici&#8230;\u00a0\u00bb<\/a>&nbsp;&nbsp;Eurosport<\/li>\n<li><a href=\"https:\/\/news.google.com\/rss\/articles\/CBMiygFBVV95cUxONDNad3Z6cmVUVjNfOXRPckJnVllMbGUyUjFENXE2Y1NZenM2WjRYZV85MDYtRER0dkU3R1BTS2s3N2F2WjVCcnhORmFWY2RsN2NfazhMMFlvRjZGaGN1b1RJQkQwcmNvb1ZWR2JkMkFRRWJCaXV0Q3RhOElTYnFVUzU4M0NvUXNBNFRET1gyZ2RuQUdxVUVNNTFTOFVyeFUwVWxjc1kxdmZ0cWRlaV91RGZTTlJNUWxFNWJ5VFhKRTRjTVdwcDRHZ21n?oc=5\" target=\"_blank\" rel=\"nofollow noopener\">Masters 1000 de Paris: Zverev et Auger-Aliassime souffrent, Sinner fonce en huiti\u00e8mes<\/a>&nbsp;&nbsp;tv5monde<\/li>\n<\/ol>\n","protected":false},"excerpt":{"rendered":"R\u00e9sultat et r\u00e9sum\u00e9 : Alejandro Davidovich Fokina &#8211; Alexander Zverev&nbsp;&nbsp;L&rsquo;\u00c9quipe Masters 1000 de Paris. Zverev d\u00e9roule face \u00e0&hellip;\n","protected":false},"author":2,"featured_media":492886,"comment_status":"","ping_status":"","sticky":false,"template":"","format":"standard","meta":{"footnotes":""},"categories":[1415],"tags":[1011,27,60,1467],"class_list":{"0":"post-500888","1":"post","2":"type-post","3":"status-publish","4":"format-standard","5":"has-post-thumbnail","7":"category-tennis","8":"tag-fr","9":"tag-france","10":"tag-sports","11":"tag-tennis"},"share_on_mastodon":{"url":"https:\/\/pubeurope.com\/@fr\/115465397389300345","error":""},"_links":{"self":[{"href":"https:\/\/www.europesays.com\/fr\/wp-json\/wp\/v2\/posts\/500888","targetHints":{"allow":["GET"]}}],"collection":[{"href":"https:\/\/www.europesays.com\/fr\/wp-json\/wp\/v2\/posts"}],"about":[{"href":"https:\/\/www.europesays.com\/fr\/wp-json\/wp\/v2\/types\/post"}],"author":[{"embeddable":true,"href":"https:\/\/www.europesays.com\/fr\/wp-json\/wp\/v2\/users\/2"}],"replies":[{"embeddable":true,"href":"https:\/\/www.europesays.com\/fr\/wp-json\/wp\/v2\/comments?post=500888"}],"version-history":[{"count":0,"href":"https:\/\/www.europesays.com\/fr\/wp-json\/wp\/v2\/posts\/500888\/revisions"}],"wp:featuredmedia":[{"embeddable":true,"href":"https:\/\/www.europesays.com\/fr\/wp-json\/wp\/v2\/media\/492886"}],"wp:attachment":[{"href":"https:\/\/www.europesays.com\/fr\/wp-json\/wp\/v2\/media?parent=500888"}],"wp:term":[{"taxonomy":"category","embeddable":true,"href":"https:\/\/www.europesays.com\/fr\/wp-json\/wp\/v2\/categories?post=500888"},{"taxonomy":"post_tag","embeddable":true,"href":"https:\/\/www.europesays.com\/fr\/wp-json\/wp\/v2\/tags?post=500888"}],"curies":[{"name":"wp","href":"https:\/\/api.w.org\/{rel}","templated":true}]}}