{"id":500889,"date":"2025-10-30T22:11:11","date_gmt":"2025-10-30T22:11:11","guid":{"rendered":"https:\/\/www.europesays.com\/fr\/500889\/"},"modified":"2025-10-30T22:11:11","modified_gmt":"2025-10-30T22:11:11","slug":"piste-championnat-de-france-de-lavenir-j2-classements-actualite","status":"publish","type":"post","link":"https:\/\/www.europesays.com\/fr\/500889\/","title":{"rendered":"Piste &#8211; Championnat de France de l&rsquo;Avenir &#8211; J2 : Classements &#8211; Actualit\u00e9"},"content":{"rendered":"<p style=\"text-align: justify;\">Le Championnat de France Piste de l&rsquo;Avenir se dispute du mercredi 29 octobre au dimanche 2 novembre sur le V\u00e9lodrome de Bretagne \u00e0 Loud\u00e9ac (C\u00f4tes d&rsquo;Armor). Retrouvez ci-dessous les classements de la deuxi\u00e8me journ\u00e9e.<\/p>\n<p><strong>Classements :<\/strong><br \/><strong>Hommes :<\/strong><br \/><strong>U19 &#8211; Poursuite par \u00e9quipes<\/strong><br \/>1. AUVERGNE-RHONE-ALPES &#8211; Temps Series : 4 mn 10,200 s Temps Finale : 4 mn 04,635 s<br \/>BOUZIANE Ilyes &#8211; FRIOT Jules &#8211; MARCOUX Nathan &#8211; PLACE Adrien <br \/>2. BRETAGNE &#8211; Temps Series : 4 mn 10,354 s Temps Finale : 4 mn 04,896 s<br \/>CUSHWAY Rafe &#8211; LE GALUDEC Augustin &#8211; KEROUEDAN Quentin &#8211; ROYER Luc &#8211; HOURMANT Mae<br \/>3. ILE-DE-FRANCE &#8211; Temps Series : 4 mn 14,270 s Temps Finale : 4 mn 14,005 s<br \/>CASSART Ethan &#8211; GROUSSIN Jean &#8211; PONS Baptiste &#8211; SAGNIER Karl <br \/>4. OCCITANIE<br \/>Temps Series : 4 mn 15,552 s Temps Finale : 4 mn 22,423 s<br \/>LEMOINE Mathis &#8211; MAURY Adrien &#8211; POCZERNIN Mathias &#8211; RAU Gabin<br \/>5. PAYS DE LA LOIRE Temps Series : 4 mn 18,060 s<br \/>BRETON Cl\u00e9ment &#8211; FERNANDEZ Manolo &#8211; FREREJACQUES &#8211; MAREAU Alan<br \/>6. NORMANDIE Temps Series : 4 mn 20,891 s REJOINTE A 3000 M<br \/>DESGROUAS Tristan &#8211; LEBOURGEOIS Paul &#8211; LECREPS Antonin &#8211; MARCHAND Noah<\/p>\n<p><strong>U17 &#8211; Omnium<\/strong><br \/>1. CLOVIS Layann BRE 137 Pts<br \/>2. ALRIC THOUVENIN Camille AUR 128 Pts<br \/>3. TANETOA Toanui POL 127 Pts<br \/>4. PODEVIN Tom AUR 118 Pts<br \/>5. CAZAILLON Maxime NOA 107 Pts<br \/>6. LADAGNOUS Th\u00e9o NOA 104 Pts<br \/>7. JOYEZ Timoth\u00e9e HAF 94 Pts<br \/>8. RONDEAU Axel PDLL 94 Pts<br \/>9. CLERE Fran\u00e7ois-R\u00e9gis IDFR 74 Pts<br \/>10. VALLEE Ethan PDLL 69 Pts<br \/>11. RIOU Pierre BRE 68 Pts<br \/>12. VASSOR Damien LRE 66 Pts<br \/>13. DE REUTER Nolan OCCI 58 Pts<br \/>14. HAUW Simon HAF 54 Pts<br \/>15. ROBIC Armand RSU 53 Pts<br \/>16. BONNENFANT STEYER Paul GES 34 Pts<br \/>17. EMERY Titouan IDFR 30 Pts<br \/>18. JAMES Henry RSU 28 Pts<\/p>\n<p><strong>Femmes :<\/strong><br \/><strong>U19 &#8211; Poursuite individuelle<\/strong><br \/>1. BIHAN Zoe BRET Temps Serie : 03&rsquo;38\u00a0\u00bb622 Temps Finale : 03&rsquo;39\u00a0\u00bb688<br \/>2. JAUVIN Lilou NOAQ Temps Serie : 03&rsquo;46\u00a0\u00bb229 Temps Finale : 03&rsquo;47\u00a0\u00bb157<br \/>3. ROUAT Jessica BRET Temps Serie : 03&rsquo;46\u00a0\u00bb303 Temps Finale : 03&rsquo;48\u00a0\u00bb284<br \/>4. ROUANET Ana\u00efs OCCI Temps Serie : 03&rsquo;50\u00a0\u00bb452 Temps Finale : 03&rsquo;51\u00a0\u00bb682<br \/>5. DOLLION Margo AURA Temps Serie : 03&rsquo;55\u00a0\u00bb257 <br \/>6. FORBRAS Julie HAFR Temps Serie : 03&rsquo;56\u00a0\u00bb300<br \/>7. PHILIPPE Eva BRET Temps Serie : 03&rsquo;58\u00a0\u00bb059<\/p>\n<p><strong>U15\/U17 &#8211; Vitesse<\/strong><br \/>1. MONNIER Dorine U17 AUVERGNE-RHONE-ALPES<br \/>2. GILLE Hermine U15 NORMANDIE<br \/>3. FABRE Perrine U17 OCCITANIE<br \/>4. JAFFRE Pauline U17 BRETAGNE<br \/>5. LECLERC Manon U17 ILE DE FRANCE<br \/>6. GALENT Lola Luna U17 LA REUNION<br \/>7. TROBRILLANT BALTA Maelie U17 ILES DE LA GUADELOUPE<br \/>8. FROSSARD GILLET Erynne U17 BOURGOGNE FRANCHE COMTE<br \/>9. BEGUE Emy U17 LA REUNION<br \/>10. GONTHIER L\u00e9ane U15 LA REUNION<br \/>11. SABLON Nohlia U15 CENTRE VAL DE LOIRE<br \/>12. GRONDIN Ma\u00eblys U15 LA REUNION<\/p>\n<p><strong>U15\/U17 &#8211; Course aux points<\/strong><br \/>1. SIGALAS Aziliz CEVL les 10 km en 13&rsquo;21\u00a0\u00bb (moy. 44.944 km\/h) 24 Pts<br \/>2. SIMON Il\u00e9na BRE 16 Pts<br \/>3. PRIOUL Romane NOR 8 Pts<br \/>4. DUCHEMIN Marion PDLL 8 Pts<br \/>5. BAREYT Charline NOA 5 Pts<br \/>6. GUEDES Lola HAF 4 Pts<br \/>7. DOUGE Maelys NOA 1 Pt<br \/>8. DOUTE Salom\u00e9 GES 0 Pt<br \/>9. BEGUE Emy LRE 0 Pt<br \/>10. GU\u00c9RIN Adeline IDFR 0 Pt<br \/>11. GONTHIER L\u00e9ane LRE 0 Pt<br \/>12. BOULOT Lena BRE 0 Pt<br \/>13. JAFFRE Pauline BRE 0 Pt<\/p>\n<p><strong>Non-partante :<\/strong><br \/>FABRE Perrine OCCI<\/p>\n<p><strong>Abandons :<\/strong><br \/>AMANN L\u00e9one GES<br \/>GRONDIN Ma\u00eblys LRE<\/p>\n<p>Source : <a href=\"https:\/\/les5e-resultats.fr\/\" target=\"_blank\" rel=\"noopener\">les5e-resultats.fr<\/a><\/p>\n","protected":false},"excerpt":{"rendered":"Le Championnat de France Piste de l&rsquo;Avenir se dispute du mercredi 29 octobre au dimanche 2 novembre sur&hellip;\n","protected":false},"author":2,"featured_media":500890,"comment_status":"","ping_status":"","sticky":false,"template":"","format":"standard","meta":{"footnotes":""},"categories":[1411],"tags":[834,828,836,829,837,827,83,826,824,823,1154,207,814,817,815,816,822,821,832,211,839,1011,27,820,818,819,835,831,830,833,838,60,212,208,825],"class_list":{"0":"post-500889","1":"post","2":"type-post","3":"status-publish","4":"format-standard","5":"has-post-thumbnail","7":"category-cyclisme","8":"tag-attaque","9":"tag-belgique","10":"tag-braquet","11":"tag-bretagne","12":"tag-chute","13":"tag-competition","14":"tag-coupe-de-france","15":"tag-coureur","16":"tag-course-cyclisme","17":"tag-course-cycliste","18":"tag-cycling","19":"tag-cyclisme","20":"tag-direct","21":"tag-direct-velo","22":"tag-directvelo","23":"tag-directvelo-com","24":"tag-epreuve","25":"tag-epreuve-cycliste","26":"tag-federation-francaise-de-cyclisme","27":"tag-ffc","28":"tag-flandres","29":"tag-fr","30":"tag-france","31":"tag-live","32":"tag-live-course","33":"tag-live-epreuve","34":"tag-peloton","35":"tag-radio-peloton","36":"tag-radio-tour","37":"tag-ravitaillement","38":"tag-relance","39":"tag-sports","40":"tag-uci","41":"tag-velo","42":"tag-velos"},"share_on_mastodon":{"url":"https:\/\/pubeurope.com\/@fr\/115465413220293043","error":""},"_links":{"self":[{"href":"https:\/\/www.europesays.com\/fr\/wp-json\/wp\/v2\/posts\/500889","targetHints":{"allow":["GET"]}}],"collection":[{"href":"https:\/\/www.europesays.com\/fr\/wp-json\/wp\/v2\/posts"}],"about":[{"href":"https:\/\/www.europesays.com\/fr\/wp-json\/wp\/v2\/types\/post"}],"author":[{"embeddable":true,"href":"https:\/\/www.europesays.com\/fr\/wp-json\/wp\/v2\/users\/2"}],"replies":[{"embeddable":true,"href":"https:\/\/www.europesays.com\/fr\/wp-json\/wp\/v2\/comments?post=500889"}],"version-history":[{"count":0,"href":"https:\/\/www.europesays.com\/fr\/wp-json\/wp\/v2\/posts\/500889\/revisions"}],"wp:featuredmedia":[{"embeddable":true,"href":"https:\/\/www.europesays.com\/fr\/wp-json\/wp\/v2\/media\/500890"}],"wp:attachment":[{"href":"https:\/\/www.europesays.com\/fr\/wp-json\/wp\/v2\/media?parent=500889"}],"wp:term":[{"taxonomy":"category","embeddable":true,"href":"https:\/\/www.europesays.com\/fr\/wp-json\/wp\/v2\/categories?post=500889"},{"taxonomy":"post_tag","embeddable":true,"href":"https:\/\/www.europesays.com\/fr\/wp-json\/wp\/v2\/tags?post=500889"}],"curies":[{"name":"wp","href":"https:\/\/api.w.org\/{rel}","templated":true}]}}