{"id":500897,"date":"2025-10-30T22:16:22","date_gmt":"2025-10-30T22:16:22","guid":{"rendered":"https:\/\/www.europesays.com\/fr\/500897\/"},"modified":"2025-10-30T22:16:22","modified_gmt":"2025-10-30T22:16:22","slug":"eve-est-devastee-a-lenterrement-deliott-thais-et-louis-font-leurs-adieux-le-resume-de-lepisode-1783-du-vendredi-31-octobre-2025","status":"publish","type":"post","link":"https:\/\/www.europesays.com\/fr\/500897\/","title":{"rendered":"Eve est d\u00e9vast\u00e9e \u00e0 l&rsquo;enterrement d&rsquo;Eliott, Tha\u00efs et Louis font leurs adieux&#8230; Le r\u00e9sum\u00e9 de l&rsquo;\u00e9pisode 1783 du vendredi 31 octobre 2025"},"content":{"rendered":"<p>Dans l\u2019\u00e9pisode 1783 d&rsquo;Un si grand soleil diffus\u00e9 vendredi 31 octobre 2025 sur France 3, alors qu&rsquo;Eve doit affronter l&rsquo;enterrement d&rsquo;Eliott, la police d\u00e9couvre un \u00e9l\u00e9ment capital \u00e0 propos de l&rsquo;affaire. Tha\u00efs et Louis quittent Montpellier.<\/p>\n<p><b>Vendredi 31 octobre 2025, dans l\u2019\u00e9pisode 1783 d&rsquo;<\/b><b>Un si grand soleil<\/b><b> diffus\u00e9 sur France 3 \u00e0 partir de 20h45<\/b>, <a href=\"https:\/\/www.programme-tv.net\/news\/series-tv\/386388-un-si-grand-soleil-double-changement-de-programmation-pour-le-feuilleton-de-france-3-et-ca-ne-va-pas-plaire-aux-fans\/\" data-api-deeplink=\"teleloisirs:\/\/news\/386388\" target=\"_blank\" rel=\"noopener\">et dont la programmation a \u00e9t\u00e9 bouscul\u00e9e<\/a>&#8230; Alex appelle Manu qui est en planque devant chez Nathalie Gimenez pour enqu\u00eater en secret sur la mort d&rsquo;Eliott (<a href=\"https:\/\/www.programme-tv.net\/news\/series-tv\/390720-exclu-un-si-grand-soleil-j-etais-mort-donc-j-en-ai-profite-pour-l-etonnante-anecdote-de-stephane-monpetit-eliott-a-propos-de-la-scene-a-la-morgue\/\" data-api-deeplink=\"teleloisirs:\/\/news\/390720\" target=\"_blank\" rel=\"noopener\">St\u00e9phane Monpetit \u00e9mu de dire au revoir \u00e0 son personnage<\/a>). Manu se rend ensuite au commissariat pour montrer \u00e0 Alex une photo qu&rsquo;il a prise de Gimenez avec Franz Muller. Becker convoque Manu dans son bureau pour l&rsquo;enguirlander d&rsquo;avoir enqu\u00eat\u00e9 sur l&rsquo;affaire alors qu&rsquo;il n&rsquo;en a pas le droit. Il le menace de lui coller une suspension.<\/p>\n<p>Un si grand soleil en avance : Eve est boulevers\u00e9e \u00e0 l&rsquo;enterrement d&rsquo;Eliott<\/p>\n<p>Manu se rend au cimeti\u00e8re et assiste de loin \u00e0 l&rsquo;enterrement d&rsquo;Eliott. Charles prend Eve dans ses bras, Sabine, Muriel et Boris sont aussi pr\u00e9sents. Tous rendent un dernier hommage au d\u00e9funt. Sabine va voir Manu pour lui demander de ne pas l\u00e2cher Eve, et il lui r\u00e9pond qu&rsquo;il n&rsquo;en a pas l&rsquo;intention. Eve va ensuite voir Manu et le prend dans les bras, elle se sent perdue mais il dit \u00eatre l\u00e0 pour elle. Elle a encore besoin de temps avant de revenir vers lui. Eve rentre chez elle et se sert du vin puis prend des m\u00e9dicaments. Au commissariat, Alex confirme \u00e0 Thierry que le faussaire du passeport est bien Michel Ferrand et qu&rsquo;Eliott comptait partir avec Toma.<\/p>\n<p>                        Un si grand soleil en avance : Florent encourage Kira et Pascal \u00e0 porter plainte<\/p>\n<p>Au cabinet de Florent, Kira et Pascal lui racontent la discrimination raciale dont ils ont \u00e9t\u00e9 victimes au restaurant. L&rsquo;avocat les encourage \u00e0 porter plainte, mais Pascal reste sceptique car il est s\u00fbr que la d\u00e9marche n&rsquo;aboutira pas. Kira parvient \u00e0 convaincre son ami et ils se rendent au commissariat. Elise prend leur plainte mais les pr\u00e9vient que cela va \u00eatre difficile sans t\u00e9moin.<\/p>\n<p>Un si grand soleil en avance : L&rsquo;heure des adieux a sonn\u00e9 pour Tha\u00efs<\/p>\n<p>Tha\u00efs arrive \u00e0 la gare de Montpellier avec son p\u00e8re, ils se font des adieux \u00e9mouvants avant qu&rsquo;elle ne parte \u00e0 Marseille. Elle le rassure, elle compte bien revenir de temps en temps pour profiter de sa cuisine. Kira, Louis et Marc les rejoignent. Tha\u00efs redit \u00e0 Kira qu&rsquo;elle est la bienvenue \u00e0 Marseille. Apr\u00e8s des derniers adieux, Tha\u00efs et Louis partent. <a href=\"https:\/\/www.programme-tv.net\/news\/series-tv\/326567-un-si-grand-soleil-les-scenes-au-midi-libre-avec-marc-cesar-meric-sont-elles-vraiment-tournees-dans-les-locaux-du-journal-video\/\" data-api-deeplink=\"teleloisirs:\/\/news\/326567\" target=\"_blank\" rel=\"noopener\">Au Midi Libre<\/a>, Kira demande un conseille \u00e0 Marc qui est d\u00e9boussol\u00e9 apr\u00e8s le d\u00e9part de son fils.<\/p>\n","protected":false},"excerpt":{"rendered":"Dans l\u2019\u00e9pisode 1783 d&rsquo;Un si grand soleil diffus\u00e9 vendredi 31 octobre 2025 sur France 3, alors qu&rsquo;Eve doit&hellip;\n","protected":false},"author":2,"featured_media":500898,"comment_status":"","ping_status":"","sticky":false,"template":"","format":"standard","meta":{"footnotes":""},"categories":[1356],"tags":[244,58,59,1011,27,876,252,1364,9766,26118,26117],"class_list":{"0":"post-500897","1":"post","2":"type-post","3":"status-publish","4":"format-standard","5":"has-post-thumbnail","7":"category-television","8":"tag-commentaire","9":"tag-divertissement","10":"tag-entertainment","11":"tag-fr","12":"tag-france","13":"tag-france-3","14":"tag-television","15":"tag-tv","16":"tag-un-si-grand-soleil","17":"tag-un-si-grand-soleil-ru00e9sumu00e9","18":"tag-un-si-grand-soleil-ru00e9sumu00e9-en-avance"},"share_on_mastodon":{"url":"https:\/\/pubeurope.com\/@fr\/115465432928168839","error":""},"_links":{"self":[{"href":"https:\/\/www.europesays.com\/fr\/wp-json\/wp\/v2\/posts\/500897","targetHints":{"allow":["GET"]}}],"collection":[{"href":"https:\/\/www.europesays.com\/fr\/wp-json\/wp\/v2\/posts"}],"about":[{"href":"https:\/\/www.europesays.com\/fr\/wp-json\/wp\/v2\/types\/post"}],"author":[{"embeddable":true,"href":"https:\/\/www.europesays.com\/fr\/wp-json\/wp\/v2\/users\/2"}],"replies":[{"embeddable":true,"href":"https:\/\/www.europesays.com\/fr\/wp-json\/wp\/v2\/comments?post=500897"}],"version-history":[{"count":0,"href":"https:\/\/www.europesays.com\/fr\/wp-json\/wp\/v2\/posts\/500897\/revisions"}],"wp:featuredmedia":[{"embeddable":true,"href":"https:\/\/www.europesays.com\/fr\/wp-json\/wp\/v2\/media\/500898"}],"wp:attachment":[{"href":"https:\/\/www.europesays.com\/fr\/wp-json\/wp\/v2\/media?parent=500897"}],"wp:term":[{"taxonomy":"category","embeddable":true,"href":"https:\/\/www.europesays.com\/fr\/wp-json\/wp\/v2\/categories?post=500897"},{"taxonomy":"post_tag","embeddable":true,"href":"https:\/\/www.europesays.com\/fr\/wp-json\/wp\/v2\/tags?post=500897"}],"curies":[{"name":"wp","href":"https:\/\/api.w.org\/{rel}","templated":true}]}}