{"id":500911,"date":"2025-10-30T22:23:11","date_gmt":"2025-10-30T22:23:11","guid":{"rendered":"https:\/\/www.europesays.com\/fr\/500911\/"},"modified":"2025-10-30T22:23:11","modified_gmt":"2025-10-30T22:23:11","slug":"porte-par-le-cloud-pour-lia-amazon-depasse-les-attentes-au-troisieme-trimestre","status":"publish","type":"post","link":"https:\/\/www.europesays.com\/fr\/500911\/","title":{"rendered":"Port\u00e9 par le cloud pour l&rsquo;IA, Amazon d\u00e9passe les attentes au troisi\u00e8me trimestre"},"content":{"rendered":"<p>\n    \u00abL\u2019intelligence artificielle conduit \u00e0 des progr\u00e8s significatifs dans tous les segments de nos affaires\u00bb, a pr\u00e9cis\u00e9 Andy Jassy, le patron du g\u00e9ant am\u00e9ricain du commerce.<\/p>\n<p class=\"fig-paragraph\"><a href=\"http:\/\/www.lefigaro.fr\/flash-eco\/coree-du-sud-amazon-va-investir-5-milliards-de-dollars-pour-des-centres-de-donnees-ia-selon-seoul-20251029\" target=\"_blank\" data-fig-type=\"NewsFlash\" rel=\"noopener\" data-gtm-custom-categorie=\"navigation\" data-gtm-custom-action=\"crossclick\" data-gtm-custom-label=\"Contextuel\" data-gtm-event=\"customEventSPE\" data-fig-domain=\"LEFIGARO\">Amazon\u00a0<\/a>a nettement d\u00e9pass\u00e9 les attentes au troisi\u00e8me trimestre en r\u00e9alisant plus de 180 milliards de dollars de chiffre d&rsquo;affaires, port\u00e9 par une hausse de 20% de l&rsquo;informatique \u00e0 distance (cloud), qui a ravi les march\u00e9s.<\/p>\n<p class=\"fig-paragraph\">\u00abL&rsquo;intelligence artificielle conduit \u00e0 des progr\u00e8s significatifs dans tous les segments de nos affaires\u00bb, a indiqu\u00e9 Andy Jassy, le patron du g\u00e9ant am\u00e9ricain du commerce qui a d\u00e9gag\u00e9 un b\u00e9n\u00e9fice net trimestriel de 21,2 milliards de dollars. Le titre s&rsquo;appr\u00e9ciait de plus de 9% dans les \u00e9changes \u00e9lectroniques apr\u00e8s la cl\u00f4ture de Wall Street.<\/p>\n","protected":false},"excerpt":{"rendered":"\u00abL\u2019intelligence artificielle conduit \u00e0 des progr\u00e8s significatifs dans tous les segments de nos affaires\u00bb, a pr\u00e9cis\u00e9 Andy Jassy,&hellip;\n","protected":false},"author":2,"featured_media":500912,"comment_status":"","ping_status":"","sticky":false,"template":"","format":"standard","meta":{"footnotes":""},"categories":[6],"tags":[4239,35,33,34,1011,27],"class_list":{"0":"post-500911","1":"post","2":"type-post","3":"status-publish","4":"format-standard","5":"has-post-thumbnail","7":"category-economie","8":"tag-amazon","9":"tag-business","10":"tag-economie","11":"tag-economy","12":"tag-fr","13":"tag-france"},"share_on_mastodon":{"url":"https:\/\/pubeurope.com\/@fr\/115465460419292931","error":""},"_links":{"self":[{"href":"https:\/\/www.europesays.com\/fr\/wp-json\/wp\/v2\/posts\/500911","targetHints":{"allow":["GET"]}}],"collection":[{"href":"https:\/\/www.europesays.com\/fr\/wp-json\/wp\/v2\/posts"}],"about":[{"href":"https:\/\/www.europesays.com\/fr\/wp-json\/wp\/v2\/types\/post"}],"author":[{"embeddable":true,"href":"https:\/\/www.europesays.com\/fr\/wp-json\/wp\/v2\/users\/2"}],"replies":[{"embeddable":true,"href":"https:\/\/www.europesays.com\/fr\/wp-json\/wp\/v2\/comments?post=500911"}],"version-history":[{"count":0,"href":"https:\/\/www.europesays.com\/fr\/wp-json\/wp\/v2\/posts\/500911\/revisions"}],"wp:featuredmedia":[{"embeddable":true,"href":"https:\/\/www.europesays.com\/fr\/wp-json\/wp\/v2\/media\/500912"}],"wp:attachment":[{"href":"https:\/\/www.europesays.com\/fr\/wp-json\/wp\/v2\/media?parent=500911"}],"wp:term":[{"taxonomy":"category","embeddable":true,"href":"https:\/\/www.europesays.com\/fr\/wp-json\/wp\/v2\/categories?post=500911"},{"taxonomy":"post_tag","embeddable":true,"href":"https:\/\/www.europesays.com\/fr\/wp-json\/wp\/v2\/tags?post=500911"}],"curies":[{"name":"wp","href":"https:\/\/api.w.org\/{rel}","templated":true}]}}