{"id":500918,"date":"2025-10-30T22:27:24","date_gmt":"2025-10-30T22:27:24","guid":{"rendered":"https:\/\/www.europesays.com\/fr\/500918\/"},"modified":"2025-10-30T22:27:24","modified_gmt":"2025-10-30T22:27:24","slug":"saint-etienne-des-travaux-de-refection-de-voirie-rue-jean-huss-du-3-au-14-novembre","status":"publish","type":"post","link":"https:\/\/www.europesays.com\/fr\/500918\/","title":{"rendered":"Saint-\u00c9tienne. Des travaux de r\u00e9fection de voirie, rue Jean-Huss, du 3 au 14\u00a0novembre"},"content":{"rendered":"<p>Une r\u00e9fection de voirie va \u00eatre entreprise, dans le quartier de Monthieu, du num\u00e9ro\u00a053 de la rue Jean-Huss jusqu\u2019au Rond-Point. Pendant toute la dur\u00e9e du chantier, du 3 au 14\u00a0novembre, le stationnement et la circulation seront interdits, mais l\u2019acc\u00e8s sera maintenu pour les riverains. Pour l\u2019application des enrob\u00e9s, les dates exactes d\u2019intervention seront pr\u00e9cis\u00e9es sur les panneaux de chantier et une d\u00e9viation sera mise en place par l\u2019entreprise en charge des travaux.<\/p>\n","protected":false},"excerpt":{"rendered":"Une r\u00e9fection de voirie va \u00eatre entreprise, dans le quartier de Monthieu, du num\u00e9ro\u00a053 de la rue Jean-Huss&hellip;\n","protected":false},"author":2,"featured_media":30227,"comment_status":"","ping_status":"","sticky":false,"template":"","format":"standard","meta":{"footnotes":""},"categories":[9653],"tags":[1111,11,2430,4749,33,7539,1777,674,1011,27,12,25,4001,7538],"class_list":{"0":"post-500918","1":"post","2":"type-post","3":"status-publish","4":"format-standard","5":"has-post-thumbnail","7":"category-saint-etienne","8":"tag-actu","9":"tag-actualites","10":"tag-auvergne-rhone-alpes","11":"tag-btp-et-chantiers","12":"tag-economie","13":"tag-edition-loire-sud","14":"tag-eu","15":"tag-europe","16":"tag-fr","17":"tag-france","18":"tag-news","19":"tag-republique-francaise","20":"tag-saint-etienne","21":"tag-saint-etienne-ville"},"share_on_mastodon":{"url":"https:\/\/pubeurope.com\/@fr\/115465476170995565","error":""},"_links":{"self":[{"href":"https:\/\/www.europesays.com\/fr\/wp-json\/wp\/v2\/posts\/500918","targetHints":{"allow":["GET"]}}],"collection":[{"href":"https:\/\/www.europesays.com\/fr\/wp-json\/wp\/v2\/posts"}],"about":[{"href":"https:\/\/www.europesays.com\/fr\/wp-json\/wp\/v2\/types\/post"}],"author":[{"embeddable":true,"href":"https:\/\/www.europesays.com\/fr\/wp-json\/wp\/v2\/users\/2"}],"replies":[{"embeddable":true,"href":"https:\/\/www.europesays.com\/fr\/wp-json\/wp\/v2\/comments?post=500918"}],"version-history":[{"count":0,"href":"https:\/\/www.europesays.com\/fr\/wp-json\/wp\/v2\/posts\/500918\/revisions"}],"wp:featuredmedia":[{"embeddable":true,"href":"https:\/\/www.europesays.com\/fr\/wp-json\/wp\/v2\/media\/30227"}],"wp:attachment":[{"href":"https:\/\/www.europesays.com\/fr\/wp-json\/wp\/v2\/media?parent=500918"}],"wp:term":[{"taxonomy":"category","embeddable":true,"href":"https:\/\/www.europesays.com\/fr\/wp-json\/wp\/v2\/categories?post=500918"},{"taxonomy":"post_tag","embeddable":true,"href":"https:\/\/www.europesays.com\/fr\/wp-json\/wp\/v2\/tags?post=500918"}],"curies":[{"name":"wp","href":"https:\/\/api.w.org\/{rel}","templated":true}]}}