{"id":500919,"date":"2025-10-30T22:28:15","date_gmt":"2025-10-30T22:28:15","guid":{"rendered":"https:\/\/www.europesays.com\/fr\/500919\/"},"modified":"2025-10-30T22:28:15","modified_gmt":"2025-10-30T22:28:15","slug":"la-reserve-de-garchizy-rejetee-quetigny-recevra-las-saint-etienne-lors-du-septieme-tour","status":"publish","type":"post","link":"https:\/\/www.europesays.com\/fr\/500919\/","title":{"rendered":"la r\u00e9serve de Garchizy rejet\u00e9e, Quetigny recevra l&rsquo;AS Saint-\u00c9tienne lors du septi\u00e8me tour"},"content":{"rendered":"<p>Le club de l&rsquo;AS Quetigny peut souffler : son parcours historique en Coupe de France se poursuit. Comme l&rsquo;annonce <a href=\"https:\/\/www.bienpublic.com\/sport\/2025\/10\/30\/la-requete-de-garchizy-rejetee-quetigny-jouera-bien-saint-etienne\" target=\"_blank\" rel=\"noopener\">Le Bien Public<\/a>, la Commission statuts et r\u00e8glements et obligations des clubs de la Ligue Bourgogne-Franche-Comt\u00e9 de football a rejet\u00e9 la r\u00e9serve d\u00e9pos\u00e9e par l&rsquo;\u00e9quipe de Garchizy ce jeudi. Cette derni\u00e8re contestait la victoire de Quetigny (3-0) au sixi\u00e8me tour, remettant en cause le nombre de mutations autoris\u00e9es inscrites sur la feuille de match.<\/p>\n<p><strong>Pas d&rsquo;irr\u00e9gularit\u00e9 dans le nombre de joueurs mut\u00e9s<\/strong><\/p>\n<p>Apr\u00e8s examen du dossier, l&rsquo;instance r\u00e9gionale a tranch\u00e9 en faveur de l&rsquo;AS Quetigny. La Commission a indiqu\u00e9 que le club \u00ab\u00a0n\u2019a pas outrepass\u00e9 le nombre de joueurs mut\u00e9s qui lui est allou\u00e9 pour la saison 2025-2026\u00a0\u00bb, rendant ainsi la requ\u00eate de Garchizy non recevable. Le score de 3-0 est donc maintenu et la qualification de Quetigny pour le septi\u00e8me tour de la Vieille Dame est d\u00e9finitivement acquise.<\/p>\n<p><strong>Duel historique face \u00e0 l&rsquo;AS Saint-\u00c9tienne au 7e tour<\/strong><\/p>\n<p>L&rsquo;\u00e9quipe entra\u00een\u00e9e par David R\u00e9gnet, qui \u00e9volue en R\u00e9gional 2, est donc confirm\u00e9e pour un rendez-vous exceptionnel au septi\u00e8me tour de la 109e \u00e9dition de la plus belle des comp\u00e9titions de football en France. Le match, qui sera \u00e0 suivre en direct sur Foot-National, se jouera le 14, 15 ou 16 novembre. La programmation exacte sera connue dans les prochains jours. Une belle f\u00eate s&rsquo;annonce.<\/p>\n<p>Partagez cette info avec vos amis et vos proches en cliquant ici<br \/>Pour r\u00e9sumer<\/p>\n<p>L&rsquo;incertitude est lev\u00e9e pour l&rsquo;AS Quetigny (R2). R\u00e9unie ce jeudi, la Commission statuts et r\u00e8glements de la Ligue Bourgogne-Franche-Comt\u00e9 a rejet\u00e9 la r\u00e9serve d\u00e9pos\u00e9e par Garchizy apr\u00e8s le sixi\u00e8me tour de la Coupe de France annonce Le Bien Public.<\/p>\n<p> <img decoding=\"async\" width=\"76\" height=\"76\" loading=\"lazy\" src=\"https:\/\/static.wui.fr\/images_v3\/avatar-footnational.png\" alt=\"Aris Djennadi\"\/><\/p>\n","protected":false},"excerpt":{"rendered":"Le club de l&rsquo;AS Quetigny peut souffler : son parcours historique en Coupe de France se poursuit. Comme&hellip;\n","protected":false},"author":2,"featured_media":500920,"comment_status":"","ping_status":"","sticky":false,"template":"","format":"standard","meta":{"footnotes":""},"categories":[9653],"tags":[1111,11,2430,61432,1777,674,9314,1011,27,59520,12,25,4001],"class_list":{"0":"post-500919","1":"post","2":"type-post","3":"status-publish","4":"format-standard","5":"has-post-thumbnail","7":"category-saint-etienne","8":"tag-actu","9":"tag-actualites","10":"tag-auvergne-rhone-alpes","11":"tag-coupes-coupe-de-france","12":"tag-eu","13":"tag-europe","14":"tag-foot-amateur","15":"tag-fr","16":"tag-france","17":"tag-national-2-actus","18":"tag-news","19":"tag-republique-francaise","20":"tag-saint-etienne"},"share_on_mastodon":{"url":"https:\/\/pubeurope.com\/@fr\/115465480847230004","error":""},"_links":{"self":[{"href":"https:\/\/www.europesays.com\/fr\/wp-json\/wp\/v2\/posts\/500919","targetHints":{"allow":["GET"]}}],"collection":[{"href":"https:\/\/www.europesays.com\/fr\/wp-json\/wp\/v2\/posts"}],"about":[{"href":"https:\/\/www.europesays.com\/fr\/wp-json\/wp\/v2\/types\/post"}],"author":[{"embeddable":true,"href":"https:\/\/www.europesays.com\/fr\/wp-json\/wp\/v2\/users\/2"}],"replies":[{"embeddable":true,"href":"https:\/\/www.europesays.com\/fr\/wp-json\/wp\/v2\/comments?post=500919"}],"version-history":[{"count":0,"href":"https:\/\/www.europesays.com\/fr\/wp-json\/wp\/v2\/posts\/500919\/revisions"}],"wp:featuredmedia":[{"embeddable":true,"href":"https:\/\/www.europesays.com\/fr\/wp-json\/wp\/v2\/media\/500920"}],"wp:attachment":[{"href":"https:\/\/www.europesays.com\/fr\/wp-json\/wp\/v2\/media?parent=500919"}],"wp:term":[{"taxonomy":"category","embeddable":true,"href":"https:\/\/www.europesays.com\/fr\/wp-json\/wp\/v2\/categories?post=500919"},{"taxonomy":"post_tag","embeddable":true,"href":"https:\/\/www.europesays.com\/fr\/wp-json\/wp\/v2\/tags?post=500919"}],"curies":[{"name":"wp","href":"https:\/\/api.w.org\/{rel}","templated":true}]}}