{"id":500921,"date":"2025-10-30T22:29:23","date_gmt":"2025-10-30T22:29:23","guid":{"rendered":"https:\/\/www.europesays.com\/fr\/500921\/"},"modified":"2025-10-30T22:29:23","modified_gmt":"2025-10-30T22:29:23","slug":"villey-saint-etienne-les-eleves-de-lecole-maternelle-en-sortie-a-liverdun","status":"publish","type":"post","link":"https:\/\/www.europesays.com\/fr\/500921\/","title":{"rendered":"Villey-Saint-\u00c9tienne. Les \u00e9l\u00e8ves de l\u2019\u00e9cole maternelle en sortie \u00e0 Liverdun"},"content":{"rendered":"<p>Mardi dernier les \u00e9l\u00e8ves de l\u2019\u00e9cole maternelle sont all\u00e9s en bus \u00e0 la micro ferme \u00ab\u00a0l\u2019arbre de vie\u00a0\u00bb \u00e0 Liverdun, dans le cadre de la semaine du go\u00fbt.<\/p>\n<p>Les enfants ont pu d\u00e9couvrir le potager et ses diff\u00e9rents l\u00e9gumes, ils ont pu r\u00e9colter quelques l\u00e9gumes. Au cours de la matin\u00e9e ils ont effectu\u00e9 une chasse aux couleurs dans le jardin, o\u00f9 ils ont pu b\u00e9n\u00e9ficier du chant des oiseaux. Les enfants ont aussi fabriqu\u00e9 de la p\u00e2te \u00e0 tartiner au potimarron.<\/p>\n","protected":false},"excerpt":{"rendered":"Mardi dernier les \u00e9l\u00e8ves de l\u2019\u00e9cole maternelle sont all\u00e9s en bus \u00e0 la micro ferme \u00ab\u00a0l\u2019arbre de vie\u00a0\u00bb&hellip;\n","protected":false},"author":2,"featured_media":500922,"comment_status":"","ping_status":"","sticky":false,"template":"","format":"standard","meta":{"footnotes":""},"categories":[9635],"tags":[1111,11,11735,1705,1057,1777,674,1011,27,775,10425,1702,12,25,19671],"class_list":{"0":"post-500921","1":"post","2":"type-post","3":"status-publish","4":"format-standard","5":"has-post-thumbnail","7":"category-nancy","8":"tag-actu","9":"tag-actualites","10":"tag-cc-terres-touloises-54d","11":"tag-edition-toul","12":"tag-education","13":"tag-eu","14":"tag-europe","15":"tag-fr","16":"tag-france","17":"tag-grand-est","18":"tag-maternelle-elementaire","19":"tag-nancy","20":"tag-news","21":"tag-republique-francaise","22":"tag-villey-saint-etienne"},"share_on_mastodon":{"url":"https:\/\/pubeurope.com\/@fr\/115465483981849237","error":""},"_links":{"self":[{"href":"https:\/\/www.europesays.com\/fr\/wp-json\/wp\/v2\/posts\/500921","targetHints":{"allow":["GET"]}}],"collection":[{"href":"https:\/\/www.europesays.com\/fr\/wp-json\/wp\/v2\/posts"}],"about":[{"href":"https:\/\/www.europesays.com\/fr\/wp-json\/wp\/v2\/types\/post"}],"author":[{"embeddable":true,"href":"https:\/\/www.europesays.com\/fr\/wp-json\/wp\/v2\/users\/2"}],"replies":[{"embeddable":true,"href":"https:\/\/www.europesays.com\/fr\/wp-json\/wp\/v2\/comments?post=500921"}],"version-history":[{"count":0,"href":"https:\/\/www.europesays.com\/fr\/wp-json\/wp\/v2\/posts\/500921\/revisions"}],"wp:featuredmedia":[{"embeddable":true,"href":"https:\/\/www.europesays.com\/fr\/wp-json\/wp\/v2\/media\/500922"}],"wp:attachment":[{"href":"https:\/\/www.europesays.com\/fr\/wp-json\/wp\/v2\/media?parent=500921"}],"wp:term":[{"taxonomy":"category","embeddable":true,"href":"https:\/\/www.europesays.com\/fr\/wp-json\/wp\/v2\/categories?post=500921"},{"taxonomy":"post_tag","embeddable":true,"href":"https:\/\/www.europesays.com\/fr\/wp-json\/wp\/v2\/tags?post=500921"}],"curies":[{"name":"wp","href":"https:\/\/api.w.org\/{rel}","templated":true}]}}