{"id":500935,"date":"2025-10-30T22:38:16","date_gmt":"2025-10-30T22:38:16","guid":{"rendered":"https:\/\/www.europesays.com\/fr\/500935\/"},"modified":"2025-10-30T22:38:16","modified_gmt":"2025-10-30T22:38:16","slug":"renversant-soyaux-angouleme-vient-a-bout-de-grenoble","status":"publish","type":"post","link":"https:\/\/www.europesays.com\/fr\/500935\/","title":{"rendered":"renversant, Soyaux-Angoul\u00eame vient \u00e0 bout de Grenoble"},"content":{"rendered":"<p>\n    Soyaux-Angoul\u00eame a pris le meilleur sur Grenoble ce jeudi, lors du match d\u2019ouverture de la 9e journ\u00e9e de Pro D2.<\/p>\n<p class=\"fig-paragraph\">Dans un duel d&rsquo;ambitieux frustr\u00e9s, Soyaux-Angoul\u00eame a peut-\u00eatre enfin lanc\u00e9 sa saison en prenant le meilleur sur Grenoble, battu 34 \u00e0 28 jeudi en ouverture de\u00a0<a href=\"https:\/\/www.lefigaro.fr\/sports\/rugby\/pro-d2\/calendrier-resultats\" target=\"_blank\" rel=\"sponsored noopener nofollow\" data-gtm-custom-categorie=\"navigation\" data-gtm-custom-action=\"crossclick\" data-gtm-custom-label=\"Contextuel\" data-gtm-event=\"customEventSPE\">la 9e journ\u00e9e de Pro D2<\/a>. Barragistes l&rsquo;an pass\u00e9 mais en difficult\u00e9 depuis le d\u00e9but de saison, les hommes d&rsquo;Alexandre Ruiz confirment leur rebond, une semaine apr\u00e8s s&rsquo;\u00eatre impos\u00e9s \u00e0 Brive.<\/p>\n<p class=\"fig-paragraph\">Ils peuvent remercier leur jeune ouvreur Paul Berg\u00e8s, auteur \u00e0 20 ans de 24 points pour sa premi\u00e8re titularisation (1 essai, 2 transformations, 4 p\u00e9nalit\u00e9s, 1 drop). Les Grenoblois, une semaine apr\u00e8s un large succ\u00e8s contre Carcassonne (57-12) qui avait mis fin \u00e0 une s\u00e9rie de d\u00e9faites, ratent eux l&rsquo;occasion de rentrer dans le Top 6\u00a0<a href=\"https:\/\/www.lefigaro.fr\/sports\/rugby\/pro-d2\/classement\" target=\"_blank\" rel=\"sponsored noopener nofollow\" data-gtm-custom-categorie=\"navigation\" data-gtm-custom-action=\"crossclick\" data-gtm-custom-label=\"Contextuel\" data-gtm-event=\"customEventSPE\">au classement<\/a>, alors qu&rsquo;ils menaient la rencontre 25-16 gr\u00e2ce \u00e0 deux cartons jaunes successifs inflig\u00e9s aux locaux.<\/p>\n","protected":false},"excerpt":{"rendered":"Soyaux-Angoul\u00eame a pris le meilleur sur Grenoble ce jeudi, lors du match d\u2019ouverture de la 9e journ\u00e9e de&hellip;\n","protected":false},"author":2,"featured_media":500936,"comment_status":"","ping_status":"","sticky":false,"template":"","format":"standard","meta":{"footnotes":""},"categories":[9566],"tags":[1111,11,2430,1777,674,1011,27,2731,12,2308,25],"class_list":{"0":"post-500935","1":"post","2":"type-post","3":"status-publish","4":"format-standard","5":"has-post-thumbnail","7":"category-grenoble","8":"tag-actu","9":"tag-actualites","10":"tag-auvergne-rhone-alpes","11":"tag-eu","12":"tag-europe","13":"tag-fr","14":"tag-france","15":"tag-grenoble","16":"tag-news","17":"tag-pro-d2","18":"tag-republique-francaise"},"share_on_mastodon":{"url":"https:\/\/pubeurope.com\/@fr\/115465519375686926","error":""},"_links":{"self":[{"href":"https:\/\/www.europesays.com\/fr\/wp-json\/wp\/v2\/posts\/500935","targetHints":{"allow":["GET"]}}],"collection":[{"href":"https:\/\/www.europesays.com\/fr\/wp-json\/wp\/v2\/posts"}],"about":[{"href":"https:\/\/www.europesays.com\/fr\/wp-json\/wp\/v2\/types\/post"}],"author":[{"embeddable":true,"href":"https:\/\/www.europesays.com\/fr\/wp-json\/wp\/v2\/users\/2"}],"replies":[{"embeddable":true,"href":"https:\/\/www.europesays.com\/fr\/wp-json\/wp\/v2\/comments?post=500935"}],"version-history":[{"count":0,"href":"https:\/\/www.europesays.com\/fr\/wp-json\/wp\/v2\/posts\/500935\/revisions"}],"wp:featuredmedia":[{"embeddable":true,"href":"https:\/\/www.europesays.com\/fr\/wp-json\/wp\/v2\/media\/500936"}],"wp:attachment":[{"href":"https:\/\/www.europesays.com\/fr\/wp-json\/wp\/v2\/media?parent=500935"}],"wp:term":[{"taxonomy":"category","embeddable":true,"href":"https:\/\/www.europesays.com\/fr\/wp-json\/wp\/v2\/categories?post=500935"},{"taxonomy":"post_tag","embeddable":true,"href":"https:\/\/www.europesays.com\/fr\/wp-json\/wp\/v2\/tags?post=500935"}],"curies":[{"name":"wp","href":"https:\/\/api.w.org\/{rel}","templated":true}]}}