{"id":50094,"date":"2025-04-24T21:02:10","date_gmt":"2025-04-24T21:02:10","guid":{"rendered":"https:\/\/www.europesays.com\/fr\/50094\/"},"modified":"2025-04-24T21:02:10","modified_gmt":"2025-04-24T21:02:10","slug":"les-traitres-pourquoi-jade-leboeuf-a-t-elle-abandonne-le-jeu-de-m-6","status":"publish","type":"post","link":"https:\/\/www.europesays.com\/fr\/50094\/","title":{"rendered":"\u00ab\u00a0Les Tra\u00eetres\u00a0\u00bb\u00a0: pourquoi Jade Leb\u0153uf a-t-elle abandonn\u00e9 le jeu de M\u00a06\u00a0?"},"content":{"rendered":"<p class=\"paragraph text_align_left\">Ce jeudi 24 avril, les fid\u00e8les <a href=\"https:\/\/www.leparisien.fr\/culture-loisirs\/tv\/les-traitres-dans-les-coulisses-du-tournage-hypersecret-du-jeu-a-succes-de-m-6-21-03-2025-GDAHSTU2IRG4PA4AO4Z445CX2Q.php\" target=\"_blank\" rel=\"nofollow noopener\">des \u00ab Tra\u00eetres \u00bb sur M 6<\/a> ont assist\u00e9 \u00e0 un petit-d\u00e9jeuner pas comme les autres. En effet, alors que les f\u00e9lons ont pu une nouvelle fois proposer \u00e0 un loyal de les rejoindre, une chaise est malgr\u00e9 tout rest\u00e9e vide : celle de la cr\u00e9atrice de contenu Jade Leb\u0153uf. \u00ab Sachez que Jade n\u2019a pas \u00e9t\u00e9 bannie par les tra\u00eetres. Malheureusement, \u00e0 cause d\u2019un \u00e9v\u00e9nement personnel, elle a d\u00fb quitter l\u2019aventure et ne pourra pas revenir \u00bb, a indiqu\u00e9 le pr\u00e9sentateur \u00c9ric Antoine.<\/p>\n<p class=\"paragraph text_align_left\">Du jamais-vu au cours des quatre pr\u00e9c\u00e9dentes \u00e9ditions des \u00ab Tra\u00eetres \u00bb &#8211; trois saisons traditionnelles et une sp\u00e9ciale pour <a href=\"https:\/\/www.leparisien.fr\/culture-loisirs\/6play\/\" target=\"_blank\" rel=\"nofollow noopener\">M 6 +<\/a> avec uniquement des influenceurs. \u00c0 l\u2019international, les abandons ne sont pas communs non plus. Quelques cas existent en Belgique, en Australie ou en Gr\u00e8ce, souvent pour des d\u00e9saccords avec les strat\u00e9gies mises en place par les autres participants.<\/p>\n","protected":false},"excerpt":{"rendered":"Ce jeudi 24 avril, les fid\u00e8les des \u00ab Tra\u00eetres \u00bb sur M 6 ont assist\u00e9 \u00e0 un petit-d\u00e9jeuner&hellip;\n","protected":false},"author":2,"featured_media":50095,"comment_status":"","ping_status":"","sticky":false,"template":"","format":"standard","meta":{"footnotes":""},"categories":[1356],"tags":[872,58,59,1011,27,252,2205,1364],"class_list":{"0":"post-50094","1":"post","2":"type-post","3":"status-publish","4":"format-standard","5":"has-post-thumbnail","7":"category-television","8":"tag-culture-et-loisirs","9":"tag-divertissement","10":"tag-entertainment","11":"tag-fr","12":"tag-france","13":"tag-television","14":"tag-television-medias","15":"tag-tv"},"share_on_mastodon":{"url":"https:\/\/pubeurope.com\/@fr\/114394965215731877","error":""},"_links":{"self":[{"href":"https:\/\/www.europesays.com\/fr\/wp-json\/wp\/v2\/posts\/50094","targetHints":{"allow":["GET"]}}],"collection":[{"href":"https:\/\/www.europesays.com\/fr\/wp-json\/wp\/v2\/posts"}],"about":[{"href":"https:\/\/www.europesays.com\/fr\/wp-json\/wp\/v2\/types\/post"}],"author":[{"embeddable":true,"href":"https:\/\/www.europesays.com\/fr\/wp-json\/wp\/v2\/users\/2"}],"replies":[{"embeddable":true,"href":"https:\/\/www.europesays.com\/fr\/wp-json\/wp\/v2\/comments?post=50094"}],"version-history":[{"count":0,"href":"https:\/\/www.europesays.com\/fr\/wp-json\/wp\/v2\/posts\/50094\/revisions"}],"wp:featuredmedia":[{"embeddable":true,"href":"https:\/\/www.europesays.com\/fr\/wp-json\/wp\/v2\/media\/50095"}],"wp:attachment":[{"href":"https:\/\/www.europesays.com\/fr\/wp-json\/wp\/v2\/media?parent=50094"}],"wp:term":[{"taxonomy":"category","embeddable":true,"href":"https:\/\/www.europesays.com\/fr\/wp-json\/wp\/v2\/categories?post=50094"},{"taxonomy":"post_tag","embeddable":true,"href":"https:\/\/www.europesays.com\/fr\/wp-json\/wp\/v2\/tags?post=50094"}],"curies":[{"name":"wp","href":"https:\/\/api.w.org\/{rel}","templated":true}]}}