{"id":500942,"date":"2025-10-30T22:43:11","date_gmt":"2025-10-30T22:43:11","guid":{"rendered":"https:\/\/www.europesays.com\/fr\/500942\/"},"modified":"2025-10-30T22:43:11","modified_gmt":"2025-10-30T22:43:11","slug":"quatre-matchs-de-suspension-ferme-pour-ismael-doukoure-apres-son-tacle-sur-fofana","status":"publish","type":"post","link":"https:\/\/www.europesays.com\/fr\/500942\/","title":{"rendered":"quatre matchs de suspension ferme pour Isma\u00ebl Doukour\u00e9 apr\u00e8s son tacle sur Fofana"},"content":{"rendered":"<p>\n    Le d\u00e9fenseur strasbourgeois a \u00e9cop\u00e9 de quatre matchs de suspension ferme apr\u00e8s son expulsion face \u00e0 Lyon \u00e0 la suite d\u2019un tacle sur Malick Fofana.<\/p>\n<p class=\"fig-paragraph\">D\u00e9j\u00e0 suspendu lors de la victoire de Strasbourg face \u00e0 Auxerre, Isma\u00ebl Doukour\u00e9 manquera encore trois rencontres de Ligue 1 face \u00e0 Rennes, Lille et Lens. La commission discipline de la LFP a sanctionn\u00e9 le d\u00e9fenseur alsacien pour son geste jug\u00e9 dangereux sur Malick Fofana au Groupama Stadium.\u00a0<a href=\"http:\/\/www.lefigaro.fr\/sports\/football\/ligue-1\/ligue-1-avec-la-longue-blessure-de-fofana-lyon-doit-reinventer-son-attaque-20251029\" data-fig-type=\"NewsFlash\" data-gtm-custom-categorie=\"navigation\" data-gtm-custom-action=\"crossclick\" data-gtm-custom-label=\"Contextuel\" data-gtm-event=\"customEventSPE\" data-fig-domain=\"LEFIGARO\" target=\"_blank\" rel=\"noopener\">L\u2019ailier belge sera absent trois mois.<\/a><\/p>\n<p class=\"fig-paragraph\">Dans le m\u00eame temps, le capitaine du FC Metz Gauthier Hein a \u00e9cop\u00e9 d\u2019un match ferme pour avoir retir\u00e9 son maillot apr\u00e8s son deuxi\u00e8me but contre Lens synonyme<a href=\"http:\/\/www.lefigaro.fr\/sports\/football\/ligue-1\/ligue-1-le-psg-accroche-a-lorient-premier-succes-pour-metz-20251029\" data-fig-type=\"NewsFlash\" data-gtm-custom-categorie=\"navigation\" data-gtm-custom-action=\"crossclick\" data-gtm-custom-label=\"Contextuel\" data-gtm-event=\"customEventSPE\" data-fig-domain=\"LEFIGARO\" target=\"_blank\" rel=\"noopener\">\u00a0de premi\u00e8re victoire des Grenats cette saison<\/a>. Le Parisien Thibault De Smet a re\u00e7u la m\u00eame sanction apr\u00e8s son expulsion face \u00e0 Lyon \u00e0 la suite de deux cartons jaunes. Quant \u00e0 Abner Vinicius, expuls\u00e9 sur ce m\u00eame match, son dossier a \u00e9t\u00e9 report\u00e9 \u00e0 \u00abtitre exceptionnel\u00bb au 5 novembre, mais il purgera tout de m\u00eame un match de suspension automatique ce dimanche face \u00e0 Brest.<\/p>\n<p>                                    <a class=\"fig-a11y-skip a11y-hidden\" href=\"#fig-a11y-skip-main-inarticle\"><br \/>\n        Passer la publicit\u00e9<br \/>\n    <\/a><\/p>\n<p class=\"fig-paragraph\">Le toulousain Aron D\u00f6nnum et le rennais Abdelhamid A\u00eft Boudlal manqueront \u00e9galement un match pour accumulation de cartons jaunes \u00e0 partir du 4 novembre. Enfin les stades du Moustoir et de la Beaujoire ont \u00e9t\u00e9 sanctionn\u00e9s par un huis clos partiel \u00e0 la suite de d\u00e9bordements lors des matchs de Lorient et Nantes.<\/p>\n","protected":false},"excerpt":{"rendered":"Le d\u00e9fenseur strasbourgeois a \u00e9cop\u00e9 de quatre matchs de suspension ferme apr\u00e8s son expulsion face \u00e0 Lyon \u00e0&hellip;\n","protected":false},"author":2,"featured_media":500943,"comment_status":"","ping_status":"","sticky":false,"template":"","format":"standard","meta":{"footnotes":""},"categories":[2820],"tags":[1111,11,1777,674,8113,1011,27,775,12,978,445,4448,25,640],"class_list":{"0":"post-500942","1":"post","2":"type-post","3":"status-publish","4":"format-standard","5":"has-post-thumbnail","7":"category-strasbourg","8":"tag-actu","9":"tag-actualites","10":"tag-eu","11":"tag-europe","12":"tag-fc-metz","13":"tag-fr","14":"tag-france","15":"tag-grand-est","16":"tag-news","17":"tag-olympique-lyonnais","18":"tag-paris-fc","19":"tag-rc-strasbourg","20":"tag-republique-francaise","21":"tag-strasbourg"},"share_on_mastodon":{"url":"https:\/\/pubeurope.com\/@fr\/115465538948091479","error":""},"_links":{"self":[{"href":"https:\/\/www.europesays.com\/fr\/wp-json\/wp\/v2\/posts\/500942","targetHints":{"allow":["GET"]}}],"collection":[{"href":"https:\/\/www.europesays.com\/fr\/wp-json\/wp\/v2\/posts"}],"about":[{"href":"https:\/\/www.europesays.com\/fr\/wp-json\/wp\/v2\/types\/post"}],"author":[{"embeddable":true,"href":"https:\/\/www.europesays.com\/fr\/wp-json\/wp\/v2\/users\/2"}],"replies":[{"embeddable":true,"href":"https:\/\/www.europesays.com\/fr\/wp-json\/wp\/v2\/comments?post=500942"}],"version-history":[{"count":0,"href":"https:\/\/www.europesays.com\/fr\/wp-json\/wp\/v2\/posts\/500942\/revisions"}],"wp:featuredmedia":[{"embeddable":true,"href":"https:\/\/www.europesays.com\/fr\/wp-json\/wp\/v2\/media\/500943"}],"wp:attachment":[{"href":"https:\/\/www.europesays.com\/fr\/wp-json\/wp\/v2\/media?parent=500942"}],"wp:term":[{"taxonomy":"category","embeddable":true,"href":"https:\/\/www.europesays.com\/fr\/wp-json\/wp\/v2\/categories?post=500942"},{"taxonomy":"post_tag","embeddable":true,"href":"https:\/\/www.europesays.com\/fr\/wp-json\/wp\/v2\/tags?post=500942"}],"curies":[{"name":"wp","href":"https:\/\/api.w.org\/{rel}","templated":true}]}}