{"id":500958,"date":"2025-10-30T22:51:13","date_gmt":"2025-10-30T22:51:13","guid":{"rendered":"https:\/\/www.europesays.com\/fr\/500958\/"},"modified":"2025-10-30T22:51:13","modified_gmt":"2025-10-30T22:51:13","slug":"toulouse-lumieres-sur-le-quai-le-rendez-vous-festif-et-populaire-du-quai-des-savoirs","status":"publish","type":"post","link":"https:\/\/www.europesays.com\/fr\/500958\/","title":{"rendered":"Toulouse. Lumi\u00e8res sur le Quai, le rendez-vous festif et populaire du Quai des savoirs"},"content":{"rendered":"<p>            Par<br \/>\n        <strong><br \/>\n            <a href=\"https:\/\/actu.fr\/auteur\/gabriel-kenedi\" title=\"Consulter tous les articles de Gabriel Kenedi\" target=\"_blank\" rel=\"noopener\">Gabriel Kenedi<\/a><br \/>\n        <\/strong><\/p>\n<p>        Publi\u00e9 le<\/p>\n<p>            30 oct. 2025 \u00e0 19h43        <\/p>\n<p>C\u2019est toujours un rendez-vous de <strong>Toulouse<\/strong> tr\u00e8s attendu <a href=\"https:\/\/actu.fr\/tag\/quai-des-savoirs\" target=\"_blank\" rel=\"noopener\">en automne au Quai des Savoirs<\/a> ! Festif et populaire, le festival Lumi\u00e8res sur le Quai invite chaque ann\u00e9e le public \u00e0 explorer un grand th\u00e8me sous des angles vari\u00e9s, m\u00ealant les regards de scientifiques, artistes et citoyens.<\/p>\n<p>Trois jours de f\u00eate\u00a0<\/p>\n<p data-end=\"612\" class=\" wall-content\">Pour cette nouvelle \u00e9dition, le Quai des Savoirs donne rendez-vous au public pour trois jours de f\u00eate, d\u2019\u00e9nergie collective et d\u2019\u00e9motions partag\u00e9es. En \u00e9cho<a href=\"https:\/\/actu.fr\/occitanie\/toulouse_31555\/toulouse-comme-des-moutons-avec-sa-nouvelle-expo-le-quai-des-savoirs-sinteresse-aux-foules_62174286.html\" target=\"_blank\" rel=\"noopener\"> \u00e0 l\u2019exposition \u00a0\u00bb Comme des moutons ? \u00ab\u00a0<\/a>, pr\u00e9sent\u00e9e depuis le 31 janvier, le festival abordera les notions <strong>de foule et d\u2019individu, de comportements collectifs, de d\u00e9mocratie, de cr\u00e9ation partag\u00e9e, ou encore de synchronisation<\/strong> \u2013 avec une attention particuli\u00e8re port\u00e9e aux jeunes enfants dans la foule.<\/p>\n<p>DJ set, expositions, installations artistiques\u2026<\/p>\n<p data-end=\"1023\" class=\" wall-content\">Durant tout le week-end, le Quai des Savoirs s\u2019animera au rythme de DJ sets, expositions et installations artistiques, ateliers participatifs, d\u00e9ambulations collectives. \u00ab\u00a0Un tourbillon festif, ouvert \u00e0 tous, o\u00f9 chacun \u2013 petit ou grand \u2013 pourra partager un moment joyeux et se laisser emporter par la foule\u00a0\u00bb, s\u2019enthousiasme l\u2019\u00e9quipe du Quai des Savoirs.<\/p>\n<p data-end=\"1023\" class=\" wall-content\">\u00ab\u00a0Le fil rouge de tout ce que vous allez d\u00e9couvrir pendant ces trois journ\u00e9es et deux soir\u00e9es, c\u2019est la science \u2013 ou plut\u00f4t les sciences ! Au Quai des Savoirs, nous aimons croiser les disciplines pour mieux comprendre notre quotidien et imaginer les futurs possibles\u00a0\u00bb, d\u00e9taille Laurent Chicoineau, le directeur du Quai des Savoirs.\u00a0<\/p>\n<p>Vid\u00e9os : en ce moment sur ActuDes nocturnes et spectacles\u00a0<br \/>\n    <img   decoding=\"async\" loading=\"lazy\" class=\"size-large\" src=\"https:\/\/www.europesays.com\/fr\/wp-content\/uploads\/2025\/10\/dd858ac75e736b1958ac75e7375958v-960x640.jpg\" alt=\"Le Quai des Savoirs se mettra en mode Futurapolis, \u00e0 Toulouse.\" width=\"960\" height=\"640\"\/><br \/>\n    Le Quai des Savoirs fait son festival !\u00a0 \u00a9Q.M \/ Actu Toulouse<\/p>\n<p class=\" wall-content\">Deux <strong>nocturnes sont notamment pr\u00e9vues<\/strong>. Vendredi 31 octobre, place \u00e0 une <strong>Clutcho \u00ab\u00a0Halloween\u00a0\u00bb<\/strong> : une soir\u00e9e culturelle enti\u00e8rement gratuite avec DJ Sets, expositions, spectacles, animations (les d\u00e9guisements sont bienvenus !), qui aura lieu de 19 heures \u00e0 23 heures. Le lendemain, place \u00e0 un DJ Set de Popissimi &amp; El Vidocq, en acc\u00e8s libre, sur les all\u00e9es Jules Guesde.\u00a0<\/p>\n<p>Votre r\u00e9gion, votre actu !<\/p>\n<p>Recevez chaque jour les infos qui comptent pour vous.<\/p>\n<p>\t<a href=\"https:\/\/actu.fr\/newsletter\" class=\"ac-btn ac-btn--corner ac-btn--medium ac-btn--blue800\" target=\"_blank\" rel=\"noopener\">S&rsquo;incrire<\/a><\/p>\n<p class=\" wall-content\">Samedi ( \u00e0 11h, et de 15h \u00e0 20h) et dimanche (de 11h \u00e0 17h), le Quai des Savoirs proposera des initiations et <strong>d\u00e9monstrations de danse et musique aux passants<\/strong>. Une invitation \u00e0 se laisser emporter par la foule ! Les petits ne seront pas en reste, avec notamment<strong> la Boum organis\u00e9e samedi 1er novembre<\/strong> \u00e0 partir de 18 heures et jusqu\u2019\u00e0 23 heures, au Quai des Petits.<\/p>\n<p>Mini-podcasts<\/p>\n<p class=\" wall-content\">C\u2019est aussi une des marques de fabrique de Lumi\u00e8res sur le Quai : plusieurs installations artistiques seront \u00e0 d\u00e9couvrir durant ces trois jours, comme l\u2019\u0153uvre photographie en constance \u00e9volution de Angelica Dass, \u00ab\u00a0Humanae\u00a0\u00bb, ou \u00ab\u00a0La Manif Peinte\u00a0\u00bb, une installation qui rejoue avec humour les possibles d\u2019une d\u00e9mocratie o\u00f9 chacun a droit \u00e0 sa pancarte !<\/p>\n<p class=\" wall-content\">Au total, six installations seront visibles sur les All\u00e9es Jules Guesde\u2026 \u00ab\u00a0Avec une nouveaut\u00e9 cette ann\u00e9e, les<strong> mini-podcasts 3 questions sur\u2026 <\/strong>qui donnent la parole \u00e0 des scientifiques en rebond aux propositions artistiques\u00a0\u00bb, compl\u00e8te Laurent Chicoineau. Histoire, d\u2019aller plus loin ! Enfin, ce riche week-end sera aussi l\u2019occasion de voir une derni\u00e8re fois l\u2019expo \u00ab\u00a0Comme des Moutons\u00a0\u00bb, qui s\u2019ach\u00e8ve ce 2 novembre !\u00a0<\/p>\n<p class=\" wall-content\">Personnalisez votre actualit\u00e9 en ajoutant vos villes et m\u00e9dias en favori avec <a href=\"https:\/\/moncompte.actu.fr\" title=\"D\u00e9couvez Mon Actu\" rel=\"nofollow noopener\" data-trk=\"{&quot;cta&quot;:{&quot;action&quot;:&quot;https:\\\/\\\/moncompte.actu.fr&quot;,&quot;category&quot;:&quot;mon compte&quot;,&quot;from&quot;:&quot;article footer&quot;,&quot;name&quot;:&quot;Mon actu&quot;,&quot;type&quot;:&quot;cta&quot;}}\" target=\"_blank\">Mon Actu<\/a>.<\/p>\n","protected":false},"excerpt":{"rendered":"Par Gabriel Kenedi Publi\u00e9 le 30 oct. 2025 \u00e0 19h43 C\u2019est toujours un rendez-vous de Toulouse tr\u00e8s attendu&hellip;\n","protected":false},"author":2,"featured_media":500959,"comment_status":"","ping_status":"","sticky":false,"template":"","format":"standard","meta":{"footnotes":""},"categories":[2816],"tags":[1111,11,1777,674,1011,27,1652,12,2680,25,1341,2312],"class_list":{"0":"post-500958","1":"post","2":"type-post","3":"status-publish","4":"format-standard","5":"has-post-thumbnail","7":"category-toulouse","8":"tag-actu","9":"tag-actualites","10":"tag-eu","11":"tag-europe","12":"tag-fr","13":"tag-france","14":"tag-loisirs-culture","15":"tag-news","16":"tag-occitanie","17":"tag-republique-francaise","18":"tag-sortir-a-toulouse","19":"tag-toulouse"},"share_on_mastodon":{"url":"https:\/\/pubeurope.com\/@fr\/115465570606265481","error":""},"_links":{"self":[{"href":"https:\/\/www.europesays.com\/fr\/wp-json\/wp\/v2\/posts\/500958","targetHints":{"allow":["GET"]}}],"collection":[{"href":"https:\/\/www.europesays.com\/fr\/wp-json\/wp\/v2\/posts"}],"about":[{"href":"https:\/\/www.europesays.com\/fr\/wp-json\/wp\/v2\/types\/post"}],"author":[{"embeddable":true,"href":"https:\/\/www.europesays.com\/fr\/wp-json\/wp\/v2\/users\/2"}],"replies":[{"embeddable":true,"href":"https:\/\/www.europesays.com\/fr\/wp-json\/wp\/v2\/comments?post=500958"}],"version-history":[{"count":0,"href":"https:\/\/www.europesays.com\/fr\/wp-json\/wp\/v2\/posts\/500958\/revisions"}],"wp:featuredmedia":[{"embeddable":true,"href":"https:\/\/www.europesays.com\/fr\/wp-json\/wp\/v2\/media\/500959"}],"wp:attachment":[{"href":"https:\/\/www.europesays.com\/fr\/wp-json\/wp\/v2\/media?parent=500958"}],"wp:term":[{"taxonomy":"category","embeddable":true,"href":"https:\/\/www.europesays.com\/fr\/wp-json\/wp\/v2\/categories?post=500958"},{"taxonomy":"post_tag","embeddable":true,"href":"https:\/\/www.europesays.com\/fr\/wp-json\/wp\/v2\/tags?post=500958"}],"curies":[{"name":"wp","href":"https:\/\/api.w.org\/{rel}","templated":true}]}}