{"id":50096,"date":"2025-04-24T21:03:21","date_gmt":"2025-04-24T21:03:21","guid":{"rendered":"https:\/\/www.europesays.com\/fr\/50096\/"},"modified":"2025-04-24T21:03:21","modified_gmt":"2025-04-24T21:03:21","slug":"florian-rossi-le-compagnon-de-louane-donne-de-ses-nouvelles-apres-des-problemes-de-sante","status":"publish","type":"post","link":"https:\/\/www.europesays.com\/fr\/50096\/","title":{"rendered":"Florian Rossi, le compagnon de Louane, donne de ses nouvelles apr\u00e8s des probl\u00e8mes de sant\u00e9"},"content":{"rendered":"<p>Absent des r\u00e9seaux sociaux depuis deux semaines \u00e0 cause de soucis de sant\u00e9, Florian Rossi, le compagnon de Louane, a bris\u00e9 le silence ce jeudi 24 avril. L&rsquo;occasion pour lui de donner de bonnes nouvelles.<\/p>\n<p>En couple depuis de nombreuses ann\u00e9es d\u00e9j\u00e0, <a href=\"https:\/\/www.programme-tv.net\/news\/loisirs\/370916-le-vrai-coup-de-foudre-a-sens-unique-louane-raconte-sa-rencontre-avec-le-pere-de-sa-fille-florian-rossi\/\" data-api-deeplink=\"teleloisirs:\/\/news\/370916\" target=\"_blank\" rel=\"noopener\">Louane et Florian Rossi sont ins\u00e9parables depuis leur coup de foudre.<\/a> Si bien qu&rsquo;en 2020, ils d\u00e9cident de fonder une famille et <a href=\"https:\/\/www.programme-tv.net\/news\/tv\/370851-cest-un-truc-ou-je-suis-un-peu-dure-louane-intransigeante-sur-l-education-de-sa-fille-cette-valeur-sur-laquelle-elle-insiste-video\/\" data-api-deeplink=\"teleloisirs:\/\/news\/370851\" target=\"_blank\" rel=\"noopener\">une petite fille qui se pr\u00e9nomme Esm\u00e9e est n\u00e9e en mars 2020<\/a>. Depuis, c&rsquo;est soud\u00e9s qu&rsquo;ils \u00e9l\u00e8vent leur enfant. Ils sont \u00e9galement tr\u00e8s proches sur le plan professionnel puisqu&rsquo;ils sont tous les deux des artistes. Mais celui qui se fait appeler P3GASE a rencontr\u00e9 des soucis de sant\u00e9 ces derniers temps qui l&rsquo;ont forc\u00e9 \u00e0 se reposer et s&rsquo;\u00e9loigner des studios d&rsquo;enregistrement.<\/p>\n<p>Florian Rossi souffrant \u00e0 l&rsquo;oreille, il rassure sa communaut\u00e9 : \u00ab\u00a0Enfin de retour\u00a0\u00bb<\/p>\n<p>\u00ab\u00a0J\u2019ai une oreille un peu malade depuis quelques jours, je vais devoir malheureusement reporter le Petit Live du Dimanche\u00a0\u00bb, avait-il confi\u00e9 le 13 avril dernier avant de pr\u00e9ciser, \u00ab\u00a0Pas d&rsquo;inqui\u00e9tude !\u00a0\u00bb. Depuis, silence radio. Apr\u00e8s avoir indiqu\u00e9 qu&rsquo;il donnerait des nouvelles, Florian Rossi l&rsquo;a fait ce jeudi 24 avril. Sur Instagram, il a rassur\u00e9 sa communaut\u00e9 : \u00ab\u00a0Enfin de retour, <b>mon oreille est soign\u00e9e<\/b>\u00ab\u00a0. Il poursuit : \u00ab\u00a0Merci pour tous vos petits messages de soutien pendant ces deux derni\u00e8res semaines\u00a0\u00bb. Dans la foul\u00e9e, le chanteur partageait \u00e0 ses abonn\u00e9s un cover \u00ab\u00a0pour tester [son] oreille toute neuve\u00a0\u00bb. Quelques heures plus tard, il d\u00e9couvrait que son titre faisait son bout de chemin parmi ceux les plus \u00e9cout\u00e9s du moment. Un moment parfait pour annoncer une prochaine date de concert \u00e0 Paris.<\/p>\n<p>                        <b>Quand sa compagne Louane \u00e9voquait sa relation avec les autres participants&#8230;<\/b><\/p>\n<p>D&rsquo;ici quelques semaines, le samedi 17 mai, Louane se produira sur la sc\u00e8ne \u00e0 B\u00e2le, en Suisse, pour esp\u00e9rer remporter le Concours de l&rsquo;Eurovision 2025. De passage dans C \u00e0 Vous, <a href=\"https:\/\/www.programme-tv.net\/news\/evenement\/eurovision\/377223-louane-chante-maman-en-piano-voix-pour-l-eurovision-cette-nouvelle-version-de-sa-chanson-emballe-les-internautes\/\" data-api-deeplink=\"teleloisirs:\/\/news\/377223\" target=\"_blank\" rel=\"noopener\">celle qui interpr\u00e9tera son titre Maman<\/a> s&rsquo;est confi\u00e9e sur <a href=\"https:\/\/www.programme-tv.net\/news\/musique\/377356-quoi-qu-il-arrive-pas-de-coups-bas-louane-se-confie-sur-sa-relation-avec-les-autres-participants-a-l-eurovision-2025-et-evoque-l-ambiance-en-coulisses\/\" data-api-deeplink=\"teleloisirs:\/\/news\/377356\" target=\"_blank\" rel=\"noopener\">sa relation avec les autres participants<\/a>. Elle a ainsi d\u00e9clar\u00e9 qu&rsquo;ils formaient \u00ab\u00a0une vraie famille\u00a0\u00bb : \u00ab\u00a0C&rsquo;est assez dr\u00f4le, mais on a un groupe Instagram tous ensemble o\u00f9 on s&rsquo;\u00e9crit litt\u00e9ralement tous les jours\u00a0\u00bb. Par cons\u00e9quent, \u00ab\u00a0pas de coups bas\u00a0\u00bb \u00e0 pr\u00e9voir entre eux : \u00ab\u00a0On s&rsquo;est promis que, quoi qu\u2019il arrive, \u00e0 la fin on reste potes\u00a0\u00bb. N\u00e9anmoins, reste maintenant \u00e0 savoir si elle gagnera avec son titre.<\/p>\n","protected":false},"excerpt":{"rendered":"Absent des r\u00e9seaux sociaux depuis deux semaines \u00e0 cause de soucis de sant\u00e9, Florian Rossi, le compagnon de&hellip;\n","protected":false},"author":2,"featured_media":50097,"comment_status":"","ping_status":"","sticky":false,"template":"","format":"standard","meta":{"footnotes":""},"categories":[1355],"tags":[244,58,59,14255,1011,27,14256,14254,1361,873,14257],"class_list":{"0":"post-50096","1":"post","2":"type-post","3":"status-publish","4":"format-standard","5":"has-post-thumbnail","7":"category-musique","8":"tag-commentaire","9":"tag-divertissement","10":"tag-entertainment","11":"tag-florian-rossi","12":"tag-fr","13":"tag-france","14":"tag-guid_6162355187001","15":"tag-louane-emera","16":"tag-music","17":"tag-musique","18":"tag-uuid_f2bd3dd5-25d4-4529-81a8-43390a2c4961"},"share_on_mastodon":{"url":"https:\/\/pubeurope.com\/@fr\/114394969159718565","error":""},"_links":{"self":[{"href":"https:\/\/www.europesays.com\/fr\/wp-json\/wp\/v2\/posts\/50096","targetHints":{"allow":["GET"]}}],"collection":[{"href":"https:\/\/www.europesays.com\/fr\/wp-json\/wp\/v2\/posts"}],"about":[{"href":"https:\/\/www.europesays.com\/fr\/wp-json\/wp\/v2\/types\/post"}],"author":[{"embeddable":true,"href":"https:\/\/www.europesays.com\/fr\/wp-json\/wp\/v2\/users\/2"}],"replies":[{"embeddable":true,"href":"https:\/\/www.europesays.com\/fr\/wp-json\/wp\/v2\/comments?post=50096"}],"version-history":[{"count":0,"href":"https:\/\/www.europesays.com\/fr\/wp-json\/wp\/v2\/posts\/50096\/revisions"}],"wp:featuredmedia":[{"embeddable":true,"href":"https:\/\/www.europesays.com\/fr\/wp-json\/wp\/v2\/media\/50097"}],"wp:attachment":[{"href":"https:\/\/www.europesays.com\/fr\/wp-json\/wp\/v2\/media?parent=50096"}],"wp:term":[{"taxonomy":"category","embeddable":true,"href":"https:\/\/www.europesays.com\/fr\/wp-json\/wp\/v2\/categories?post=50096"},{"taxonomy":"post_tag","embeddable":true,"href":"https:\/\/www.europesays.com\/fr\/wp-json\/wp\/v2\/tags?post=50096"}],"curies":[{"name":"wp","href":"https:\/\/api.w.org\/{rel}","templated":true}]}}