{"id":500964,"date":"2025-10-30T22:54:19","date_gmt":"2025-10-30T22:54:19","guid":{"rendered":"https:\/\/www.europesays.com\/fr\/500964\/"},"modified":"2025-10-30T22:54:19","modified_gmt":"2025-10-30T22:54:19","slug":"souvenirs-et-nostalgie-cette-exposition-retrace-lhistoire-de-marseille-avec-des-photos-exceptionnelles-marseille","status":"publish","type":"post","link":"https:\/\/www.europesays.com\/fr\/500964\/","title":{"rendered":"Souvenirs et nostalgie: Cette exposition retrace l&rsquo;histoire de Marseille avec des photos exceptionnelles &#8211; Marseille"},"content":{"rendered":"<p>Qui se souvient de l\u2019immense parking en silo install\u00e9 au Cours d\u2019Estienne d\u2019Orves, de la Canebi\u00e8re et du Vieux-Port avant sa pi\u00e9tonisation, des quais du port de la Joliette, de la Porte d\u2019Aix ? Gr\u00e2ce au travail des photographes Detaille, on retrouve tout un suivi de l&rsquo;histoire de Marseille depuis 1897 et m\u00eame jusqu&rsquo;en 1860 avec des clich\u00e9s ant\u00e9rieurs qui apportent un t\u00e9moignage document\u00e9 de la vie de la cit\u00e9.<\/p>\n<p>&#13;<\/p>\n<p>\t\t\t\tTrois g\u00e9n\u00e9rations de photographes pour immortaliser Marseille&#13;<br \/>\n<a href=\"https:\/\/www.europesays.com\/fr\/wp-content\/uploads\/2025\/10\/11600.jpg\" data-fancybox=\"gallery\" class=\"grouped_elements\" rel=\"example_group\"><img decoding=\"async\" src=\"https:\/\/www.europesays.com\/fr\/wp-content\/uploads\/2025\/10\/11600.jpg\" class=\"include_img\" loading=\"lazy\"\/><\/a><\/p>\n<p>Avant le Centre Bourse et le Jardin des Vestiges \u00a9 fonds Detaille, coll. Mus\u00e9e d&rsquo;Histoire de Marseille<\/p>\n<p>&#13;<\/p>\n<p style=\"margin-left: 30px;\">Depuis 1897, Fernand, Albert et G\u00e9rard Detaille ont r\u00e9alis\u00e9 un impressionnant travail d\u2019immortalisation de la vie \u00e0 Marseille. Trois g\u00e9n\u00e9rations de photographes et des centaines de milliers de clich\u00e9s captur\u00e9s durant pr\u00e8s de 130 ans. <strong>Venu d\u2019Amiens en 1901, Fernand Detaille va reprendre le c\u00e9l\u00e8bre atelier Nadar install\u00e9 sur la Canebi\u00e8re,<\/strong> ce sera le d\u00e9but d\u2019une grande histoire d\u2019amour avec Marseille.<\/p>\n<p>&#13;<\/p>\n<p style=\"margin-left: 30px;\">Si certains clich\u00e9s viennent puiser dans la m\u00e9moire des plus anciens, d\u2019autres nous content l\u2019histoire de Marseille : <strong>On d\u00e9couvre en d\u00e9tail ce haut lieu du shopping qu\u2019\u00e9taient les Nouvelles Galeries sur la Canebi\u00e8re<\/strong>, un d\u00e9couvre un Vieux-Port o\u00f9 les bateaux \u00e0 voile r\u00e8gnent encore en ma\u00eetre, on croit reconna\u00eetre la fameuse \u00ab Sartine \u00bb qui boucha le Vieux-Port, coul\u00e9e devant le Fort Saint-Jean mais \u00e0 la Lib\u00e9ration cette fois-ci. On parcourt <strong>une Marseille heureuse ou meurtrie, des sc\u00e8nes de vie pleines de nostalgie et d&rsquo;humanit\u00e9<\/strong>.<\/p>\n<p>&#13;<br \/>\nUn fonds de 500 000 photographies, v\u00e9ritable tr\u00e9sor arch\u00e9ologique sur l&rsquo;histoire de Marseille&#13;<br \/>\n<a href=\"https:\/\/www.europesays.com\/fr\/wp-content\/uploads\/2025\/10\/11599.jpg\" data-fancybox=\"gallery\" class=\"grouped_elements\" rel=\"example_group\"><img decoding=\"async\" src=\"https:\/\/www.europesays.com\/fr\/wp-content\/uploads\/2025\/10\/11599.jpg\" class=\"include_img\" loading=\"lazy\"\/><\/a><\/p>\n<p>Marseille au moment de la Lib\u00e9ration \u00a9 fonds Detaille, coll. Mus\u00e9e d&rsquo;Histoire de Marseille<\/p>\n<p>&#13;<\/p>\n<p style=\"margin-left: 30px;\">En 2021, la Ville de Marseille a fait l\u2019acquisition du fonds photographique Detaille. <strong>Il y aurait plus de 500 000 clich\u00e9s \u00e0 trier, une quantit\u00e9 ph\u00e9nom\u00e9nale de documents d\u00e9di\u00e9s principalement \u00e0 Marseille, mais aussi \u00e0 la Provence et d\u2019une mani\u00e8re g\u00e9n\u00e9rale au sud-est de la France.<\/strong><\/p>\n<p>&#13;<\/p>\n<p style=\"margin-left: 30px;\">On y retrouve de nombreux portraits, mais aussi des photos de chantiers et de monuments, et \u00e9galement <strong>beaucoup de clich\u00e9s d\u2019actualit\u00e9<\/strong> puisque ces photographes alimentaient aussi les agences de presse de l&rsquo;\u00e9poque.<\/p>\n<p>&#13;<\/p>\n<p style=\"margin-left: 30px;\">Si l\u2019exposition retrace 164 ans d\u2019histoire de Marseille, c\u2019est que le fonds va plus en amont de l\u2019arriv\u00e9e de Fernand Detaille en 1897 \u00e0 Marseille, <strong>en int\u00e9grant des clich\u00e9s d\u2019autres photographes, dont Adolphe Terris et Henry Ely. <\/strong>Certains clich\u00e9s remontent ainsi jusqu&rsquo;en 1860.<\/p>\n<p>&#13;<br \/>\nDes ressources et une collection de r\u00e9f\u00e9rence pour le Mus\u00e9e d&rsquo;Histoire et les chercheurs&#13;<br \/>\n<a href=\"https:\/\/www.europesays.com\/fr\/wp-content\/uploads\/2025\/10\/11601.jpg\" data-fancybox=\"gallery\" class=\"grouped_elements\" rel=\"example_group\"><img decoding=\"async\" src=\"https:\/\/www.europesays.com\/fr\/wp-content\/uploads\/2025\/10\/11601.jpg\" class=\"include_img\" loading=\"lazy\"\/><\/a><\/p>\n<p>Marchandises sur le Vieux-Port de Marseille, photographie de Fernand Detaille, vers 1890, fonds Detaille, coll. Mus\u00e9e d&rsquo;Histoire de Marseille.<\/p>\n<p>&#13;<\/p>\n<p style=\"margin-left: 30px;\">Avec \u00ab seulement \u00bb quelques centaines de clich\u00e9s expos\u00e9s dans cette exposition, ce n\u2019est donc qu\u2019un tout petit aper\u00e7u du fond Detaille. \u00ab C\u2019est un v\u00e9ritable travail arch\u00e9ologique d\u2019explorer l\u2019\u00e9tendue de ce fonds. Rien que pour le d\u00e9placer, on a rempli 20 camions et 50 palettes \u00bb se r\u00e9jouit Fabrice Denise, le directeur du Mus\u00e9e d\u2019Histoire de Marseille. Le travail ne fait que commencer car<strong> d\u00e9sormais, il va falloir trier, num\u00e9riser et surtout restaurer certains films et \u00e9preuves<\/strong> qui portent encore les stigmates de l\u2019incendie des Nouvelles Galeries, adjacent au studio des Detaille \u00e0 l\u2019\u00e9poque sur la Canebi\u00e8re.<\/p>\n<p>&#13;<br \/>\n<a href=\"https:\/\/www.europesays.com\/fr\/wp-content\/uploads\/2025\/10\/11598.jpg\" data-fancybox=\"gallery\" class=\"grouped_elements\" rel=\"example_group\"><img decoding=\"async\" src=\"https:\/\/www.europesays.com\/fr\/wp-content\/uploads\/2025\/10\/11598.jpg\" class=\"include_img\" loading=\"lazy\"\/><\/a><\/p>\n<p>L&rsquo;incendie des Nouvelles Galeries \u00a9 fonds Detaille, coll. Mus\u00e9e d&rsquo;Histoire de Marseille<\/p>\n<p>&#13;<\/p>\n<p style=\"margin-left: 30px;\">De quoi ouvrir de nouvelles perspectives pour ce mus\u00e9e de l\u2019histoire de Marseille, avec un suivi d\u00e9taill\u00e9 et en image de l\u2019actualit\u00e9 et de la vie \u00e0 Marseille pendant pr\u00e8s de 130 ans, et m\u00eame un peu plus en int\u00e9grant les clich\u00e9s d\u2019Ely et autres p\u00e9pites qui permettent de remonter, aux origines de la photographie, dans les ann\u00e9es 1860, avec notamment<strong> les tous premiers clich\u00e9s de la Canebi\u00e8re qu\u2019elle qu\u2019on la conna\u00eet aujourd\u2019hui ou de la construction de la basilique Notre-Dame de la Garde.<\/strong><\/p>\n<p>&#13;<\/p>\n<p style=\"margin-left: 30px;\">\u00ab On peut retracer toute l\u2019histoire de Marseille au XX\u00e8me si\u00e8cle \u00bb explique Fabrice Denise, qui retrouve l\u00e0, toute la m\u00e9moire des monuments, constructions, fouilles, \u00e9v\u00e9nements et personnages qui ont marqu\u00e9 l\u2019histoire de Marseille : <strong>L\u2019arriv\u00e9e de Gandhi, l\u2019exposition coloniale,<\/strong> l\u2019incendie des Nouvelles Galeries, l\u2019occupation puis la lib\u00e9ration de Marseille, ou encore <strong>plus r\u00e9cemment la visite du pape Fran\u00e7ois immortalis\u00e9e par G\u00e9rard Detaille.<\/strong><\/p>\n<p>&#13;<br \/>\nUne phototh\u00e8que bient\u00f4t cr\u00e9\u00e9e dans le\u00a0Mus\u00e9e d\u2019Histoire de Marseille&#13;<\/p>\n<p><a href=\"https:\/\/www.europesays.com\/fr\/wp-content\/uploads\/2025\/10\/11602.jpg\" data-fancybox=\"gallery\" class=\"grouped_elements\" rel=\"example_group\"><img decoding=\"async\" src=\"https:\/\/www.europesays.com\/fr\/wp-content\/uploads\/2025\/10\/11602.jpg\" class=\"include_img\" loading=\"lazy\"\/><\/a><\/p>\n<p>G\u00e9rard Detaille devant la photo de son grand p\u00e8re<\/p>\n<\/p>\n<p>&#13;<\/p>\n<p style=\"margin-left: 30px;\">La prochaine \u00e9tape sera l<strong>\u2019installation d\u2019une phototh\u00e8que permanente au sein du Mus\u00e9e d\u2019Histoire de Marseille,<\/strong> avec un parcours qui permettra au public, visiteurs et chercheurs, de parcourir plus en d\u00e9tail ce fonds, au travers de photos pr\u00e9sent\u00e9es in situ et d\u2019un acc\u00e8s aux documents num\u00e9ris\u00e9s.<\/p>\n<p>&#13;<\/p>\n<p style=\"margin-left: 30px;\">En attendant, et pendant un an, le public peut d\u00e9couvrir ce premier aper\u00e7u au Mus\u00e9e d\u2019Histoire de Marseille, avec cette exposition pr\u00e9sent\u00e9e jusqu&rsquo;au 31 octobre 2026 au rez-de-chauss\u00e9e du mus\u00e9e.<\/p>\n<p>&#13;<\/p>\n<p>\t\t\t\t&#13;<br \/>\n<a href=\"https:\/\/www.europesays.com\/fr\/wp-content\/uploads\/2025\/10\/11603.jpg\" data-fancybox=\"gallery\" class=\"grouped_elements\" rel=\"example_group\"><img decoding=\"async\" src=\"https:\/\/www.europesays.com\/fr\/wp-content\/uploads\/2025\/10\/11603.jpg\" class=\"include_img\" loading=\"lazy\"\/><\/a><\/p>\n<p>Vue de l&rsquo;exposition<\/p>\n<p>&#13;<\/p>\n<p>Cr\u00e9dit image de une :\u00a0Le pont transbordeur, photographie de Fernand\u00a0Detaille, vers 1900, fonds Detaille, coll. Mus\u00e9e\u00a0d&rsquo;Histoire de Marseille.<\/p>\n","protected":false},"excerpt":{"rendered":"Qui se souvient de l\u2019immense parking en silo install\u00e9 au Cours d\u2019Estienne d\u2019Orves, de la Canebi\u00e8re et du&hellip;\n","protected":false},"author":2,"featured_media":500965,"comment_status":"","ping_status":"","sticky":false,"template":"","format":"standard","meta":{"footnotes":""},"categories":[2814],"tags":[1111,11,1777,674,1011,27,884,12,882,25],"class_list":{"0":"post-500964","1":"post","2":"type-post","3":"status-publish","4":"format-standard","5":"has-post-thumbnail","7":"category-marseille","8":"tag-actu","9":"tag-actualites","10":"tag-eu","11":"tag-europe","12":"tag-fr","13":"tag-france","14":"tag-marseille","15":"tag-news","16":"tag-provence-alpes-cote-dazur","17":"tag-republique-francaise"},"share_on_mastodon":{"url":"https:\/\/pubeurope.com\/@fr\/115465583313215781","error":""},"_links":{"self":[{"href":"https:\/\/www.europesays.com\/fr\/wp-json\/wp\/v2\/posts\/500964","targetHints":{"allow":["GET"]}}],"collection":[{"href":"https:\/\/www.europesays.com\/fr\/wp-json\/wp\/v2\/posts"}],"about":[{"href":"https:\/\/www.europesays.com\/fr\/wp-json\/wp\/v2\/types\/post"}],"author":[{"embeddable":true,"href":"https:\/\/www.europesays.com\/fr\/wp-json\/wp\/v2\/users\/2"}],"replies":[{"embeddable":true,"href":"https:\/\/www.europesays.com\/fr\/wp-json\/wp\/v2\/comments?post=500964"}],"version-history":[{"count":0,"href":"https:\/\/www.europesays.com\/fr\/wp-json\/wp\/v2\/posts\/500964\/revisions"}],"wp:featuredmedia":[{"embeddable":true,"href":"https:\/\/www.europesays.com\/fr\/wp-json\/wp\/v2\/media\/500965"}],"wp:attachment":[{"href":"https:\/\/www.europesays.com\/fr\/wp-json\/wp\/v2\/media?parent=500964"}],"wp:term":[{"taxonomy":"category","embeddable":true,"href":"https:\/\/www.europesays.com\/fr\/wp-json\/wp\/v2\/categories?post=500964"},{"taxonomy":"post_tag","embeddable":true,"href":"https:\/\/www.europesays.com\/fr\/wp-json\/wp\/v2\/tags?post=500964"}],"curies":[{"name":"wp","href":"https:\/\/api.w.org\/{rel}","templated":true}]}}