{"id":500966,"date":"2025-10-30T22:55:24","date_gmt":"2025-10-30T22:55:24","guid":{"rendered":"https:\/\/www.europesays.com\/fr\/500966\/"},"modified":"2025-10-30T22:55:24","modified_gmt":"2025-10-30T22:55:24","slug":"galeries-lafayette-les-deux-magasins-de-marseille-fermeront-definitivement-plus-tot-que-prevu","status":"publish","type":"post","link":"https:\/\/www.europesays.com\/fr\/500966\/","title":{"rendered":"Galeries Lafayette : les deux magasins de Marseille fermeront d\u00e9finitivement plus t\u00f4t que pr\u00e9vu"},"content":{"rendered":"<p>Le d\u00e9part avait \u00e9t\u00e9 annonc\u00e9, il est d\u00e9sormais imminent. La date exacte de la fermeture d\u00e9finitive des magasins Galeries Lafayette du Centre Bourse et Prado Shopping \u00e0 Marseille <strong>est fix\u00e9e au 15 novembre, soit tr\u00e8s exactement 14 jours plus t\u00f4t que la date initiale<\/strong> selon <a href=\"https:\/\/www.francebleu.fr\/infos\/economie-social\/info-ici-provence-les-deux-magasins-des-galeries-lafayette-de-marseille-vont-fermer-definitivement-le-15-novembre-5349520\" target=\"_blank\" rel=\"noopener\">ici Provence<\/a>. La d\u00e9cision a \u00e9t\u00e9 prise mercredi 29 octobre dans l&rsquo;apr\u00e8s-midi \u00e0 l&rsquo;issue d&rsquo;une <strong>concertation entre la direction et les syndicats des 145 salari\u00e9s des enseignes<\/strong>. Depuis plusieurs semaines, les deux magasins \u00e9taient en <a href=\"https:\/\/www.capital.fr\/entreprises-marches\/liquidation-judiciaire-definition-et-caracteristiques-1441981\" target=\"_blank\" rel=\"noopener\">liquidation<\/a>. Les remises <strong>allant jusqu&rsquo;\u00e0 80% avaient suscit\u00e9 un <\/strong><a href=\"https:\/\/www.capital.fr\/conso\/liquidation-des-stocks-aux-galeries-lafayette-c-est-la-course-aux-bonnes-affaires-avant-la-fermeture-1519620\" target=\"_blank\" rel=\"noopener\"><strong>grand chaos<\/strong><\/a> dans les rayons des Galeries qui \u00e9taient d\u00e9sormais quasiment vides depuis plusieurs jours.<\/p>\n<p>\u00c0 quelques mois des \u00e9lections municipales, cet \u00e9v\u00e9nement n&rsquo;est pas pass\u00e9 inaper\u00e7u pour les repr\u00e9sentants politiques. Beno\u00eet Payan a propos\u00e9 que les locaux du Centre Bourse soient rachet\u00e9s par la ville pour en faire <strong>\u00ab\u00a0un lieu pour relancer l&rsquo;activit\u00e9 de l&rsquo;hyper centre, un lieu qui apaise\u00a0\u00bb<\/strong>. De son c\u00f4t\u00e9, la pr\u00e9sidente de la m\u00e9tropole divers droite Martine Vassal a \u00e9voqu\u00e9 \u00ab\u00a0un espace commercial d\u00e9di\u00e9 aux <strong>produits fabriqu\u00e9s en Provence<\/strong>, des commerces et des espaces ludiques pour les plus jeunes, une maison de l&rsquo;enfant avec notamment des cr\u00e8ches, un poumon vert gardienn\u00e9 ou encore des halles et <strong>une \u00e9cole de cuisine<\/strong>\u00a0\u00bb.<\/p>\n<p>Des enseignes en difficult\u00e9 partout en France<\/p>\n<p>Les magasins marseillais ne sont pas les seuls \u00e0 souffrir de difficult\u00e9s \u00e9conomiques. \u00c0 Paris, la r\u00e9cente <a href=\"https:\/\/www.capital.fr\/entreprises-marches\/premieres-boutiques-shein-pourquoi-les-galeries-lafayette-sont-dans-l-embarras-1519147\" target=\"_blank\" rel=\"noopener\">pol\u00e9mique<\/a> <strong>autour de l&rsquo;arriv\u00e9e de <\/strong><a href=\"https:\/\/www.capital.fr\/entreprises-marches\/shein-aux-galeries-lafayette-et-au-bhv-la-federation-francaise-du-pret-a-porter-feminin-s-insurge-1519032\" target=\"_blank\" rel=\"noopener\"><strong>Shein dans les enseignes parisiennes<\/strong><\/a><strong> a mis en \u00e9vidence les grosses difficult\u00e9s \u00e9conomiques du groupe<\/strong> \u00e0 travers tout l&rsquo;Hexagone. Les Galeries Lafayette avaient exprim\u00e9 leur \u00abprofond d\u00e9saccord avec cette d\u00e9cision au regard du positionnement et des pratiques de cette marque d&rsquo;Ultra fast fashion qui est en <strong>contradiction avec leur offre et leurs valeurs<\/strong>\u00bb.<\/p>\n","protected":false},"excerpt":{"rendered":"Le d\u00e9part avait \u00e9t\u00e9 annonc\u00e9, il est d\u00e9sormais imminent. La date exacte de la fermeture d\u00e9finitive des magasins&hellip;\n","protected":false},"author":2,"featured_media":500967,"comment_status":"","ping_status":"","sticky":false,"template":"","format":"standard","meta":{"footnotes":""},"categories":[2814],"tags":[1111,11,215,2105,1777,674,1011,27,4238,13225,884,12,882,25],"class_list":{"0":"post-500966","1":"post","2":"type-post","3":"status-publish","4":"format-standard","5":"has-post-thumbnail","7":"category-marseille","8":"tag-actu","9":"tag-actualites","10":"tag-commerce","11":"tag-distribution","12":"tag-eu","13":"tag-europe","14":"tag-fr","15":"tag-france","16":"tag-galeries-lafayette","17":"tag-liquidation","18":"tag-marseille","19":"tag-news","20":"tag-provence-alpes-cote-dazur","21":"tag-republique-francaise"},"share_on_mastodon":{"url":"https:\/\/pubeurope.com\/@fr\/115465586211176123","error":""},"_links":{"self":[{"href":"https:\/\/www.europesays.com\/fr\/wp-json\/wp\/v2\/posts\/500966","targetHints":{"allow":["GET"]}}],"collection":[{"href":"https:\/\/www.europesays.com\/fr\/wp-json\/wp\/v2\/posts"}],"about":[{"href":"https:\/\/www.europesays.com\/fr\/wp-json\/wp\/v2\/types\/post"}],"author":[{"embeddable":true,"href":"https:\/\/www.europesays.com\/fr\/wp-json\/wp\/v2\/users\/2"}],"replies":[{"embeddable":true,"href":"https:\/\/www.europesays.com\/fr\/wp-json\/wp\/v2\/comments?post=500966"}],"version-history":[{"count":0,"href":"https:\/\/www.europesays.com\/fr\/wp-json\/wp\/v2\/posts\/500966\/revisions"}],"wp:featuredmedia":[{"embeddable":true,"href":"https:\/\/www.europesays.com\/fr\/wp-json\/wp\/v2\/media\/500967"}],"wp:attachment":[{"href":"https:\/\/www.europesays.com\/fr\/wp-json\/wp\/v2\/media?parent=500966"}],"wp:term":[{"taxonomy":"category","embeddable":true,"href":"https:\/\/www.europesays.com\/fr\/wp-json\/wp\/v2\/categories?post=500966"},{"taxonomy":"post_tag","embeddable":true,"href":"https:\/\/www.europesays.com\/fr\/wp-json\/wp\/v2\/tags?post=500966"}],"curies":[{"name":"wp","href":"https:\/\/api.w.org\/{rel}","templated":true}]}}