{"id":500968,"date":"2025-10-30T22:56:19","date_gmt":"2025-10-30T22:56:19","guid":{"rendered":"https:\/\/www.europesays.com\/fr\/500968\/"},"modified":"2025-10-30T22:56:19","modified_gmt":"2025-10-30T22:56:19","slug":"renee-grosso-est-desormais-centenaire","status":"publish","type":"post","link":"https:\/\/www.europesays.com\/fr\/500968\/","title":{"rendered":"Ren\u00e9e Grosso est d\u00e9sormais centenaire"},"content":{"rendered":"<p>Ren\u00e9e Grosso est n\u00e9e \u00e0 Lyon le 19\u00a0novembre 1925, dans l\u2019ancien h\u00f4pital de la Charit\u00e9 aujourd\u2019hui disparu. Enfant unique, elle a grandi rue Lainerie, dans le 5e\u00a0 arrondissement entre un p\u00e8re comptable et une m\u00e8re couturi\u00e8re qui aimait les chansons d\u2019amour.<\/p>\n<p>Elle \u00e9voque sa grand-m\u00e8re, une figure de femme forte, cheffe d\u2019une entreprise de transports \u00e0 cheval \u00ab\u00a0ind\u00e9pendante, autonome, qui conduisait elle-m\u00eame ses attelages et&#8230;<\/p>\n","protected":false},"excerpt":{"rendered":"Ren\u00e9e Grosso est n\u00e9e \u00e0 Lyon le 19\u00a0novembre 1925, dans l\u2019ancien h\u00f4pital de la Charit\u00e9 aujourd\u2019hui disparu. Enfant&hellip;\n","protected":false},"author":2,"featured_media":500969,"comment_status":"","ping_status":"","sticky":false,"template":"","format":"standard","meta":{"footnotes":""},"categories":[1889],"tags":[1111,11,2430,9492,12890,3152,1777,674,1011,27,2428,12,25,2429,104],"class_list":{"0":"post-500968","1":"post","2":"type-post","3":"status-publish","4":"format-standard","5":"has-post-thumbnail","7":"category-lyon","8":"tag-actu","9":"tag-actualites","10":"tag-auvergne-rhone-alpes","11":"tag-bron","12":"tag-bron-ville","13":"tag-edition-est-lyonnais","14":"tag-eu","15":"tag-europe","16":"tag-fr","17":"tag-france","18":"tag-lyon","19":"tag-news","20":"tag-republique-francaise","21":"tag-rhone","22":"tag-societe"},"share_on_mastodon":{"url":"https:\/\/pubeurope.com\/@fr\/115465590229390487","error":""},"_links":{"self":[{"href":"https:\/\/www.europesays.com\/fr\/wp-json\/wp\/v2\/posts\/500968","targetHints":{"allow":["GET"]}}],"collection":[{"href":"https:\/\/www.europesays.com\/fr\/wp-json\/wp\/v2\/posts"}],"about":[{"href":"https:\/\/www.europesays.com\/fr\/wp-json\/wp\/v2\/types\/post"}],"author":[{"embeddable":true,"href":"https:\/\/www.europesays.com\/fr\/wp-json\/wp\/v2\/users\/2"}],"replies":[{"embeddable":true,"href":"https:\/\/www.europesays.com\/fr\/wp-json\/wp\/v2\/comments?post=500968"}],"version-history":[{"count":0,"href":"https:\/\/www.europesays.com\/fr\/wp-json\/wp\/v2\/posts\/500968\/revisions"}],"wp:featuredmedia":[{"embeddable":true,"href":"https:\/\/www.europesays.com\/fr\/wp-json\/wp\/v2\/media\/500969"}],"wp:attachment":[{"href":"https:\/\/www.europesays.com\/fr\/wp-json\/wp\/v2\/media?parent=500968"}],"wp:term":[{"taxonomy":"category","embeddable":true,"href":"https:\/\/www.europesays.com\/fr\/wp-json\/wp\/v2\/categories?post=500968"},{"taxonomy":"post_tag","embeddable":true,"href":"https:\/\/www.europesays.com\/fr\/wp-json\/wp\/v2\/tags?post=500968"}],"curies":[{"name":"wp","href":"https:\/\/api.w.org\/{rel}","templated":true}]}}