{"id":500976,"date":"2025-10-30T23:02:22","date_gmt":"2025-10-30T23:02:22","guid":{"rendered":"https:\/\/www.europesays.com\/fr\/500976\/"},"modified":"2025-10-30T23:02:22","modified_gmt":"2025-10-30T23:02:22","slug":"billie-le-nouveau-restaurant-a-connaitre-absolument-a-paris","status":"publish","type":"post","link":"https:\/\/www.europesays.com\/fr\/500976\/","title":{"rendered":"Billie, le nouveau restaurant \u00e0 conna\u00eetre absolument \u00e0 Paris"},"content":{"rendered":"<p>Coll\u00e9 \u00e0 la <strong>Belle Epoque<\/strong>, <strong>Billie<\/strong> profite de l&rsquo;arriv\u00e9e de l&rsquo;automne pour ouvrir discr\u00e8tement ses portes rue des Petits-Champs \u00e0 Paris. Pilot\u00e9 par <strong>C\u00e9sar Gourdou<\/strong>, (ex fondateur du club priv\u00e9 <strong><a href=\"https:\/\/www.vogue.fr\/article\/colonia-le-club-prive-paris\" target=\"_blank\" rel=\"noopener\">Colonia<\/a>)<\/strong> et <strong>Nicolas Saltiel<\/strong> (propri\u00e9taire du groupe h\u00f4telier <strong>Chapitre Six)<\/strong>, le lieu s\u00e9duit d&rsquo;abord par son d\u00e9cor chaleureux fait de banquettes en cuir cognac, de moulures travaill\u00e9es, de miroirs qui offrent des belles perspectives et d&rsquo;une lumi\u00e8re tamis\u00e9e qui flatte le teint.<\/p>\n<p><strong>Billie vient d&rsquo;ouvrir ses portes \u00e0 Paris<\/strong><img decoding=\"async\" alt=\"Billie \u00e0 Paris\" loading=\"lazy\" class=\"ResponsiveImageContainer-eNxvmU cfBbTk responsive-image__image\" src=\"https:\/\/www.europesays.com\/fr\/wp-content\/uploads\/2025\/10\/LiguineLemon-@CynthiaFrebour.jpg\"\/><\/p>\n<p>Billie \u00e0 ParisCynthia Frebour<\/p>\n<p><img decoding=\"async\" alt=\"Billie \u00e0 Paris\" loading=\"lazy\" class=\"ResponsiveImageContainer-eNxvmU cfBbTk responsive-image__image\"   src=\"https:\/\/www.europesays.com\/fr\/wp-content\/uploads\/2025\/10\/MARGRITA&#038;BASILSMASH.jpg\"\/><\/p>\n<p>Billie \u00e0 Paris<\/p>\n<p>Tourn\u00e9s vers un bar en marbre, peupl\u00e9 de vinyles, o\u00f9 s&rsquo;anime le soir un dj booth, les visiteurs y d\u00eenent \u00e0 la bougie d&rsquo;une foule de recettes transalpines et d&rsquo;ailleurs de bon ton : carpaccio de champignons de Paris, vitello tonnato, pasta cacio e pepe au citron, cake au mascarpone\u2026 Le tout accompagn\u00e9 de cocktails parfaitement shak\u00e9s (de la margarita \u00e9pic\u00e9e au martini dans les r\u00e8gles de l&rsquo;art) et de bons crus tri\u00e9s sur le volet. Discret sur les r\u00e9seaux sociaux, le lieu accueille d&rsquo;ores et d\u00e9j\u00e0 les meilleurs d\u00eeners de Fashion Week et d&rsquo;Art Basel. Autant de bonnes raisons d&rsquo;y faire un tour.<\/p>\n<p><img decoding=\"async\" alt=\"Billie \u00e0 Paris\" loading=\"lazy\" class=\"ResponsiveImageContainer-eNxvmU cfBbTk responsive-image__image\" src=\"https:\/\/www.europesays.com\/fr\/wp-content\/uploads\/2025\/10\/DECO3%20(1).jpg\"\/><\/p>\n<p>Billie \u00e0 Paris<\/p>\n<p><img decoding=\"async\" alt=\"Billie \u00e0 Paris\" loading=\"lazy\" class=\"ResponsiveImageContainer-eNxvmU cfBbTk responsive-image__image\"   src=\"https:\/\/www.europesays.com\/fr\/wp-content\/uploads\/2025\/10\/DECO2%20(1).jpeg\"\/><\/p>\n<p>Billie \u00e0 Paris<\/p>\n<p><a data-offer-url=\"https:\/\/bookings.zenchef.com\/results?rid=378080&amp;pid=1001&amp;fbclid=PAZXh0bgNhZW0CMTEAAadFvb3koqlmPwQy1tNqA39sZ6L-zhbBDPjdIpVc3MCfTtLV-Fq6xeihs5edlg_aem_I5o-ele7OJxJyJhYMg4_tw\" class=\"external-link\" data-event-click=\"{&quot;element&quot;:&quot;ExternalLink&quot;,&quot;outgoingURL&quot;:&quot;https:\/\/bookings.zenchef.com\/results?rid=378080&amp;pid=1001&amp;fbclid=PAZXh0bgNhZW0CMTEAAadFvb3koqlmPwQy1tNqA39sZ6L-zhbBDPjdIpVc3MCfTtLV-Fq6xeihs5edlg_aem_I5o-ele7OJxJyJhYMg4_tw&quot;}\" href=\"https:\/\/bookings.zenchef.com\/results?rid=378080&amp;pid=1001&amp;fbclid=PAZXh0bgNhZW0CMTEAAadFvb3koqlmPwQy1tNqA39sZ6L-zhbBDPjdIpVc3MCfTtLV-Fq6xeihs5edlg_aem_I5o-ele7OJxJyJhYMg4_tw\" rel=\"nofollow noopener\" target=\"_blank\">A r\u00e9server ici<\/a><\/p>\n<p><strong>A lire aussi<\/strong><\/p>\n<p><a href=\"https:\/\/www.vogue.fr\/article\/bars-audiophiles-paris\" target=\"_blank\" rel=\"noopener\"><strong>Les meilleurs bars audiophiles \u00e0 conna\u00eetre \u00e0 Paris<\/strong><\/a><br \/><a href=\"https:\/\/www.vogue.fr\/article\/les-nouveaux-restaurants-octobre-a-paris\" target=\"_blank\" rel=\"noopener\"><strong>Les nouveaux restaurants \u00e0 tester ce mois d&rsquo;octobre \u00e0 Paris<\/strong><\/a><\/p>\n","protected":false},"excerpt":{"rendered":"Coll\u00e9 \u00e0 la Belle Epoque, Billie profite de l&rsquo;arriv\u00e9e de l&rsquo;automne pour ouvrir discr\u00e8tement ses portes rue des&hellip;\n","protected":false},"author":2,"featured_media":500977,"comment_status":"","ping_status":"","sticky":false,"template":"","format":"standard","meta":{"footnotes":""},"categories":[1888],"tags":[11,1777,674,1011,27,12,626,25,31817],"class_list":{"0":"post-500976","1":"post","2":"type-post","3":"status-publish","4":"format-standard","5":"has-post-thumbnail","7":"category-paris","8":"tag-actualites","9":"tag-eu","10":"tag-europe","11":"tag-fr","12":"tag-france","13":"tag-news","14":"tag-paris","15":"tag-republique-francaise","16":"tag-restaurant-paris"},"share_on_mastodon":{"url":"https:\/\/pubeurope.com\/@fr\/115465614524208092","error":""},"_links":{"self":[{"href":"https:\/\/www.europesays.com\/fr\/wp-json\/wp\/v2\/posts\/500976","targetHints":{"allow":["GET"]}}],"collection":[{"href":"https:\/\/www.europesays.com\/fr\/wp-json\/wp\/v2\/posts"}],"about":[{"href":"https:\/\/www.europesays.com\/fr\/wp-json\/wp\/v2\/types\/post"}],"author":[{"embeddable":true,"href":"https:\/\/www.europesays.com\/fr\/wp-json\/wp\/v2\/users\/2"}],"replies":[{"embeddable":true,"href":"https:\/\/www.europesays.com\/fr\/wp-json\/wp\/v2\/comments?post=500976"}],"version-history":[{"count":0,"href":"https:\/\/www.europesays.com\/fr\/wp-json\/wp\/v2\/posts\/500976\/revisions"}],"wp:featuredmedia":[{"embeddable":true,"href":"https:\/\/www.europesays.com\/fr\/wp-json\/wp\/v2\/media\/500977"}],"wp:attachment":[{"href":"https:\/\/www.europesays.com\/fr\/wp-json\/wp\/v2\/media?parent=500976"}],"wp:term":[{"taxonomy":"category","embeddable":true,"href":"https:\/\/www.europesays.com\/fr\/wp-json\/wp\/v2\/categories?post=500976"},{"taxonomy":"post_tag","embeddable":true,"href":"https:\/\/www.europesays.com\/fr\/wp-json\/wp\/v2\/tags?post=500976"}],"curies":[{"name":"wp","href":"https:\/\/api.w.org\/{rel}","templated":true}]}}