{"id":501001,"date":"2025-10-30T23:16:17","date_gmt":"2025-10-30T23:16:17","guid":{"rendered":"https:\/\/www.europesays.com\/fr\/501001\/"},"modified":"2025-10-30T23:16:17","modified_gmt":"2025-10-30T23:16:17","slug":"nrl-le-constat-de-la-nrl-sur-la-super-league-rugby-a-xiii","status":"publish","type":"post","link":"https:\/\/www.europesays.com\/fr\/501001\/","title":{"rendered":"NRL &#8211; Le constat de la NRL sur la Super League &#8211; Rugby \u00e0 XIII"},"content":{"rendered":"<p style=\"text-align: justify;\"><strong>Ce mardi, les patrons de la NRL et quelques dirigeants de Super League ont tenu une r\u00e9union afin de parler de l\u2019avenir du championnat anglais.<\/strong><\/p>\n<p style=\"text-align: justify;\">En d\u00e9but d\u2019ann\u00e9e, \u00e0 Las Vegas, le propri\u00e9taire de Wigan, Mike Danson, et le propri\u00e9taire de Warrington, Simon Moran, avaient tenu une r\u00e9union avec les dirigeants de la NRL. Le principal sujet \u00e9tait un possible partenariat entre la Super League et la NRL. Puis les rumeurs se sont amplifi\u00e9es, avec une possible prise de part (33\u2009%) des Australiens dans la Super League contre un contr\u00f4le administratif complet de la comp\u00e9tition. L\u2019objectif : d\u00e9velopper le rugby \u00e0 XIII international.<\/p>\n<p style=\"text-align: justify;\">Alors que les Kangaroos se d\u00e9placent en Angleterre pour une s\u00e9rie de trois test-matchs, c\u2019est l\u2019occasion de r\u00e9unir du beau monde afin de rediscuter de cette possibilit\u00e9. Le directeur g\u00e9n\u00e9ral de la NRL, Andrew Abdo, le pr\u00e9sident de l\u2019ARLC, Peter V\u2019landys, les repr\u00e9sentants de Hull FC, de Wigan, de Warrington, ainsi que le directeur ex\u00e9cutif principal de la RFL, Nigel Wood, ont organis\u00e9 une r\u00e9union ce mardi.<\/p>\n<p style=\"text-align: justify;\">La question de la Super League qui vient de passer \u00e0 14 clubs est rapidement venue sur le tapis. La NRL, elle, voyait et voit plut\u00f4t une r\u00e9duction \u00e0 10 clubs dans un premier temps. Lors de la r\u00e9union, Peter V\u2019landy\u2019s a clairement mis en garde la Super League sur cette expansion. Pour lui, ce n\u2019est pas raisonnable au niveau financier au vu des revenus g\u00e9n\u00e9r\u00e9s principalement par le diffuseur Sky. Il a aussi indiqu\u00e9 qu\u2019il faudrait un changement au niveau de la gouvernance, avec une instance ind\u00e9pendante qui prendrait des d\u00e9cisions pour le bien global du sport et non les int\u00e9r\u00eats particuliers, contrairement \u00e0 aujourd\u2019hui o\u00f9 ce sont les clubs qui prennent les d\u00e9cisions majeures. Une participation de la NRL ne se ferait qu\u2019avec ce changement.<\/p>\n<p style=\"text-align: justify;\">V\u2019landys a sorti des mots forts :<\/p>\n<blockquote>\n<p style=\"text-align: justify;\">Pour l\u2019instant, tout ce que nous avons fait, c\u2019est analyser la viabilit\u00e9 financi\u00e8re et je constate que le projet va droit dans le mur s\u2019ils n\u2019obtiennent pas les revenus de diffusion dont ils ont besoin pour soutenir une comp\u00e9tition \u00e0 14 \u00e9quipes. Tout revient \u00e0 la finance, car les investisseurs cesseront de sortir de l\u2019argent de leurs poches pour \u00e9ponger des pertes. C\u2019est ce qu\u2019il va se passer \u00e0 court terme, \u00e0 moins qu\u2019ils ne puissent augmenter les revenus de diffusion.<\/p>\n<\/blockquote>\n<p style=\"text-align: justify;\">Mais a aussi indiqu\u00e9 son ambition sur le d\u00e9veloppement du rugby \u00e0 XIII mondial :<\/p>\n<blockquote>\n<p style=\"text-align: justify;\">Nous voulons que l\u2019Angleterre soit forte. Si nous voulons avoir un match mondial, nous avons besoin que l\u2019Angleterre soit aussi forte que possible. Nous ne voulons pas les voir fl\u00e9trir, nous voulons les voir r\u00e9ussir. C\u2019est le seul int\u00e9r\u00eat que nous avons \u00e0 \u00eatre ici : nous les voulons forts. Ce n\u2019est pas dans notre int\u00e9r\u00eat de les voir foncer dans le mur.<\/p>\n<p style=\"text-align: justify;\">Nous ne sommes pas ici pour gagner de l\u2019argent ou pour prendre le contr\u00f4le. S\u2019il y a un moyen d\u2019aider, alors nous aiderons, mais nous ne sommes pas ici pour nous imposer \u00e0 qui que ce soit ou faire partie de quoi que ce soit. Nous sommes ici pour \u00e9couter et, esp\u00e9rons-le, \u00eatre en mesure d\u2019aider.<\/p>\n<\/blockquote>\n<p style=\"text-align: justify;\">Les dirigeants australiens ont aussi rencontr\u00e9 IMG en d\u00e9but de semaine. La soci\u00e9t\u00e9 am\u00e9ricaine ind\u00e9pendante est en partenariat avec la Super League \u00e0 tr\u00e8s long terme (12 ans) pour aider la ligue \u00e0 grandir et \u00e0 se d\u00e9velopper. IMG qui a connu son premier court-circuitage avec le passage \u00e0 14 clubs.\u00a0Ce voyage en Australie leur a aussi permis de rencontrer le directeur g\u00e9n\u00e9ral de DAZN, le service de streaming sportif, pr\u00e9sent au stade Wembley lors du premier test match.<\/p>\n<p style=\"text-align: justify;\">Les deux camps semblent contents de ces discussions et souhaitent continuer \u00e0 \u00e9changer mais les philosophies semblent diff\u00e9rentes. La NRL pense global et stabilit\u00e9 financi\u00e8re quitte \u00e0 r\u00e9duire le nombre de clubs pour profiter au mieux des revenus et d\u00e9velopper un produit de qualit\u00e9 \u00e0 vendre aux diffuseurs. La Super League, dirig\u00e9es par les clubs, prend en compte les int\u00e9r\u00eats de chacun et construit son championnat en esp\u00e9rant qu\u2019investisseurs et diffuseurs les suivent.<\/p>\n<p style=\"text-align: justify;\">Les mots de la fin de Peter V\u2019Landys :<\/p>\n<blockquote>\n<p style=\"text-align: justify;\">Ils ont le plus beau jeu du monde, donc ils ont le produit. Aujourd\u2019hui il faut le marketer et le vendre. Trouver la nouvelle g\u00e9n\u00e9ration de spectateurs et t\u00e9l\u00e9spectateurs. C\u2019est le challenge. Mais ils n\u2019ont pas la structure pour le moment pour faire progresser le produit. Il faut se concentrer sur le viabilit\u00e9 financi\u00e8re et la structure, ou sinon les joueurs ne seront pas pay\u00e9s \u00e0 leur juste valeur et certains clubs gagneront beaucoup moins d\u2019argent que les autres.<\/p>\n<\/blockquote>\n<p class=\"Paragraph_paragraph-text__PVKlh \" style=\"text-align: justify;\" data-tmdatatrack=\"content-unit\" data-tmdatatrack-type=\"paragraph\" data-marker-percentage=\"90\" data-tmdatatrack-visible=\"true\">Des mots qui r\u00e9sonnent sur notre situation en France \u00e9galement. Mais l\u2019int\u00e9r\u00eat g\u00e9n\u00e9ral du \u00ab\u00a0produit\u00a0\u00bb rugby \u00e0 XIII peut-il l\u2019emporter sur un continent europ\u00e9en o\u00f9 r\u00e8gnent les clubs depuis toujours et leurs poursuites de titres et de r\u00e9ussite les uns sur les autres ?<\/p>\n<blockquote class=\"instagram-media\" data-instgrm-captioned=\"\" data-instgrm-permalink=\"https:\/\/www.instagram.com\/p\/DQXg-u-CLQ-\/?utm_source=ig_embed&amp;utm_campaign=loading\" data-instgrm-version=\"14\" style=\" background:#FFF; border:0; border-radius:3px; box-shadow:0 0 1px 0 rgba(0,0,0,0.5),0 1px 10px 0 rgba(0,0,0,0.15); margin: 1px; max-width:500px; min-width:326px; padding:0; width:99.375%; width:-webkit-calc(100% - 2px); width:calc(100% - 2px);\">\n<\/blockquote>\n<p>        <script async src=\"\/\/www.instagram.com\/embed.js\"><\/script><\/p>\n","protected":false},"excerpt":{"rendered":"Ce mardi, les patrons de la NRL et quelques dirigeants de Super League ont tenu une r\u00e9union afin&hellip;\n","protected":false},"author":2,"featured_media":501002,"comment_status":"","ping_status":"","sticky":false,"template":"","format":"standard","meta":{"footnotes":""},"categories":[1416],"tags":[1011,27,4473,479,2228,1468,2229,60,4474],"class_list":{"0":"post-501001","1":"post","2":"type-post","3":"status-publish","4":"format-standard","5":"has-post-thumbnail","7":"category-rugby","8":"tag-fr","9":"tag-france","10":"tag-nrl","11":"tag-rugby","12":"tag-rugby-a-xiii","13":"tag-rugby-football","14":"tag-rugby-league","15":"tag-sports","16":"tag-super-league"},"share_on_mastodon":{"url":"https:\/\/pubeurope.com\/@fr\/115465668783512542","error":""},"_links":{"self":[{"href":"https:\/\/www.europesays.com\/fr\/wp-json\/wp\/v2\/posts\/501001","targetHints":{"allow":["GET"]}}],"collection":[{"href":"https:\/\/www.europesays.com\/fr\/wp-json\/wp\/v2\/posts"}],"about":[{"href":"https:\/\/www.europesays.com\/fr\/wp-json\/wp\/v2\/types\/post"}],"author":[{"embeddable":true,"href":"https:\/\/www.europesays.com\/fr\/wp-json\/wp\/v2\/users\/2"}],"replies":[{"embeddable":true,"href":"https:\/\/www.europesays.com\/fr\/wp-json\/wp\/v2\/comments?post=501001"}],"version-history":[{"count":0,"href":"https:\/\/www.europesays.com\/fr\/wp-json\/wp\/v2\/posts\/501001\/revisions"}],"wp:featuredmedia":[{"embeddable":true,"href":"https:\/\/www.europesays.com\/fr\/wp-json\/wp\/v2\/media\/501002"}],"wp:attachment":[{"href":"https:\/\/www.europesays.com\/fr\/wp-json\/wp\/v2\/media?parent=501001"}],"wp:term":[{"taxonomy":"category","embeddable":true,"href":"https:\/\/www.europesays.com\/fr\/wp-json\/wp\/v2\/categories?post=501001"},{"taxonomy":"post_tag","embeddable":true,"href":"https:\/\/www.europesays.com\/fr\/wp-json\/wp\/v2\/tags?post=501001"}],"curies":[{"name":"wp","href":"https:\/\/api.w.org\/{rel}","templated":true}]}}