{"id":501019,"date":"2025-10-30T23:30:23","date_gmt":"2025-10-30T23:30:23","guid":{"rendered":"https:\/\/www.europesays.com\/fr\/501019\/"},"modified":"2025-10-30T23:30:23","modified_gmt":"2025-10-30T23:30:23","slug":"le-real-madrid-et-la-superligue-demandent-4-milliards-deuros-de-dedommagement","status":"publish","type":"post","link":"https:\/\/www.europesays.com\/fr\/501019\/","title":{"rendered":"Le Real Madrid et la Superligue demandent 4\u00a0milliards d\u2019euros de d\u00e9dommagement"},"content":{"rendered":"<p>Le bras de fer autour de la Superligue europ\u00e9enne repart de plus belle. Le <a href=\"https:\/\/www.20minutes.fr\/sport\/real_madrid\/\" target=\"_blank\" class=\"c-link c-link--is-underlined\" rel=\"noopener\">Real Madrid<\/a> et <a href=\"https:\/\/fr.wikipedia.org\/wiki\/Super_Ligue_europ\u00e9enne_de_football\" rel=\"nofollow noopener\" target=\"_blank\" class=\"c-link c-link--is-underlined\">A22 Sports Management<\/a>, promoteur du projet avort\u00e9 en\u00a02021, r\u00e9clament plus de 4\u00a0milliards d\u2019euros de dommages et int\u00e9r\u00eats \u00e0 l\u2019<a href=\"https:\/\/www.20minutes.fr\/sport\/uefa\/\" target=\"_blank\" class=\"c-link c-link--is-underlined\" rel=\"noopener\">UEFA<\/a>, qu\u2019ils accusent d\u2019avoir \u00ab\u00a0torpill\u00e9\u00a0\u00bb la comp\u00e9tition concurrente \u00e0 la <a href=\"https:\/\/www.20minutes.fr\/sport\/ligue_des_champions\/\" target=\"_blank\" class=\"c-link c-link--is-underlined\" rel=\"noopener\">Ligue des champions<\/a>. Cette offensive s\u2019appuie sur une d\u00e9cision de la Cour d\u2019appel de Madrid, confirmant que l\u2019instance europ\u00e9enne avait \u00ab\u00a0abus\u00e9 de sa position dominante\u00a0\u00bb pour bloquer la cr\u00e9ation de la Superligue.<\/p>\n<p>Pour A22, ce <a href=\"https:\/\/www.20minutes.fr\/dossier\/jugement\" target=\"_blank\" class=\"c-link c-link--is-underlined\" rel=\"noopener\">jugement<\/a> constitue une \u00ab\u00a0troisi\u00e8me victoire cons\u00e9cutive\u00a0\u00bb contre le \u00ab\u00a0monopole\u00a0\u00bb de l\u2019UEFA, jug\u00e9 \u00ab\u00a0ill\u00e9gal\u00a0\u00bb au regard du droit europ\u00e9en. Le promoteur affirme que l\u2019attitude de l\u2019organisation bas\u00e9e \u00e0 Nyon a caus\u00e9 \u00ab\u00a0de graves pr\u00e9judices \u00e0 de nombreux clubs, joueurs et autres parties prenantes\u00a0\u00bb. L\u2019entreprise regrette que l\u2019UEFA ait \u00ab\u00a0refus\u00e9 toute voie de compromis\u00a0\u00bb malgr\u00e9 plusieurs mois de discussions, et se dit d\u00e9sormais contrainte \u00ab\u00a0d\u2019engager des proc\u00e9dures afin d\u2019obtenir r\u00e9paration\u00a0\u00bb.<\/p>\n<p>L\u2019UEFA reste silencieuse<\/p>\n<p>L\u2019UEFA n\u2019a pas souhait\u00e9 commenter la d\u00e9cision. Dans un communiqu\u00e9, elle rappelle toutefois que ce jugement ne valide pas le projet initial de\u00a02021, abandonn\u00e9 apr\u00e8s la fronde des supporteurs et des clubs. L\u2019instance souligne que ses r\u00e8gles ont \u00e9t\u00e9 modifi\u00e9es en\u00a02022 puis actualis\u00e9es en\u00a02024, et qu\u2019elles \u00ab\u00a0garantissent que toute comp\u00e9tition transfrontali\u00e8re est \u00e9valu\u00e9e selon des crit\u00e8res objectifs, transparents, non discriminatoires et proportionn\u00e9s\u00a0\u00bb.<\/p>\n<\/p>\n<p>Cette prudence n\u2019a pas emp\u00each\u00e9 le Real Madrid de c\u00e9l\u00e9brer la d\u00e9cision madril\u00e8ne comme une victoire d\u00e9cisive. Le club pr\u00e9sid\u00e9 par <a href=\"https:\/\/www.20minutes.fr\/dossier\/florentino_perez\" target=\"_blank\" class=\"c-link c-link--is-underlined\" rel=\"noopener\">Florentino P\u00e9rez<\/a> estime que la Cour confirme que l\u2019UEFA a \u00ab\u00a0enfreint les r\u00e8gles de libre concurrence de l\u2019Union europ\u00e9enne\u00a0\u00bb. Selon lui, cette reconnaissance ouvre la voie \u00e0 une demande d\u2019indemnisation historique. Il continue de pr\u00e9senter la Superligue comme un projet essentiel pour \u00ab\u00a0sauver le football europ\u00e9en\u00a0\u00bb, qu\u2019il juge menac\u00e9 par la domination \u00e9conomique de l\u2019UEFA.<\/p>\n<p>Une premi\u00e8re d\u00e9cision rendue en\u00a02024<\/p>\n<p>L\u2019affaire s\u2019inscrit dans la continuit\u00e9 de la d\u00e9cision rendue en mai\u00a02024 et de l\u2019arr\u00eat de la Cour de justice de l\u2019<a href=\"https:\/\/www.20minutes.fr\/dossier\/ue\" target=\"_blank\" class=\"c-link c-link--is-underlined\" rel=\"noopener\">Union europ\u00e9enne<\/a>. Un repr\u00e9sentant d\u2019A22 affirmait d\u00e9j\u00e0 en octobre que la soci\u00e9t\u00e9 \u00e9tait d\u00e9sormais \u00ab\u00a0habilit\u00e9e \u00e0 cr\u00e9er une comp\u00e9tition\u00a0\u00bb et que \u00ab\u00a0l\u2019UEFA n\u2019avait plus aucun moyen de l\u2019en emp\u00eacher\u00a0\u00bb. Ce constat renforce la d\u00e9termination des promoteurs, qui consid\u00e8rent que la porte est d\u00e9sormais ouverte \u00e0 une nouvelle \u00e8re du football europ\u00e9en.<\/p>\n<p><a href=\"https:\/\/www.20minutes.fr\/sport\/uefa\/\" target=\"_blank\" class=\"c-link c-btn c-btn--primary\" rel=\"noopener\">Notre dossier sur l&rsquo;UEFA<\/a><\/p>\n<p>Mais la port\u00e9e du jugement madril\u00e8ne demeure incertaine. Il sanctionne les r\u00e8gles en vigueur en\u00a02021, et non celles r\u00e9vis\u00e9es par l\u2019UEFA depuis. Si le Real Madrid et A22 se f\u00e9licitent d\u2019une victoire symbolique, les contours juridiques et pratiques de cette d\u00e9cision restent flous. En attendant, le projet de Superligue, toujours port\u00e9 par Florentino P\u00e9rez, rena\u00eet peu \u00e0 peu sur le terrain judiciaire, sinon encore sur les pelouses europ\u00e9ennes.<\/p>\n","protected":false},"excerpt":{"rendered":"Le bras de fer autour de la Superligue europ\u00e9enne repart de plus belle. Le Real Madrid et A22&hellip;\n","protected":false},"author":2,"featured_media":501020,"comment_status":"","ping_status":"","sticky":false,"template":"","format":"standard","meta":{"footnotes":""},"categories":[9],"tags":[62307,63,1011,27,303,447,4790,517,60,455],"class_list":{"0":"post-501019","1":"post","2":"type-post","3":"status-publish","4":"format-standard","5":"has-post-thumbnail","7":"category-sports","8":"tag-florentino-perez","9":"tag-football","10":"tag-fr","11":"tag-france","12":"tag-justice","13":"tag-ligue-des-champions","14":"tag-real-madrid","15":"tag-sport","16":"tag-sports","17":"tag-uefa"},"share_on_mastodon":{"url":"https:\/\/pubeurope.com\/@fr\/115465723837242792","error":""},"_links":{"self":[{"href":"https:\/\/www.europesays.com\/fr\/wp-json\/wp\/v2\/posts\/501019","targetHints":{"allow":["GET"]}}],"collection":[{"href":"https:\/\/www.europesays.com\/fr\/wp-json\/wp\/v2\/posts"}],"about":[{"href":"https:\/\/www.europesays.com\/fr\/wp-json\/wp\/v2\/types\/post"}],"author":[{"embeddable":true,"href":"https:\/\/www.europesays.com\/fr\/wp-json\/wp\/v2\/users\/2"}],"replies":[{"embeddable":true,"href":"https:\/\/www.europesays.com\/fr\/wp-json\/wp\/v2\/comments?post=501019"}],"version-history":[{"count":0,"href":"https:\/\/www.europesays.com\/fr\/wp-json\/wp\/v2\/posts\/501019\/revisions"}],"wp:featuredmedia":[{"embeddable":true,"href":"https:\/\/www.europesays.com\/fr\/wp-json\/wp\/v2\/media\/501020"}],"wp:attachment":[{"href":"https:\/\/www.europesays.com\/fr\/wp-json\/wp\/v2\/media?parent=501019"}],"wp:term":[{"taxonomy":"category","embeddable":true,"href":"https:\/\/www.europesays.com\/fr\/wp-json\/wp\/v2\/categories?post=501019"},{"taxonomy":"post_tag","embeddable":true,"href":"https:\/\/www.europesays.com\/fr\/wp-json\/wp\/v2\/tags?post=501019"}],"curies":[{"name":"wp","href":"https:\/\/api.w.org\/{rel}","templated":true}]}}