{"id":501025,"date":"2025-10-30T23:33:12","date_gmt":"2025-10-30T23:33:12","guid":{"rendered":"https:\/\/www.europesays.com\/fr\/501025\/"},"modified":"2025-10-30T23:33:12","modified_gmt":"2025-10-30T23:33:12","slug":"apres-deux-belles-annees-la-reindustrialisation-de-la-france-sessouffle-a-nouveau","status":"publish","type":"post","link":"https:\/\/www.europesays.com\/fr\/501025\/","title":{"rendered":"Apr\u00e8s deux belles ann\u00e9es, la r\u00e9industrialisation de la France s\u2019essouffle \u00e0 nouveau"},"content":{"rendered":"<p>Apr\u00e8s deux ann\u00e9es d\u2019\u00e9lan prometteur, la relance <a href=\"https:\/\/www.20minutes.fr\/dossier\/industrie\" target=\"_blank\" class=\"c-link c-link--is-underlined\" rel=\"nofollow noopener\">industrielle<\/a> fran\u00e7aise s\u2019essouffle. Selon le barom\u00e8tre de la Direction g\u00e9n\u00e9rale des entreprises (DGE) publi\u00e9 jeudi, le solde net entre ouvertures et agrandissements d\u2019usines d\u2019une part, et fermetures ou r\u00e9ductions d\u2019effectifs d\u2019autre part, n\u2019atteint que +\u00a09 sur les six premiers mois de\u00a02025. Un chiffre en nette baisse par rapport aux +\u00a048 du second semestre\u00a02024, signe d\u2019un ralentissement d\u00e9sormais bien install\u00e9.<\/p>\n<p>Bercy reconna\u00eet qu\u2019\u00ab\u00a0apr\u00e8s des tendances tr\u00e8s positives observ\u00e9es en\u00a02022 et\u00a02023, 2024 a marqu\u00e9 un ralentissement de la dynamique de r\u00e9industrialisation\u00a0\u00bb, une tendance qui perdure en\u00a02025. Ce coup de frein intervient alors que le <a href=\"https:\/\/www.20minutes.fr\/dossier\/gouvernement\" target=\"_blank\" class=\"c-link c-link--is-underlined\" rel=\"nofollow noopener\">gouvernement<\/a> a fait de la reconqu\u00eate industrielle une priorit\u00e9 nationale, apr\u00e8s des d\u00e9cennies de d\u00e9clin\u00a0: le poids de l\u2019industrie dans le <a href=\"https:\/\/www.20minutes.fr\/economie\/pib\/\" class=\"c-link c-link--is-underlined\" rel=\"nofollow noopener\" target=\"_blank\">PIB<\/a> est tomb\u00e9 \u00e0 environ 10\u00a0%, contre 17\u00a0% en\u00a01995.<\/p>\n<p>Une inqui\u00e9tante perte de vitesse<\/p>\n<p>Les politiques successives d\u2019<a href=\"https:\/\/www.20minutes.fr\/politique\/emmanuel-macron\/\" target=\"_blank\" class=\"c-link c-link--is-underlined\" rel=\"nofollow noopener\">Emmanuel Macron<\/a> visaient \u00e0 inverser cette tendance en favorisant l\u2019investissement, l\u2019innovation et la relocalisation de la production. Mais les signaux r\u00e9cents montrent une perte de vitesse dans la cr\u00e9ation de nouveaux sites et la transformation d\u2019usines existantes, malgr\u00e9 les efforts de financement public et les aides cibl\u00e9es aux fili\u00e8res strat\u00e9giques.<\/p>\n<\/p>\n<p>Le ministre d\u00e9l\u00e9gu\u00e9 \u00e0 l\u2019Industrie, S\u00e9bastien Martin, se veut toutefois combatif\u00a0: \u00ab\u00a0On s\u2019est fix\u00e9 un cap tr\u00e8s clair\u00a0: maintenir l\u2019industrie dans ce pays et aller se battre aupr\u00e8s de l\u2019<a href=\"https:\/\/www.20minutes.fr\/dossier\/ue\" target=\"_blank\" class=\"c-link c-link--is-underlined\" rel=\"nofollow noopener\">Union europ\u00e9enne<\/a>, parce qu\u2019il est temps de sortir de la na\u00efvet\u00e9 sur certains sujets, notamment la concurrence internationale asiatique.\u00a0\u00bb Il appelle \u00e0 une r\u00e9ponse europ\u00e9enne coordonn\u00e9e pour prot\u00e9ger les fili\u00e8res \u00e9mergentes, notamment celles li\u00e9es aux <a href=\"https:\/\/www.20minutes.fr\/dossier\/voiture-electrique\" target=\"_blank\" class=\"c-link c-link--is-underlined\" rel=\"nofollow noopener\">v\u00e9hicules \u00e9lectriques<\/a> et aux <a href=\"https:\/\/www.20minutes.fr\/dossier\/energie_renouvelable\" target=\"_blank\" class=\"c-link c-link--is-underlined\" rel=\"nofollow noopener\">\u00e9nergies nouvelles<\/a>.<\/p>\n<p>Plus de fermetures que d\u2019ouvertures d\u2019usines<\/p>\n<p>Selon le cabinet Trendeo, la situation se d\u00e9grade \u00e9galement dans ses propres relev\u00e9s\u00a0: le solde entre ouvertures et fermetures d\u2019<a href=\"https:\/\/www.20minutes.fr\/dossier\/usine\" target=\"_blank\" class=\"c-link c-link--is-underlined\" rel=\"nofollow noopener\">usines<\/a> est redevenu n\u00e9gatif depuis fin\u00a02024, avec 25 sites perdus au premier semestre\u00a02025. L\u2019organisme souligne une triple fragilit\u00e9\u00a0: la concurrence asiatique, la pression sur les industries traditionnelles et l\u2019incertitude politique qui p\u00e8se sur les d\u00e9cisions d\u2019investissement \u00e0 long terme.<\/p>\n<p><a href=\"https:\/\/www.20minutes.fr\/dossier\/industrie\" target=\"_blank\" class=\"c-link c-btn c-btn--primary\" rel=\"nofollow noopener\">Notre dossier sur l&rsquo;industrie<\/a><\/p>\n<p>Du c\u00f4t\u00e9 syndical, la secr\u00e9taire g\u00e9n\u00e9rale de la <a href=\"https:\/\/www.20minutes.fr\/dossier\/cgt\" target=\"_blank\" class=\"c-link c-link--is-underlined\" rel=\"nofollow noopener\">CGT<\/a>, Sophie Binet, parle d\u2019\u00ab\u00a0un moment de d\u00e9sindustrialisation massive\u00a0\u00bb, \u00e9voquant \u00ab\u00a0plus de 300.000 emplois menac\u00e9s\u00a0\u00bb et \u00ab\u00a0444 plans sociaux depuis les \u00e9lections europ\u00e9ennes de juin\u00a02024\u00a0\u00bb. Pour elle, \u00ab\u00a0c\u2019est juste le petit bout de l\u2019iceberg\u00a0\u00bb, un constat alarmant qui relance le d\u00e9bat sur la politique de l\u2019offre et la strat\u00e9gie industrielle de l\u2019ex\u00e9cutif.<\/p>\n","protected":false},"excerpt":{"rendered":"Apr\u00e8s deux ann\u00e9es d\u2019\u00e9lan prometteur, la relance industrielle fran\u00e7aise s\u2019essouffle. Selon le barom\u00e8tre de la Direction g\u00e9n\u00e9rale des&hellip;\n","protected":false},"author":2,"featured_media":501026,"comment_status":"","ping_status":"","sticky":false,"template":"","format":"standard","meta":{"footnotes":""},"categories":[6],"tags":[47,35,1271,33,34,1073,341,1011,27,693,399,14883,6311,8131,2103],"class_list":{"0":"post-501025","1":"post","2":"type-post","3":"status-publish","4":"format-standard","5":"has-post-thumbnail","7":"category-economie","8":"tag-actualite","9":"tag-business","10":"tag-cgt","11":"tag-economie","12":"tag-economy","13":"tag-emmanuel-macron","14":"tag-emploi","15":"tag-fr","16":"tag-france","17":"tag-industrie","18":"tag-investissement","19":"tag-made-in-france","20":"tag-pib","21":"tag-production","22":"tag-usine"},"share_on_mastodon":{"url":"https:\/\/pubeurope.com\/@fr\/115465735705355655","error":""},"_links":{"self":[{"href":"https:\/\/www.europesays.com\/fr\/wp-json\/wp\/v2\/posts\/501025","targetHints":{"allow":["GET"]}}],"collection":[{"href":"https:\/\/www.europesays.com\/fr\/wp-json\/wp\/v2\/posts"}],"about":[{"href":"https:\/\/www.europesays.com\/fr\/wp-json\/wp\/v2\/types\/post"}],"author":[{"embeddable":true,"href":"https:\/\/www.europesays.com\/fr\/wp-json\/wp\/v2\/users\/2"}],"replies":[{"embeddable":true,"href":"https:\/\/www.europesays.com\/fr\/wp-json\/wp\/v2\/comments?post=501025"}],"version-history":[{"count":0,"href":"https:\/\/www.europesays.com\/fr\/wp-json\/wp\/v2\/posts\/501025\/revisions"}],"wp:featuredmedia":[{"embeddable":true,"href":"https:\/\/www.europesays.com\/fr\/wp-json\/wp\/v2\/media\/501026"}],"wp:attachment":[{"href":"https:\/\/www.europesays.com\/fr\/wp-json\/wp\/v2\/media?parent=501025"}],"wp:term":[{"taxonomy":"category","embeddable":true,"href":"https:\/\/www.europesays.com\/fr\/wp-json\/wp\/v2\/categories?post=501025"},{"taxonomy":"post_tag","embeddable":true,"href":"https:\/\/www.europesays.com\/fr\/wp-json\/wp\/v2\/tags?post=501025"}],"curies":[{"name":"wp","href":"https:\/\/api.w.org\/{rel}","templated":true}]}}