{"id":501027,"date":"2025-10-30T23:34:11","date_gmt":"2025-10-30T23:34:11","guid":{"rendered":"https:\/\/www.europesays.com\/fr\/501027\/"},"modified":"2025-10-30T23:34:11","modified_gmt":"2025-10-30T23:34:11","slug":"apres-ses-propos-polemiques-repris-par-trump-bill-gates-aurait-il-change-davis-sur-le-climat-liberation","status":"publish","type":"post","link":"https:\/\/www.europesays.com\/fr\/501027\/","title":{"rendered":"Apr\u00e8s ses propos pol\u00e9miques repris par Trump, Bill Gates aurait-il chang\u00e9 d\u2019avis sur le climat\u00a0? \u2013 Lib\u00e9ration"},"content":{"rendered":"<p class=\"sc-cPiKLX AiZTS text-element\">A quelques jours de <a href=\"https:\/\/www.liberation.fr\/tags\/cop\/\" target=\"_blank\" rel=\"noreferrer noopener\" title=\"https:\/\/www.liberation.fr\/tags\/cop\/\">l\u2019ouverture de la COP30<\/a>, qui se tiendra du 6 au 21 novembre \u00e0 Bel\u00e9m, au Br\u00e9sil, <a href=\"https:\/\/www.liberation.fr\/international\/amerique\/donald-trump-dit-avoir-gagne-contre-le-canular-du-changement-climatique-apres-des-propos-de-bill-gates-20251030_DVUTQH632BCJ5B3DQBIHQBUB5E\/\" target=\"_blank\" rel=\"noreferrer noopener\" title=\"https:\/\/www.liberation.fr\/international\/amerique\/donald-trump-dit-avoir-gagne-contre-le-canular-du-changement-climatique-apres-des-propos-de-bill-gates-20251030_DVUTQH632BCJ5B3DQBIHQBUB5E\/\">le milliardaire Bill Gates a soulev\u00e9 un toll\u00e9<\/a> en publiant mardi sur son site un communiqu\u00e9 d\u00e9non\u00e7ant la \u00abvision catastrophiste\u00bb de certains experts \u00e0 propos du r\u00e9chauffement climatique. Des propos aussit\u00f4t r\u00e9cup\u00e9r\u00e9s par Donald Trump, qui s\u2019est vant\u00e9, sur son r\u00e9seau Truth Social, d\u2019avoir \u00abgagn\u00e9 la guerre contre le canular climatique\u00bb.<\/p>\n<p class=\"sc-cPiKLX AiZTS text-element\">Contrairement \u00e0 ce qu\u2019a laiss\u00e9 entendre Trump, \u00e0 aucun moment le texte publi\u00e9 par le milliardaire ne remet en cause l\u2019existence ou les causes profondes du r\u00e9chauffement climatique. Il reconna\u00eet d\u2019ailleurs les \u00abcons\u00e9quences graves\u00bb de ce dernier, en particulier pour les populations des \u00abpays pauvres\u00bb, souvent les plus \u00e0 risque. Il n\u2019exprime pas non plus une volont\u00e9 de d\u00e9sengagement sur le plan id\u00e9ologique et financier. Fervent d\u00e9fenseur de l\u2019innovation comme solutio<\/p>\n","protected":false},"excerpt":{"rendered":"A quelques jours de l\u2019ouverture de la COP30, qui se tiendra du 6 au 21 novembre \u00e0 Bel\u00e9m,&hellip;\n","protected":false},"author":2,"featured_media":501028,"comment_status":"","ping_status":"","sticky":false,"template":"","format":"standard","meta":{"footnotes":""},"categories":[5],"tags":[11,75,1011,27,14,12,5140,28],"class_list":{"0":"post-501027","1":"post","2":"type-post","3":"status-publish","4":"format-standard","5":"has-post-thumbnail","7":"category-international","8":"tag-actualites","9":"tag-donald-trump","10":"tag-fr","11":"tag-france","12":"tag-international","13":"tag-news","14":"tag-rechauffement-climatique","15":"tag-world"},"share_on_mastodon":{"url":"https:\/\/pubeurope.com\/@fr\/115465739676528411","error":""},"_links":{"self":[{"href":"https:\/\/www.europesays.com\/fr\/wp-json\/wp\/v2\/posts\/501027","targetHints":{"allow":["GET"]}}],"collection":[{"href":"https:\/\/www.europesays.com\/fr\/wp-json\/wp\/v2\/posts"}],"about":[{"href":"https:\/\/www.europesays.com\/fr\/wp-json\/wp\/v2\/types\/post"}],"author":[{"embeddable":true,"href":"https:\/\/www.europesays.com\/fr\/wp-json\/wp\/v2\/users\/2"}],"replies":[{"embeddable":true,"href":"https:\/\/www.europesays.com\/fr\/wp-json\/wp\/v2\/comments?post=501027"}],"version-history":[{"count":0,"href":"https:\/\/www.europesays.com\/fr\/wp-json\/wp\/v2\/posts\/501027\/revisions"}],"wp:featuredmedia":[{"embeddable":true,"href":"https:\/\/www.europesays.com\/fr\/wp-json\/wp\/v2\/media\/501028"}],"wp:attachment":[{"href":"https:\/\/www.europesays.com\/fr\/wp-json\/wp\/v2\/media?parent=501027"}],"wp:term":[{"taxonomy":"category","embeddable":true,"href":"https:\/\/www.europesays.com\/fr\/wp-json\/wp\/v2\/categories?post=501027"},{"taxonomy":"post_tag","embeddable":true,"href":"https:\/\/www.europesays.com\/fr\/wp-json\/wp\/v2\/tags?post=501027"}],"curies":[{"name":"wp","href":"https:\/\/api.w.org\/{rel}","templated":true}]}}