{"id":501071,"date":"2025-10-31T00:04:35","date_gmt":"2025-10-31T00:04:35","guid":{"rendered":"https:\/\/www.europesays.com\/fr\/501071\/"},"modified":"2025-10-31T00:04:35","modified_gmt":"2025-10-31T00:04:35","slug":"bien-vieillir-dans-la-ville-actualites","status":"publish","type":"post","link":"https:\/\/www.europesays.com\/fr\/501071\/","title":{"rendered":"Bien vieillir dans la ville \/ Actualit\u00e9s"},"content":{"rendered":"<p>La population de Lille, comme celle de l\u2019ensemble du pays vieillit. \u00c0 Lille, en 2020, 25 000 personnes avaient plus de 60 ans, dont plus de 8 000 de plus de 75 ans.<\/p>\n<p>Un chiffre qui ne cesse de cro\u00eetre. Face \u00e0 cette r\u00e9alit\u00e9, la Ville a choisi d\u2019en faire une opportunit\u00e9, parce que vieillir est une \u00e9tape de vie \u00e0 part enti\u00e8re qui peut \u00eatre active, solidaire, riche de transmission et d\u2019engagement.<\/p>\n<p>Ville amie des a\u00een\u00e9s<\/p>\n<p>Fin 2017, la municipalit\u00e9 s\u2019est engag\u00e9e dans la d\u00e9marche \u00ab\u00a0Lille, Ville Amie des A\u00een\u00e9s\u00a0\u00bb (VADA) pour adapter la ville au vieillissement et aider les seniors lillois \u00e0 rester aussi longtemps que possible les acteurs de leur propre vie.<\/p>\n<p><strong>L\u2019obtention, fin octobre 2025, du label \u00ab\u00a0Ville amie des a\u00een\u00e9s,\u00a0mention or\u00a0\u00bb<\/strong> r\u00e9compense les mesures d\u00e9j\u00e0 mises en place. Parmi elles, les Dimanches du Pass, la Semaine bleue, No\u00ebl Solidaire, les visites \u00e0 domicile, le dispositif v\u00e9los-taxis avec plus de 2 000 trajets effectu\u00e9s, la Maison Lill\u2019\u00c2ges, etc.<\/p>\n<p>Parce qu\u2019il faut continuer \u00e0 adapter la ville, un nouveau plan a \u00e9t\u00e9 pr\u00e9sent\u00e9 au conseil municipal de juin dernier, avec d\u2019autres actions qui vont voir le jour. Elles seront davantage ax\u00e9es sur la lutte contre l\u2019isolement (une situation souvent \u00e9voqu\u00e9e par les seniors lors des diff\u00e9rentes concertations) avec de nouvelles occasions de se rencontrer.<\/p>\n<p>Mais parce que vieillir, c\u2019est continuer \u00e0 vivre pleinement, de nouvelles activit\u00e9s autour du sport, de la culture et des loisirs seront aussi programm\u00e9es.<\/p>\n<p>Autre enjeu souvent ignor\u00e9\u00a0: <strong>les violences faites aux personnes \u00e2g\u00e9es<\/strong>, v\u00e9cues au sein du couple ou de la part d\u2019un enfant ou petit-enfant devenu adulte.<\/p>\n<p>Rendez-vous<\/p>\n<p>Rendez-vous le <strong>6 novembre de 9h \u00e0 17h<\/strong> pour une journ\u00e9e d\u2019\u00e9tude sur <strong>\u00ab\u00a0L\u2019invisibilit\u00e9 des violences conjugales chez les seniors\u00a0\u00bb<\/strong>\u00a0: parce que les violences conjugales ne s\u2019arre\u00eatne tpas avec l\u2019\u00e2ge. Cette journ\u00e9e a lieu sur le campus Moulins (facult\u00e9 des sciences juridiques, politiques et sociales) de l\u2019Universit\u00e9 de Lille, 1 place D\u00e9liot \u00e0 Lille, salle Guy Debeyre.<\/p>\n<p><strong>Entr\u00e9e gratuite mais inscription obligatoire\u00a0<\/strong>sur\u00a0<a href=\"https:\/\/inscription-evenement.univ-lille.fr\/IVCS2025\" target=\"_self\" class=\"lien_interne\" rel=\"noopener\">https:\/\/inscription-evenement.univ-lille.fr\/IVCS2025<\/a>\u00a0Renseignements au Pass Seniors de la Ville de Lille\u00a0au 03 20 58 00 68.<\/p>\n<p>\u00c0 noter aussi, des <strong>ateliers sur les violences intrafamiliales chez les seniors<\/strong> (r\u00e9serv\u00e9s aux plus de 60 ans) dans les <strong>Espaces Seniors de Lille-Sud et Wazemmes<\/strong> \u00e0 partir du <strong>4 novembre<\/strong>. Renseignements et inscriptions au 03 20 58 00 68.<\/p>\n<p>. Pour \u00eatre inform\u00e9 des actualit\u00e9s, \u00e9v\u00e9nements et activit\u00e9s \u00e0 venir, n\u2019h\u00e9sitez pas \u00e0 vous inscrire \u00e0 la newsletter du Pass Seniors au 03 20 58 00 68 ou pass-senior@mairie-lille.fr<\/p>\n","protected":false},"excerpt":{"rendered":"La population de Lille, comme celle de l\u2019ensemble du pays vieillit. \u00c0 Lille, en 2020, 25 000 personnes&hellip;\n","protected":false},"author":2,"featured_media":501072,"comment_status":"","ping_status":"","sticky":false,"template":"","format":"standard","meta":{"footnotes":""},"categories":[2815],"tags":[1111,11,4763,1777,674,1011,27,811,1307,5415,12,25],"class_list":{"0":"post-501071","1":"post","2":"type-post","3":"status-publish","4":"format-standard","5":"has-post-thumbnail","7":"category-lille","8":"tag-actu","9":"tag-actualites","10":"tag-agenda","11":"tag-eu","12":"tag-europe","13":"tag-fr","14":"tag-france","15":"tag-hauts-de-france","16":"tag-lille","17":"tag-mairie","18":"tag-news","19":"tag-republique-francaise"},"share_on_mastodon":{"url":"https:\/\/pubeurope.com\/@fr\/115465857940375167","error":""},"_links":{"self":[{"href":"https:\/\/www.europesays.com\/fr\/wp-json\/wp\/v2\/posts\/501071","targetHints":{"allow":["GET"]}}],"collection":[{"href":"https:\/\/www.europesays.com\/fr\/wp-json\/wp\/v2\/posts"}],"about":[{"href":"https:\/\/www.europesays.com\/fr\/wp-json\/wp\/v2\/types\/post"}],"author":[{"embeddable":true,"href":"https:\/\/www.europesays.com\/fr\/wp-json\/wp\/v2\/users\/2"}],"replies":[{"embeddable":true,"href":"https:\/\/www.europesays.com\/fr\/wp-json\/wp\/v2\/comments?post=501071"}],"version-history":[{"count":0,"href":"https:\/\/www.europesays.com\/fr\/wp-json\/wp\/v2\/posts\/501071\/revisions"}],"wp:featuredmedia":[{"embeddable":true,"href":"https:\/\/www.europesays.com\/fr\/wp-json\/wp\/v2\/media\/501072"}],"wp:attachment":[{"href":"https:\/\/www.europesays.com\/fr\/wp-json\/wp\/v2\/media?parent=501071"}],"wp:term":[{"taxonomy":"category","embeddable":true,"href":"https:\/\/www.europesays.com\/fr\/wp-json\/wp\/v2\/categories?post=501071"},{"taxonomy":"post_tag","embeddable":true,"href":"https:\/\/www.europesays.com\/fr\/wp-json\/wp\/v2\/tags?post=501071"}],"curies":[{"name":"wp","href":"https:\/\/api.w.org\/{rel}","templated":true}]}}