{"id":501073,"date":"2025-10-31T00:05:21","date_gmt":"2025-10-31T00:05:21","guid":{"rendered":"https:\/\/www.europesays.com\/fr\/501073\/"},"modified":"2025-10-31T00:05:21","modified_gmt":"2025-10-31T00:05:21","slug":"mon-premier-boulot-mon-premier-pardessus","status":"publish","type":"post","link":"https:\/\/www.europesays.com\/fr\/501073\/","title":{"rendered":"\u00ab\u00a0Mon premier boulot\u00a0\u00bb, \u00ab\u00a0mon premier pardessus\u00a0\u00bb&#8230;"},"content":{"rendered":"<p>La file est longue, les anecdotes encore plus. \u00c0 l\u2019entr\u00e9e des <a href=\"https:\/\/www.laprovence.com\/article\/economie\/17982397206699\/galeries-lafayette-les-deux-magasins-de-marseille-fermeront-definitivement-plus-tot-que-prevu\" target=\"_blank\" rel=\"noopener\">Galeries Lafayette<\/a> Bourse et Prado, qui vont fermer pour de bon ce <strong>samedi 15\u00a0novembre<\/strong>, soit 15 jours avant la date pr\u00e9vue, il suffit de tendre la perche pour s\u2019\u00e9mouvoir. Par dizaines, les clients racontent, en couple, en famille ou entre copains, ce qu\u2019ils ont pu partager et porter gr\u00e2ce aux \u00ab\u00a0Galeries\u00a0\u00bb.<\/p>\n<p>\u00ab\u00a0Je me souviens, c\u2019\u00e9tait en\u00a01979\u2026\u00a0\u00bb&#13;\n<\/p>\n<p><img alt=\"Marc a pris son premier poste \u00e0 17 ans aux Galeries Lafayette.\" loading=\"lazy\" decoding=\"async\" data-nimg=\"fill\" class=\" TwicCore_img__i9TC1 undefined  undefined\" style=\"position:absolute;height:100%;width:100%;left:0;top:0;right:0;bottom:0;color:transparent;background-size:cover;background-position:50% 50%;background-repeat:no-repeat;background-image:url(&quot;data:image\/svg+xml;charset=utf-8,%3Csvg xmlns='http:\/\/www.w3.org\/2000\/svg' %3E%3Cfilter id='b' color-interpolation-filters='sRGB'%3E%3CfeGaussianBlur stdDeviation='20'\/%3E%3CfeColorMatrix values='1 0 0 0 0 0 1 0 0 0 0 0 1 0 0 0 0 0 100 -1' result='s'\/%3E%3CfeFlood x='0' y='0' width='100%25' height='100%25'\/%3E%3CfeComposite operator='out' in='s'\/%3E%3CfeComposite in2='SourceGraphic'\/%3E%3CfeGaussianBlur stdDeviation='20'\/%3E%3C\/filter%3E%3Cimage width='100%25' height='100%25' x='0' y='0' preserveAspectRatio='none' style='filter: url(%23b);' href='https:\/\/pictures.laprovence.com\/cdn-cgi\/image\/blur=250\/media\/melody\/2025\/10\/30\/marc-a-pris-son-premier-poste-a-17-ans-aux-galeries-lafayette-1761848778_7cb099568309640c09956830944c09v_.jpg'\/%3E%3C\/svg%3E&quot;)\"   src=\"https:\/\/www.europesays.com\/fr\/wp-content\/uploads\/2025\/10\/marc-a-pris-son-premier-poste-a-17-ans-aux-galeries-lafayette-1761848778_7cb099568309640c09956830944.jpeg\"\/>Marc a pris son premier poste \u00e0 17 ans aux Galeries Lafayette. \/PHOTO T.Be.<\/p>\n<p>Parmi les clients qui repartent plus \u00e9mu par leur passage dans les rayons qu\u2019en caisse pour acheter un article de plus, Marc Morino \u00ab\u00a0fait partie des meubles\u00a0\u00bb du centre Bourse. \u00ab\u00a0J\u2019ai pris mon premier job ici en\u00a01979, j\u2019avais 17\u00a0ans et je ramassais les&rsquo;Caddies&rsquo;. \u00c0 l\u2019\u00e9poque, les jetons en plastique n\u2019existaient pas\u00a0\u00bb, se rappelle l\u2019ado devenu grand-p\u00e8re, 63\u00a0ans au compteur mais le sourire toujours aussi ravageur. \u00ab\u00a0Derri\u00e8re tous les souvenirs, il y a de la tristesse. On regarde dans le r\u00e9troviseur, on se demande ce qui a pu se passer pour qu\u2019\u00e0 Marseille, \u00e7a d\u00e9croche, alors qu\u2019\u00e0 Paris, \u00e7a cartonne\u00a0\u00bb, dit l\u2019ex salari\u00e9 en r\u00e9f\u00e9rence aux <a href=\"https:\/\/www.laprovence.com\/article\/region\/5893154882424814\/fermeture-des-galeries-lafayette-a-marseille-liquidation-des-le-15-octobre-un-decompte-douloureux-pour-les-salaries\" target=\"_blank\" rel=\"noopener\">10\u00a0millions d\u2019euros de perte<\/a> accumul\u00e9s par l\u2019enseigne chaque ann\u00e9e dans la cit\u00e9 phoc\u00e9enne.<\/p>\n<p>\u00c0 quelques rayons de l\u00e0, Paulette Gompel ne fait pas partie des meubles, mais de l\u2019histoire des Galeries, litt\u00e9ralement. \u00ab\u00a0Je suis la descendante d\u2019un des deux fr\u00e8res Gompel, fondateurs des Dames de France\u00a0\u00bb, l\u00e2che-t-elle, un sac en cuir griff\u00e9 sous le bras. Cette entreprise est rachet\u00e9e par les Galeries en\u00a01985. En mai de cette ann\u00e9e, le magasin Dames de France \u00e0 Marseille passe sous le pavillon des <a href=\"https:\/\/www.laprovence.com\/article\/societe\/43323573206628\/liquidation-aux-galeries-lafayette-a-marseille-mouvement-de-foule-et-fermeture-des-grilles-au-centre-prado-shopping\" target=\"_blank\" rel=\"noopener\">Galeries<\/a>, pierre fondatrice d\u2019une histoire de fid\u00e9lit\u00e9s, de coquetteries, et d\u2019\u00e9mancipation, aussi (plus de 70% des cadres des Galeries sont des femmes, un score envi\u00e9 par les entreprises du CAC 40). D\u2019une formule, la \u00ab\u00a0doyenne\u00a0\u00bb des Galeries qui \u00ab\u00a0a grandi parmi les vendeuses appr\u00eat\u00e9es\u00a0\u00bb, r\u00e9sume ce qu\u2019elle entendait dans les rayons\u00a0: \u00ab\u00a0Si vous voulez bien le vendre, mesdames, vous n\u2019avez qu\u2019\u00e0 le porter\u00a0!\u00a0\u00bb<\/p>\n<p><img alt=\"Op\u00e9ration de liquidation des stocks aux Galeries Lafayette \u00e0 Marseille.\" loading=\"lazy\" decoding=\"async\" data-nimg=\"fill\" class=\" TwicCore_img__i9TC1 undefined  undefined\" style=\"position:absolute;height:100%;width:100%;left:0;top:0;right:0;bottom:0;color:transparent;background-size:cover;background-position:50% 50%;background-repeat:no-repeat;background-image:url(&quot;data:image\/svg+xml;charset=utf-8,%3Csvg xmlns='http:\/\/www.w3.org\/2000\/svg' %3E%3Cfilter id='b' color-interpolation-filters='sRGB'%3E%3CfeGaussianBlur stdDeviation='20'\/%3E%3CfeColorMatrix values='1 0 0 0 0 0 1 0 0 0 0 0 1 0 0 0 0 0 100 -1' result='s'\/%3E%3CfeFlood x='0' y='0' width='100%25' height='100%25'\/%3E%3CfeComposite operator='out' in='s'\/%3E%3CfeComposite in2='SourceGraphic'\/%3E%3CfeGaussianBlur stdDeviation='20'\/%3E%3C\/filter%3E%3Cimage width='100%25' height='100%25' x='0' y='0' preserveAspectRatio='none' style='filter: url(%23b);' href='https:\/\/pictures.laprovence.com\/cdn-cgi\/image\/blur=250\/media\/melody\/2025\/10\/30\/operation-de-liquidation-des-stocks-aux-galeries-lafayette-a-marseille-ici-celles-du-centre-bourse-e-1761848778_f45c4a877fe86295c4a877fe81d5c4v_.jpg'\/%3E%3C\/svg%3E&quot;)\"   src=\"https:\/\/www.europesays.com\/fr\/wp-content\/uploads\/2025\/10\/operation-de-liquidation-des-stocks-aux-galeries-lafayette-a-marseille-ici-celles-du-centre-bourse-e.jpeg\"\/>Op\u00e9ration de liquidation des stocks aux Galeries Lafayette \u00e0 Marseille. LP &#8211; VALLAURI Nicolas<\/p>\n<p>Les salari\u00e9s m\u00e9ritent un \u00ab\u00a0merci\u00a0\u00bb&#13;\n<\/p>\n<p><img alt=\"Daniel, 77 ans et habitant de l'Estaque, se souvient de l'achat de son premier &quot;pardessus&quot; aux Galeries Lafayette du centre Bourse.\" loading=\"lazy\" decoding=\"async\" data-nimg=\"fill\" class=\" TwicCore_img__i9TC1 undefined  undefined\" style=\"position:absolute;height:100%;width:100%;left:0;top:0;right:0;bottom:0;color:transparent;background-size:cover;background-position:50% 50%;background-repeat:no-repeat;background-image:url(&quot;data:image\/svg+xml;charset=utf-8,%3Csvg xmlns='http:\/\/www.w3.org\/2000\/svg' %3E%3Cfilter id='b' color-interpolation-filters='sRGB'%3E%3CfeGaussianBlur stdDeviation='20'\/%3E%3CfeColorMatrix values='1 0 0 0 0 0 1 0 0 0 0 0 1 0 0 0 0 0 100 -1' result='s'\/%3E%3CfeFlood x='0' y='0' width='100%25' height='100%25'\/%3E%3CfeComposite operator='out' in='s'\/%3E%3CfeComposite in2='SourceGraphic'\/%3E%3CfeGaussianBlur stdDeviation='20'\/%3E%3C\/filter%3E%3Cimage width='100%25' height='100%25' x='0' y='0' preserveAspectRatio='none' style='filter: url(%23b);' href='https:\/\/pictures.laprovence.com\/cdn-cgi\/image\/blur=250\/media\/melody\/2025\/10\/30\/daniel-77-ans-et-habitant-de-l-estaque-se-souvient-de-l-achat-de-son-premier-pardessus-aux-galeries-1761848779_b282a95683096c682a9568309aa82av_.jpg'\/%3E%3C\/svg%3E&quot;)\"   src=\"https:\/\/www.europesays.com\/fr\/wp-content\/uploads\/2025\/10\/daniel-77-ans-et-habitant-de-l-estaque-se-souvient-de-l-achat-de-son-premier-pardessus-aux-galeries-.jpeg\"\/>Daniel, 77 ans et habitant de l&rsquo;Estaque, se souvient de l&rsquo;achat de son premier \u00ab\u00a0pardessus\u00a0\u00bb aux Galeries Lafayette du centre Bourse. \/PHOTO T.Be.<\/p>\n<p>Daniel, 77\u00a0ans, se rappelle \u00ab\u00a0sa chance\u00a0\u00bb, \u00eatre pass\u00e9 \u00e0 Bourse il y a trente ans pour trouver \u00ab\u00a0son premier pardessus, un De Fursac, \u00e0 l\u2019\u00e9poque. Le vendeur me dit\u00a0: &lsquo;vous faites une taille standard, n\u2019attendez pas les soldes&rsquo;. Je n\u2019ai pas craqu\u00e9, on est devenus amis et j\u2019ai trouv\u00e9 le seul mod\u00e8le qui restait dans le rayon 15 jours plus tard, \u00e0 moins 50%\u00a0\u00bb. Pour Yam, 40\u00a0ans, une salari\u00e9e d\u2019Aldi qui fait son dernier shopping aux Galeries Prado, \u00ab\u00a0c\u2019est une institution qui part. J\u2019ai grandi avec le centre Bourse, c\u2019\u00e9taient nos <a href=\"https:\/\/www.laprovence.com\/article\/region\/22276857960831\/quartiers-de-marseille-la-joliette-toujours-en-devenir\" target=\"_blank\" rel=\"noopener\">Terrasses du Port <\/a>\u00e0 nous\u00a0!\u00a0\u00bb. \u00ab\u00a0Son top\u00a0\u00bb, \u00ab\u00a0sa base\u00a0\u00bb, c\u2019est ce bonnet en (fausse) fourrure de la marque Galeries Lafayette qu\u2019elle garde pr\u00e9cieusement et ressort \u00e0 chaque hiver.<\/p>\n<p><img alt=\"Op\u00e9ration de liquidation des stocks aux Galeries Lafayette \u00e0 Marseille.\" loading=\"lazy\" decoding=\"async\" data-nimg=\"fill\" class=\" TwicCore_img__i9TC1 undefined  undefined\" style=\"position:absolute;height:100%;width:100%;left:0;top:0;right:0;bottom:0;color:transparent;background-size:cover;background-position:50% 50%;background-repeat:no-repeat;background-image:url(&quot;data:image\/svg+xml;charset=utf-8,%3Csvg xmlns='http:\/\/www.w3.org\/2000\/svg' %3E%3Cfilter id='b' color-interpolation-filters='sRGB'%3E%3CfeGaussianBlur stdDeviation='20'\/%3E%3CfeColorMatrix values='1 0 0 0 0 0 1 0 0 0 0 0 1 0 0 0 0 0 100 -1' result='s'\/%3E%3CfeFlood x='0' y='0' width='100%25' height='100%25'\/%3E%3CfeComposite operator='out' in='s'\/%3E%3CfeComposite in2='SourceGraphic'\/%3E%3CfeGaussianBlur stdDeviation='20'\/%3E%3C\/filter%3E%3Cimage width='100%25' height='100%25' x='0' y='0' preserveAspectRatio='none' style='filter: url(%23b);' href='https:\/\/pictures.laprovence.com\/cdn-cgi\/image\/blur=250\/media\/melody\/2025\/10\/30\/operation-de-liquidation-des-stocks-aux-galeries-lafayette-a-marseille-ici-celles-du-centre-bourse-e-1761848779_cd2749997fe86b13749997fe885374v_.jpg'\/%3E%3C\/svg%3E&quot;)\"   src=\"https:\/\/www.europesays.com\/fr\/wp-content\/uploads\/2025\/10\/1761869121_402_operation-de-liquidation-des-stocks-aux-galeries-lafayette-a-marseille-ici-celles-du-centre-bourse-e.jpeg\"\/>Op\u00e9ration de liquidation des stocks aux Galeries Lafayette \u00e0 Marseille. \/PHOTO Nicolas Vallauri<\/p>\n<p>\u00ab\u00a0Tout le monde me demande o\u00f9 je l\u2019ai trouv\u00e9, les gens kifent\u00a0\u00bb, se marre-t-elle. Pour Paola et sa fille de 16\u00a0ans, Lana, qui font, elles aussi, du l\u00e8che-vitrine au Prado, \u00ab\u00a0c\u2019est un endroit o\u00f9 voir de la beaut\u00e9\u00a0\u00bb, les Galeries, \u00ab\u00a0avec les grandes marques, on a une vision de la mode \u00e0 instant&rsquo;T&rsquo;et on se dit que c\u2019est l\u2019art de s\u2019habiller et se maquiller \u00e0 la fran\u00e7aise\u00a0\u00bb.<\/p>\n<p>Alors, pour Samira, \u00ab\u00a0citoyenne engag\u00e9e pour Marseille\u00a0\u00bb qui occupe un poste au syndicat des patrons, le Medef, \u00ab\u00a0impossible de b\u00e2tir un futur d\u00e9sirable sur des blessures non reconnues. Derri\u00e8re <a href=\"https:\/\/www.laprovence.com\/article\/economie\/2155726445533714\/liquidation-aux-galeries-lafayette-a-marseille-un-dispositif-de-securite-xxl-pour-le-retour-au-calme\" target=\"_blank\" rel=\"noopener\">la fermeture <\/a>des Galeries, il y a <a href=\"https:\/\/www.laprovence.com\/article\/region\/5893154882424814\/fermeture-des-galeries-lafayette-a-marseille-liquidation-des-le-15-octobre-un-decompte-douloureux-pour-les-salaries\" target=\"_blank\" rel=\"noopener\">des salari\u00e9s<\/a> qui ont consacr\u00e9 des ann\u00e9es \u00e0 faire vivre ces enseignes, avec loyaut\u00e9 et fiert\u00e9. Ils m\u00e9ritent un\u2019merci\u2019collectif avant de cl\u00f4turer ce chapitre avec dignit\u00e9.\u00a0\u00bb<\/p>\n","protected":false},"excerpt":{"rendered":"La file est longue, les anecdotes encore plus. \u00c0 l\u2019entr\u00e9e des Galeries Lafayette Bourse et Prado, qui vont&hellip;\n","protected":false},"author":2,"featured_media":501074,"comment_status":"","ping_status":"","sticky":false,"template":"","format":"standard","meta":{"footnotes":""},"categories":[2814],"tags":[17,1111,11,1007,33,62308,1777,674,1011,27,151,761,884,12,2537,882,25,20823,3387],"class_list":{"0":"post-501073","1":"post","2":"type-post","3":"status-publish","4":"format-standard","5":"has-post-thumbnail","7":"category-marseille","8":"tag-17","9":"tag-actu","10":"tag-actualites","11":"tag-aux","12":"tag-economie","13":"tag-emu","14":"tag-eu","15":"tag-europe","16":"tag-fr","17":"tag-france","18":"tag-les","19":"tag-marseillais","20":"tag-marseille","21":"tag-news","22":"tag-ont","23":"tag-provence-alpes-cote-dazur","24":"tag-republique-francaise","25":"tag-souvenir","26":"tag-tous"},"share_on_mastodon":{"url":"https:\/\/pubeurope.com\/@fr\/115465862267899360","error":""},"_links":{"self":[{"href":"https:\/\/www.europesays.com\/fr\/wp-json\/wp\/v2\/posts\/501073","targetHints":{"allow":["GET"]}}],"collection":[{"href":"https:\/\/www.europesays.com\/fr\/wp-json\/wp\/v2\/posts"}],"about":[{"href":"https:\/\/www.europesays.com\/fr\/wp-json\/wp\/v2\/types\/post"}],"author":[{"embeddable":true,"href":"https:\/\/www.europesays.com\/fr\/wp-json\/wp\/v2\/users\/2"}],"replies":[{"embeddable":true,"href":"https:\/\/www.europesays.com\/fr\/wp-json\/wp\/v2\/comments?post=501073"}],"version-history":[{"count":0,"href":"https:\/\/www.europesays.com\/fr\/wp-json\/wp\/v2\/posts\/501073\/revisions"}],"wp:featuredmedia":[{"embeddable":true,"href":"https:\/\/www.europesays.com\/fr\/wp-json\/wp\/v2\/media\/501074"}],"wp:attachment":[{"href":"https:\/\/www.europesays.com\/fr\/wp-json\/wp\/v2\/media?parent=501073"}],"wp:term":[{"taxonomy":"category","embeddable":true,"href":"https:\/\/www.europesays.com\/fr\/wp-json\/wp\/v2\/categories?post=501073"},{"taxonomy":"post_tag","embeddable":true,"href":"https:\/\/www.europesays.com\/fr\/wp-json\/wp\/v2\/tags?post=501073"}],"curies":[{"name":"wp","href":"https:\/\/api.w.org\/{rel}","templated":true}]}}