{"id":501075,"date":"2025-10-31T00:06:15","date_gmt":"2025-10-31T00:06:15","guid":{"rendered":"https:\/\/www.europesays.com\/fr\/501075\/"},"modified":"2025-10-31T00:06:15","modified_gmt":"2025-10-31T00:06:15","slug":"meteo-a-marseille-les-previsions-du-jeudi-30-octobre-2025","status":"publish","type":"post","link":"https:\/\/www.europesays.com\/fr\/501075\/","title":{"rendered":"M\u00e9t\u00e9o \u00e0 Marseille : les pr\u00e9visions du jeudi 30 octobre 2025"},"content":{"rendered":"<p>\u00c0 Marseille, le jeudi 30 octobre 2025 d\u00e9bute sous un ciel tr\u00e8s nuageux avec quelques averses l\u00e9g\u00e8res. Le soleil s\u2019impose ensuite en apr\u00e8s-midi, offrant une douceur automnale agr\u00e9able avant une soir\u00e9e calme et ti\u00e8de.<\/p>\n<p>    Alerte en cours<\/p>\n<p>\n    Le d\u00e9partement des Bouches-du-Rh\u00f4ne est plac\u00e9 aujourd\u2019hui en vigilance <b>jaune Orages<\/b> depuis 00 h. Les impacts attendus demeurent modestes, mais il est possible d\u2019entendre localement le tonnerre et de subir un ruissellement rapide sous une cellule orageuse isol\u00e9e.\n<\/p>\n<p>\n    \u00c9vitez les sorties en mer ou sur les collines lors d\u2019un coup de tonnerre, s\u00e9curisez les objets l\u00e9gers sur les balcons, et restez inform\u00e9s gr\u00e2ce \u00e0 <a href=\"https:\/\/www.meteocity.com\/france\/alertes\" target=\"_blank\" rel=\"noopener\">notre page d\u00e9di\u00e9e aux alertes m\u00e9t\u00e9orologiques<\/a>.\n<\/p>\n<p>Matin : grisaille avant le soleil \u2013 lever \u00e0 07 h 11<\/p>\n<p>\n    Au r\u00e9veil, Marseille s\u2019\u00e9veille sous un ciel tr\u00e8s nuageux. \u00c0 09 h, le thermom\u00e8tre affiche <b>18 \u00b0C<\/b> pour un ressenti de 19 \u00b0C. L\u2019humidit\u00e9 atteint 91 %, t\u00e9moignant d\u2019une atmosph\u00e8re bien charg\u00e9e.\n<\/p>\n<p>\n    La brise de nord-ouest, discr\u00e8te, laisse place \u00e0 un air presque immobile sur le Vieux-Port. La probabilit\u00e9 d\u2019averse s\u2019\u00e9l\u00e8ve \u00e0 40 % : il est donc prudent de garder le parapluie \u00e0 port\u00e9e de main, m\u00eame si les cumuls attendus s\u2019annoncent anecdotiques.\n<\/p>\n<p>Apr\u00e8s-midi : \u00e9claircies franches<\/p>\n<p>\n    Le temps s\u2019illumine d\u00e8s la mi-journ\u00e9e. \u00c0 15 h, le ciel devient d\u00e9gag\u00e9 et la temp\u00e9rature grimpe \u00e0 <b>21 \u00b0C<\/b>, ressentie 22 \u00b0C. L\u2019humidit\u00e9 chute \u00e0 68 %, am\u00e9liorant nettement le confort thermique.\n<\/p>\n<p>\n    Le vent d\u2019ouest souffle gentiment autour de 9 km\/h. Aucun orage n\u2019est attendu sur ce cr\u00e9neau et le risque de pluie descend \u00e0 3 %. On peut envisager une balade sur la Corniche ou une pause en terrasse sans r\u00e9elle inqui\u00e9tude.\n<\/p>\n<p>Soir : douceur s\u00e8che \u2013 coucher \u00e0 17 h 32<\/p>\n<p>\n    Le soleil dispara\u00eet derri\u00e8re l\u2019horizon \u00e0 17 h 32, laissant un ciel toujours limpide. \u00c0 21 h, il fait encore <b>18 \u00b0C<\/b>, ressenti 19 \u00b0C. L\u2019humidit\u00e9 remonte \u00e0 86 %, mais la sensation reste agr\u00e9able gr\u00e2ce \u00e0 l\u2019absence de vent notable.\n<\/p>\n<p>\n    Les mod\u00e8les n\u2019annoncent qu\u2019un maigre 5 % de risque de pluie. Id\u00e9al pour fl\u00e2ner sur le Vieux-Port ou profiter des terrasses du Panier sous un ciel \u00e9toil\u00e9.\n<\/p>\n<p>Tendance g\u00e9n\u00e9rale pour le lendemain<\/p>\n<p>\n    Pour le jeudi 31 octobre, la grisaille refera surface : une couverture tr\u00e8s nuageuse quasi permanente, sans pluie significative (1 % de risque). Le mercure s\u2019\u00e9tagera de <b>15 \u00b0C<\/b> \u00e0 l\u2019aube \u00e0 <b>21 \u00b0C<\/b> en milieu d\u2019apr\u00e8s-midi.\n<\/p>\n<p>\n    Le flux basculera \u00e0 l\u2019est-sud-est (18 km\/h), pouvant apporter de l\u2019air plus humide venu de la M\u00e9diterran\u00e9e. La pression remontera vers 1 010 hPa, signe d\u2019une atmosph\u00e8re globalement stable.\n<\/p>\n<p>\n    En nocturne, on pr\u00e9voit <b>17 \u00b0C<\/b> sous un ciel charg\u00e9. Les rafales ne devraient pas d\u00e9passer 32 km\/h, aucun coup de vent s\u00e9rieux n\u2019est donc attendu.\n<\/p>\n<p>En r\u00e9sum\u00e9<\/p>\n<ul>\n<li><b>Temp\u00e9ratures : 16 \u2013 22 \u00b0C<\/b> pour ce 30 octobre, un niveau l\u00e9g\u00e8rement sup\u00e9rieur aux normales automnales.<\/li>\n<li>Rafales notables : <b>42 km\/h<\/b> possibles sous une averse isol\u00e9e, principalement d\u2019ouest-sud-ouest.<\/li>\n<li>Pluie : probabilit\u00e9 moyenne de 25 % sur l\u2019ensemble de la journ\u00e9e, mais cumuls quasi nuls.<\/li>\n<li>Orages : vigilance jaune, ph\u00e9nom\u00e8nes ponctuels et faibles.<\/li>\n<\/ul>\n<p>\n    Ces variations rapides entre nuages matinaux et soleil l\u2019apr\u00e8s-midi illustrent la variabilit\u00e9 accrue du climat m\u00e9diterran\u00e9en \u00e0 l\u2019automne, un contexte que le r\u00e9chauffement plan\u00e9taire rend plus capricieux : l\u2019air plus chaud retient davantage d\u2019humidit\u00e9, favorisant de brusques d\u00e9veloppements orageux.\n<\/p>\n<p>\n    Besoin d\u2019affiner une sortie plage, bateau ou randonn\u00e9e ? Consultez en temps r\u00e9el <a href=\"https:\/\/www.meteocity.com\/france\/marseille-v2995469\" target=\"_blank\" rel=\"noopener\">notre bulletin d\u00e9taill\u00e9<\/a>. Restez prudents et profitez de cette douceur automnale !<\/p>\n","protected":false},"excerpt":{"rendered":"\u00c0 Marseille, le jeudi 30 octobre 2025 d\u00e9bute sous un ciel tr\u00e8s nuageux avec quelques averses l\u00e9g\u00e8res. Le&hellip;\n","protected":false},"author":2,"featured_media":501076,"comment_status":"","ping_status":"","sticky":false,"template":"","format":"standard","meta":{"footnotes":""},"categories":[2814],"tags":[1111,11,1777,674,1011,27,884,12,882,25],"class_list":{"0":"post-501075","1":"post","2":"type-post","3":"status-publish","4":"format-standard","5":"has-post-thumbnail","7":"category-marseille","8":"tag-actu","9":"tag-actualites","10":"tag-eu","11":"tag-europe","12":"tag-fr","13":"tag-france","14":"tag-marseille","15":"tag-news","16":"tag-provence-alpes-cote-dazur","17":"tag-republique-francaise"},"share_on_mastodon":{"url":"https:\/\/pubeurope.com\/@fr\/115465865621865525","error":""},"_links":{"self":[{"href":"https:\/\/www.europesays.com\/fr\/wp-json\/wp\/v2\/posts\/501075","targetHints":{"allow":["GET"]}}],"collection":[{"href":"https:\/\/www.europesays.com\/fr\/wp-json\/wp\/v2\/posts"}],"about":[{"href":"https:\/\/www.europesays.com\/fr\/wp-json\/wp\/v2\/types\/post"}],"author":[{"embeddable":true,"href":"https:\/\/www.europesays.com\/fr\/wp-json\/wp\/v2\/users\/2"}],"replies":[{"embeddable":true,"href":"https:\/\/www.europesays.com\/fr\/wp-json\/wp\/v2\/comments?post=501075"}],"version-history":[{"count":0,"href":"https:\/\/www.europesays.com\/fr\/wp-json\/wp\/v2\/posts\/501075\/revisions"}],"wp:featuredmedia":[{"embeddable":true,"href":"https:\/\/www.europesays.com\/fr\/wp-json\/wp\/v2\/media\/501076"}],"wp:attachment":[{"href":"https:\/\/www.europesays.com\/fr\/wp-json\/wp\/v2\/media?parent=501075"}],"wp:term":[{"taxonomy":"category","embeddable":true,"href":"https:\/\/www.europesays.com\/fr\/wp-json\/wp\/v2\/categories?post=501075"},{"taxonomy":"post_tag","embeddable":true,"href":"https:\/\/www.europesays.com\/fr\/wp-json\/wp\/v2\/tags?post=501075"}],"curies":[{"name":"wp","href":"https:\/\/api.w.org\/{rel}","templated":true}]}}