{"id":501077,"date":"2025-10-31T00:07:19","date_gmt":"2025-10-31T00:07:19","guid":{"rendered":"https:\/\/www.europesays.com\/fr\/501077\/"},"modified":"2025-10-31T00:07:19","modified_gmt":"2025-10-31T00:07:19","slug":"lyon-4e-un-morceau-de-facade-seffrite-rue-de-cuire-les-pompiers-interviennent-avec-la-grande-echelle","status":"publish","type":"post","link":"https:\/\/www.europesays.com\/fr\/501077\/","title":{"rendered":"Lyon 4e. Un morceau de fa\u00e7ade s\u2019effrite rue de Cuire, les pompiers interviennent avec la grande \u00e9chelle"},"content":{"rendered":"<p>Il y a quinze jours, c\u2019est dans le 2e\u00a0 arrondissement de Lyon, rue des Archers, que les sapeurs-pompiers avaient sorti la grande \u00e9chelle. Exactement pour les m\u00eames raisons qu\u2019ils l\u2019ont ressortie, ce mercredi 29\u00a0octobre, aux alentours de 17\u00a0h\u00a030, \u00e0 l\u2019intersection des rues de Cuire et Calas, dans le 4e.<\/p>\n<p>Au 3e\u00a0 \u00e9tage du 44\u00a0rue de Cuire, juste au-dessus du restaurant la Bodeguita Cubana, des morceaux de la fa\u00e7ade se sont d\u00e9croch\u00e9s.<\/p>\n<p>C\u2019est un passant qui aurait alert\u00e9 les pompiers, selon un commer\u00e7ant de la\u00a0rue. Rapidement sur les lieux, ces derniers ont fait tomber ce qui se montrait mena\u00e7ant et se sont assur\u00e9s que cela ne craignait plus rien avant de repartir.<\/p>\n<p>L\u2019intervention n\u2019aura dur\u00e9 qu\u2019une trentaine de minutes, n\u00e9cessitant malgr\u00e9 tout le concours de la police municipale, pour barrer la route.<\/p>\n<p>Par chance, aucun bless\u00e9 n\u2019est \u00e0 d\u00e9plorer. Ni aucun v\u00e9hicule. Pour cause, la rue de Cuire est en partie barr\u00e9e depuis le 15\u00a0octobre pour travaux.<\/p>\n<p>Un ruban de signalisation restait encore ce jeudi en protection du trottoir.<\/p>\n","protected":false},"excerpt":{"rendered":"Il y a quinze jours, c\u2019est dans le 2e\u00a0 arrondissement de Lyon, rue des Archers, que les sapeurs-pompiers&hellip;\n","protected":false},"author":2,"featured_media":501078,"comment_status":"","ping_status":"","sticky":false,"template":"","format":"standard","meta":{"footnotes":""},"categories":[1889],"tags":[1111,11,2430,2757,1777,674,274,1011,27,2428,10928,10927,12,25,2429],"class_list":{"0":"post-501077","1":"post","2":"type-post","3":"status-publish","4":"format-standard","5":"has-post-thumbnail","7":"category-lyon","8":"tag-actu","9":"tag-actualites","10":"tag-auvergne-rhone-alpes","11":"tag-edition-lyon-villeurbanne","12":"tag-eu","13":"tag-europe","14":"tag-faits-divers-justice","15":"tag-fr","16":"tag-france","17":"tag-lyon","18":"tag-lyon-4e","19":"tag-lyon-4e-arrondissement","20":"tag-news","21":"tag-republique-francaise","22":"tag-rhone"},"share_on_mastodon":{"url":"https:\/\/pubeurope.com\/@fr\/115465869468583917","error":""},"_links":{"self":[{"href":"https:\/\/www.europesays.com\/fr\/wp-json\/wp\/v2\/posts\/501077","targetHints":{"allow":["GET"]}}],"collection":[{"href":"https:\/\/www.europesays.com\/fr\/wp-json\/wp\/v2\/posts"}],"about":[{"href":"https:\/\/www.europesays.com\/fr\/wp-json\/wp\/v2\/types\/post"}],"author":[{"embeddable":true,"href":"https:\/\/www.europesays.com\/fr\/wp-json\/wp\/v2\/users\/2"}],"replies":[{"embeddable":true,"href":"https:\/\/www.europesays.com\/fr\/wp-json\/wp\/v2\/comments?post=501077"}],"version-history":[{"count":0,"href":"https:\/\/www.europesays.com\/fr\/wp-json\/wp\/v2\/posts\/501077\/revisions"}],"wp:featuredmedia":[{"embeddable":true,"href":"https:\/\/www.europesays.com\/fr\/wp-json\/wp\/v2\/media\/501078"}],"wp:attachment":[{"href":"https:\/\/www.europesays.com\/fr\/wp-json\/wp\/v2\/media?parent=501077"}],"wp:term":[{"taxonomy":"category","embeddable":true,"href":"https:\/\/www.europesays.com\/fr\/wp-json\/wp\/v2\/categories?post=501077"},{"taxonomy":"post_tag","embeddable":true,"href":"https:\/\/www.europesays.com\/fr\/wp-json\/wp\/v2\/tags?post=501077"}],"curies":[{"name":"wp","href":"https:\/\/api.w.org\/{rel}","templated":true}]}}