{"id":5011,"date":"2025-04-06T10:20:18","date_gmt":"2025-04-06T10:20:18","guid":{"rendered":"https:\/\/www.europesays.com\/fr\/5011\/"},"modified":"2025-04-06T10:20:18","modified_gmt":"2025-04-06T10:20:18","slug":"societe-le-top-10-des-communes-du-rhone-ou-le-niveau-de-vie-est-le-plus-eleve","status":"publish","type":"post","link":"https:\/\/www.europesays.com\/fr\/5011\/","title":{"rendered":"Soci\u00e9t\u00e9. Le top 10 des communes du Rh\u00f4ne o\u00f9 le niveau de vie est le plus \u00e9lev\u00e9"},"content":{"rendered":"<p>En 2021 en France, le niveau de vie m\u00e9dian (50 % des personnes gagnent au-dessus, 50 % en dessous) s\u2019\u00e9l\u00e8ve \u00e0 <strong>24\u00a0330 \u20ac<\/strong> annuels contre 21 250 \u20ac en 2018, selon l\u2019Insee. Dans le d\u00e9tail, cela correspond \u00e0 un revenu disponible de <strong>2\u00a0028 \u20ac par mois pour une personne seule et 4\u00a0258 \u20ac pour un couple avec deux enfants<\/strong>.<\/p>\n<p>Mais qu\u2019en est-il dans le Rh\u00f4ne\u00a0? Nous avons fouill\u00e9 les fichiers de l\u2019Insee pour vous livrer un classement, trust\u00e9 par les communes de l\u2019Ouest lyonnais.<\/p>\n<p class=\"insetTitle\">Pourquoi le niveau de vie m\u00e9dian<\/p>\n<p>Il est obtenu en divisant le revenu par m\u00e9nage par le nombre d&rsquo;unit\u00e9s de consommation de ce m\u00e9nage. Le nombre d&rsquo;unit\u00e9s de consommation (UC) des m\u00e9nages est calcul\u00e9 comme suit : le premier adulte compte pour 1 UC, les autres personnes de plus de 14 ans comptent pour 0,5 UC et les enfants de moins de 14 ans comptent pour 0,3 UC.<\/p>\n<p>Ce calcul permet d&rsquo;avoir une bonne id\u00e9e du pouvoir d&rsquo;achat r\u00e9el disponible des m\u00e9nages en tenant compte du fait que certaines d\u00e9penses sont partag\u00e9es quand plusieurs personnes vivent sous le m\u00eame toit.<\/p>\n<p class=\"note\">Sources\u00a0: Insee-DGFIP-Cnaf-Cnav-CCMSA, Fichier localis\u00e9 social et fiscal, 19 juillet 2024.<\/p>\n<p>    &#13;<br \/>\n    &#13;<br \/>\n    &#13;<br \/>\n    <a href=\"https:\/\/cdn-s-www.leprogres.fr\/images\/957f1ebb-bf65-4aef-936f-a033bd1fa93e\/NW_raw\/la-mairie-de-cailloux-sur-fontaines-photo-stephanie-gall-1701198466.jpg\" title=\"La mairie de Cailloux-sur-Fontaines. Photo St\u00e9phanie Gall\" class=\"chocolat-image GA-tracking\" data-ga_type=\"click\" data-ga_category=\"D\u00e9tail\" data-ga_action=\"zoomer\" data-ga_label=\"aggrandir image\" rel=\"nofollow noopener\" target=\"_blank\">&#13;<br \/>\n        <img src=\"https:\/\/www.europesays.com\/fr\/wp-content\/uploads\/2025\/04\/la-mairie-de-cailloux-sur-fontaines-photo-stephanie-gall-1743413192.jpg\"   alt=\"La mairie de Cailloux-sur-Fontaines. Photo St\u00e9phanie Gall\" fetchpriority=\"high\" decoding=\"async\" data-mobile=\"NW_listA_M|1701198466\" data-base=\"NW_listA|1743413192\"\/>&#13;<br \/>\n    <\/a>&#13;<\/p>\n<p>La mairie de Cailloux-sur-Fontaines. Photo St\u00e9phanie Gall<\/p>\n<p>Situ\u00e9 \u00e0 une dizaine de kilom\u00e8tres au nord de Lyon, \u00e0 la lisi\u00e8re de l\u2019Ain, le petit village de Cailloux-sur-Fontaines occupe la dixi\u00e8me place de ce classement. Loin d\u2019\u00eatre une infamie puisque ses habitants &#8211; au nombre de 2 937 en 2021(1) \u2013 disposent en moyenne <strong>34\u00a0010 \u20ac par an<\/strong>, soit environ <strong>2 830 \u20ac par mois<\/strong>.<\/p>\n<p><strong>9<\/strong><\/p>\n<p><strong>Dommartin<\/strong><\/p>\n<p>    &#13;<br \/>\n    &#13;<br \/>\n    &#13;<br \/>\n    <a href=\"https:\/\/cdn-s-www.leprogres.fr\/images\/4edc6777-53b4-4305-8923-f8e4e04ed065\/NW_raw\/photo-philippe-juste-1743145416.jpg\" title=\"Photo Philippe Juste\" class=\"chocolat-image GA-tracking\" data-ga_type=\"click\" data-ga_category=\"D\u00e9tail\" data-ga_action=\"zoomer\" data-ga_label=\"aggrandir image\" rel=\"nofollow noopener\" target=\"_blank\">&#13;<br \/>\n        <img src=\"https:\/\/www.europesays.com\/fr\/wp-content\/uploads\/2025\/04\/photo-philippe-juste-1743413192.jpg\"   alt=\"Photo Philippe Juste\" fetchpriority=\"high\" decoding=\"async\" data-mobile=\"NW_listA_M|1743145416\" data-base=\"NW_listA|1743413192\"\/>&#13;<br \/>\n    <\/a>&#13;<\/p>\n<p>Photo Philippe Juste<\/p>\n<p>On part \u00e0 l\u2019ouest toute pour arriver dans les monts du Lyonnais, \u00e0 Dommartin, commune revendiquant un peu plus de 3 000 \u00e2mes. Ici, de nombreuses zones pavillonnaires avec une part tr\u00e8s importante de maisons individuelles. Aussi, un niveau de vie m\u00e9dian par habitant <strong>de 34\u00a0020 \u20ac par an<\/strong>, soit <strong>2\u00a0835 \u20ac par mois<\/strong>.<\/p>\n<p>\u00a0<strong>8<\/strong><\/p>\n<p><strong>Fontaines-Saint-Martin <br \/><\/strong><\/p>\n<p>    &#13;<br \/>\n    &#13;<br \/>\n    &#13;<br \/>\n    <a href=\"https:\/\/cdn-s-www.leprogres.fr\/images\/79412eec-37fd-46c6-8848-5ebe0b5cf38b\/NW_raw\/le-coeur-de-village-ou-se-deroulent-plusieurs-expositions-photo-stephanie-gall-1743146205.jpg\" title=\"Le c\u0153ur de village, o\u00f9 se d\u00e9roulent plusieurs expositions. Photo St\u00e9phanie Gall\" class=\"chocolat-image GA-tracking\" data-ga_type=\"click\" data-ga_category=\"D\u00e9tail\" data-ga_action=\"zoomer\" data-ga_label=\"aggrandir image\" rel=\"nofollow noopener\" target=\"_blank\">&#13;<br \/>\n        <img src=\"https:\/\/www.europesays.com\/fr\/wp-content\/uploads\/2025\/04\/le-coeur-de-village-ou-se-deroulent-plusieurs-expositions-photo-stephanie-gall-1743413192.jpg\"   alt=\"Le c\u0153ur de village, o\u00f9 se d\u00e9roulent plusieurs expositions. Photo St\u00e9phanie Gall\" fetchpriority=\"high\" decoding=\"async\" data-mobile=\"NW_listA_M|1743146205\" data-base=\"NW_listA|1743413192\"\/>&#13;<br \/>\n    <\/a>&#13;<\/p>\n<p>Le c\u0153ur de village, o\u00f9 se d\u00e9roulent plusieurs expositions. Photo St\u00e9phanie Gall<\/p>\n<p>Retour sur les bords de Sa\u00f4ne, \u00e0 Fontaines-Saint-Martin pour grimper doucement dans le classement. Ici, les habitants gagnent en moyenne <strong>34\u00a0190 \u20ac par an (2849\u20ac\/mois)<\/strong>. Ils sont \u00e0 peine 3 000 \u00e0 profiter du calme ambiant.<\/p>\n<p>    &#13;<br \/>\n    &#13;<br \/>\n    &#13;<br \/>\n    <a href=\"https:\/\/cdn-s-www.leprogres.fr\/images\/db012247-2b2d-4aba-957f-a04782f1ed86\/NW_raw\/photo-richard-mouillaud-1536245819.jpg\" title=\"Photo Richard Mouillaud\" class=\"chocolat-image GA-tracking\" data-ga_type=\"click\" data-ga_category=\"D\u00e9tail\" data-ga_action=\"zoomer\" data-ga_label=\"aggrandir image\" rel=\"nofollow noopener\" target=\"_blank\">&#13;<br \/>\n        <img src=\"https:\/\/www.europesays.com\/fr\/wp-content\/uploads\/2025\/04\/photo-richard-mouillaud-1743413192.jpg\"   alt=\"Photo Richard Mouillaud\" fetchpriority=\"high\" decoding=\"async\" data-mobile=\"NW_listA_M|1536245819\" data-base=\"NW_listA|1743413192\"\/>&#13;<br \/>\n    <\/a>&#13;<\/p>\n<p>Photo Richard Mouillaud<\/p>\n<p>Toujours dans le m\u00eame p\u00e9rim\u00e8tre, on retrouve d\u00e9sormais Limonest et ses 3 838 habitants en 2021. Ils empochent en moyenne <strong>34 510 \u20ac par an, soit 2 875 \u20ac par mois<\/strong>.<\/p>\n<p>Point de d\u00e9part de nombreux sentiers de randonn\u00e9es, la commune est \u00e9galement connue pour abriter le Mont-Verdun, base a\u00e9rienne militaire et son radar boule. Pour les plus gourmands, le mus\u00e9e du Chocolat S\u00e8ve est \u00e0 d\u00e9couvrir.<\/p>\n<p>\u00a0<strong>6<\/strong><\/p>\n<p><strong>Saint-Romain-au-Mont-d\u2019Or<\/strong><\/p>\n<p>    &#13;<br \/>\n    &#13;<br \/>\n    &#13;<br \/>\n    <a href=\"https:\/\/cdn-s-www.leprogres.fr\/images\/189b1210-497c-401b-a64d-6dfa32db3194\/NW_raw\/la-demeure-du-chaos-photo-stephane-guiochon-1695027665.jpg\" title=\"La Demeure du Chaos. Photo St\u00e9phane Guiochon\" class=\"chocolat-image GA-tracking\" data-ga_type=\"click\" data-ga_category=\"D\u00e9tail\" data-ga_action=\"zoomer\" data-ga_label=\"aggrandir image\" rel=\"nofollow noopener\" target=\"_blank\">&#13;<br \/>\n        <img src=\"https:\/\/www.europesays.com\/fr\/wp-content\/uploads\/2025\/04\/la-demeure-du-chaos-photo-stephane-guiochon-1743413192.jpg\"   alt=\"La Demeure du Chaos. Photo St\u00e9phane Guiochon\" fetchpriority=\"high\" decoding=\"async\" data-mobile=\"NW_listA_M|1695027665\" data-base=\"NW_listA|1743413192\"\/>&#13;<br \/>\n    <\/a>&#13;<\/p>\n<p>La Demeure du Chaos. Photo St\u00e9phane Guiochon<\/p>\n<p>Une nouvelle fois situ\u00e9 en bord de Sa\u00f4ne, ce tr\u00e8s petit village \u2013 \u00e0 peine 1 200 habitants et 2,6 km\u00b2 \u2013 est enti\u00e8rement b\u00e2ti de pierres dor\u00e9es extraites sur place. Il culmine \u00e0 492 m\u00e8tres au plus haut et s\u2019\u00e9l\u00e8ve sur les pentes du mont Cindre et du mont Thou.<\/p>\n<p>Les Saromagnots, qui peuvent se targuer d\u2019abriter la c\u00e9l\u00e8bre demeure du Chaos, disposent en moyenne de <strong>35\u00a0130 \u20ac par an (2\u00a0927 \u20ac par mois) <\/strong>pour consommer.<\/p>\n<p><strong>\u00a05<\/strong><\/p>\n<p><strong>Collonges-au-Mont-d\u2019Or<\/strong><\/p>\n<p>    &#13;<br \/>\n    &#13;<br \/>\n    &#13;<br \/>\n    <a href=\"https:\/\/cdn-s-www.leprogres.fr\/images\/f7b593bf-4dc1-4634-b8be-2ecec9325c5a\/NW_raw\/l-auberge-paul-bocuse-photo-joel-philippon-1703763191.jpg\" title=\"L&#039;Auberge Paul Bocuse. Photo Jo\u00ebl Philippon\" class=\"chocolat-image GA-tracking\" data-ga_type=\"click\" data-ga_category=\"D\u00e9tail\" data-ga_action=\"zoomer\" data-ga_label=\"aggrandir image\" rel=\"nofollow noopener\" target=\"_blank\">&#13;<br \/>\n        <img src=\"https:\/\/www.europesays.com\/fr\/wp-content\/uploads\/2025\/04\/l-auberge-paul-bocuse-photo-joel-philippon-1743413192.jpg\"   alt=\"L'Auberge Paul Bocuse. Photo Jo\u00ebl Philippon\" fetchpriority=\"high\" decoding=\"async\" data-mobile=\"NW_listA_M|1703763191\" data-base=\"NW_listA|1743413192\"\/>&#13;<br \/>\n    <\/a>&#13;<\/p>\n<p>L&rsquo;Auberge Paul Bocuse. Photo Jo\u00ebl Philippon<\/p>\n<p>Comment ne pas penser \u00e0 Monsieur Paul\u00a0? La commune est reconnue \u00e0 l\u2019internationale pour abriter l\u2019iconique abbaye Paul Bocuse, temple de la gastronomie fran\u00e7aise. Ici, en bord de Sa\u00f4ne, \u00e0 la lisi\u00e8re du 9e arrondissement de Lyon, les habitants (4 517 en 2021) gagnent <strong>35\u00a0240 \u20ac par an<\/strong> en moyenne, soit <strong>2 936 \u20ac par mois<\/strong>.<\/p>\n<p>\u00a0<strong>4<\/strong><\/p>\n<p><strong>Poleymieux-au-Mont-d\u2019Or<\/strong><\/p>\n<p>    &#13;<br \/>\n    &#13;<br \/>\n    &#13;<br \/>\n    <a href=\"https:\/\/cdn-s-www.leprogres.fr\/images\/1c227f12-4d7d-47a7-ad65-3eba13d2d548\/NW_raw\/photo-joel-philippon-1618329451.jpg\" title=\"Photo Jo\u00ebl Philippon\" class=\"chocolat-image GA-tracking\" data-ga_type=\"click\" data-ga_category=\"D\u00e9tail\" data-ga_action=\"zoomer\" data-ga_label=\"aggrandir image\" rel=\"nofollow noopener\" target=\"_blank\">&#13;<br \/>\n        <img src=\"https:\/\/www.europesays.com\/fr\/wp-content\/uploads\/2025\/04\/photo-joel-philippon-1743413192.jpg\"   alt=\"Photo Jo\u00ebl Philippon\" fetchpriority=\"high\" decoding=\"async\" data-mobile=\"NW_listA_M|1618329451\" data-base=\"NW_listA|1743413192\"\/>&#13;<br \/>\n    <\/a>&#13;<\/p>\n<p>Photo Jo\u00ebl Philippon<\/p>\n<p>Mont d\u2019Or toujours, mais un peu moins connu. Poleymieux est un tout petit village d\u2019un peu plus de 1 400 habitants. Il se trouve sur les hauteurs du Val de Sa\u00f4ne et dispose d\u2019un pass\u00e9 riche en \u00e9v\u00e9nements et\u00a0personnages c\u00e9l\u00e8bres. Il a notamment vu grandir Andr\u00e9-Marie Amp\u00e8re qui y passa son enfance et son adolescence. Aujourd\u2019hui, la maison d\u2019Amp\u00e8re est un Mus\u00e9e qui retrace l\u2019histoire de l\u2019\u00e9lectricit\u00e9.<\/p>\n<p>C\u00f4t\u00e9 finances, Poleymieux est aussi bien loti avec <strong>35\u00a0970 \u20ac<\/strong> en moyenne par habitant, soit<strong> 2 997 \u20ac par mois<\/strong>.<\/p>\n<p>\u00a0<strong>3<\/strong><\/p>\n<p><strong>Charbonni\u00e8res-les-Bains<\/strong><\/p>\n<p>    &#13;<br \/>\n    &#13;<br \/>\n    &#13;<br \/>\n    <a href=\"https:\/\/cdn-s-www.leprogres.fr\/images\/61ef7c73-2b1b-4ef1-98c6-634ea96d2fd8\/NW_raw\/photo-joel-philippon-1743146205.jpg\" title=\"Photo Jo\u00ebl Philippon\" class=\"chocolat-image GA-tracking\" data-ga_type=\"click\" data-ga_category=\"D\u00e9tail\" data-ga_action=\"zoomer\" data-ga_label=\"aggrandir image\" rel=\"nofollow noopener\" target=\"_blank\">&#13;<br \/>\n        <img src=\"https:\/\/www.europesays.com\/fr\/wp-content\/uploads\/2025\/04\/1743934817_455_photo-joel-philippon-1743413192.jpg\"   alt=\"Photo Jo\u00ebl Philippon\" fetchpriority=\"high\" decoding=\"async\" data-mobile=\"NW_listA_M|1743146205\" data-base=\"NW_listA|1743413192\"\/>&#13;<br \/>\n    <\/a>&#13;<\/p>\n<p>Photo Jo\u00ebl Philippon<\/p>\n<p><strong>36\u00a0390 \u20ac par an<\/strong> en moyenne pour chacun des 5 300 habitants de cette commune des monts du Lyonnais. Bien connue gr\u00e2ce \u00e0 sa source ferrugineuse d\u00e9couverte au XIXe si\u00e8cle, elle doit sa notori\u00e9t\u00e9 \u00e0 ses thermes, aujourd\u2019hui d\u00e9truits mais aussi au casino, d\u00e9sormais sur la commune voisine de La Tour-de-Salvagny.<\/p>\n<p>Autres atouts de Charbonni\u00e8res\u00a0: son immense parc Lacroix-Laval, l\u2019un des plus grands du d\u00e9partement et son rallye automobile, qui rassemble chaque ann\u00e9e 300\u00a0000 spectateurs.<\/p>\n<p>\u00a0<strong>2 <\/strong><\/p>\n<p><strong>Saint-Cyr-au-Mont-d\u2019Or\u00a0<\/strong><\/p>\n<p>    &#13;<br \/>\n    &#13;<br \/>\n    &#13;<br \/>\n    <a href=\"https:\/\/cdn-s-www.leprogres.fr\/images\/62171fc8-4c11-4735-aa3d-203b9263ac24\/NW_raw\/le-jardin-de-rocailles-a-l-ermitage-photo-pierre-augros-1466885134.jpg\" title=\"Le jardin de rocailles \u00e0 l&#039;Ermitage. Photo Pierre Augros\" class=\"chocolat-image GA-tracking\" data-ga_type=\"click\" data-ga_category=\"D\u00e9tail\" data-ga_action=\"zoomer\" data-ga_label=\"aggrandir image\" rel=\"nofollow noopener\" target=\"_blank\">&#13;<br \/>\n        <img src=\"https:\/\/www.europesays.com\/fr\/wp-content\/uploads\/2025\/04\/le-jardin-de-rocailles-a-l-ermitage-photo-pierre-augros-1743413192.jpg\"   alt=\"Le jardin de rocailles \u00e0 l'Ermitage. Photo Pierre Augros\" fetchpriority=\"high\" decoding=\"async\" data-mobile=\"NW_listA_M|1466885134\" data-base=\"NW_listA|1743413192\"\/>&#13;<br \/>\n    <\/a>&#13;<\/p>\n<p>Le jardin de rocailles \u00e0 l&rsquo;Ermitage. Photo Pierre Augros<\/p>\n<p>On se rapproche des sommets et les montants commencent \u00e0 grimper. \u00c0 Saint-Cyr, le revenu m\u00e9dian s\u2019\u00e9l\u00e8ve \u00e0 <strong>40\u00a0340 \u20ac<\/strong> par habitant (5\u00a0900) en moyenne, soit <strong>3 361 \u20ac par mois<\/strong>, ce qui en fait la 63e commune au niveau national.<\/p>\n<p>Ici, le village abrite de belles b\u00e2tisses en pierres, ainsi que des vestiges de l\u2019ancien ch\u00e2teau fort. Et si vous montez au mont-Cindre, vous pourrez admirer l\u2019Ermitage pour sa vue et son splendide jardin de rocailles.<\/p>\n<p>\u00a0<strong>1<\/strong><\/p>\n<p><strong>Saint-Didier-au-Mont-d\u2019Or<\/strong><\/p>\n<p>    &#13;<br \/>\n    &#13;<br \/>\n    &#13;<br \/>\n    <a href=\"https:\/\/cdn-s-www.leprogres.fr\/images\/868ec122-508f-4ce2-acc4-09e1da2f3dbd\/NW_raw\/photo-philippe-juste-1586357812.jpg\" title=\"Photo Philippe Juste\" class=\"chocolat-image GA-tracking\" data-ga_type=\"click\" data-ga_category=\"D\u00e9tail\" data-ga_action=\"zoomer\" data-ga_label=\"aggrandir image\" rel=\"nofollow noopener\" target=\"_blank\">&#13;<br \/>\n        <img src=\"https:\/\/www.europesays.com\/fr\/wp-content\/uploads\/2025\/04\/1743934817_966_photo-philippe-juste-1743413192.jpg\"   alt=\"Photo Philippe Juste\" fetchpriority=\"high\" decoding=\"async\" data-mobile=\"NW_listA_M|1586357812\" data-base=\"NW_listA|1743413192\"\/>&#13;<br \/>\n    <\/a>&#13;<\/p>\n<p>Photo Philippe Juste<\/p>\n<p>Comme on pouvait s\u2019y attendre, ce sont les Monts d\u2019Or et Saint-Didier qui sont en t\u00eate de ce classement. Ses 7 265 habitants, en 2021, disposent d\u2019un niveau de vie m\u00e9dian de <strong>42\u00a0270 \u20ac<\/strong> par an en moyenne par habitant, soit <strong>3 522 \u20ac par mois<\/strong>. Dans le top 100 au niveau national, Saint-Didier se classe 41e.<\/p>\n<p>V\u00e9ritable ville \u00e0 la campagne, riverains et promeneurs profitent d\u2019une nature pr\u00e9serv\u00e9e. Bonus\u00a0: le ch\u00e2teau de Rochecardon, o\u00f9 Jean-Jacques Rousseau a s\u00e9journ\u00e9.<\/p>\n<p class=\"note\">1- Population recens\u00e9e en 2021 selon les chiffres de l\u2019Insee.<\/p>\n<p>        &#13;<br \/>\n          <a href=\"https:\/\/cdn-s-www.leprogres.fr\/images\/2c93019f-fd71-4e62-b9e5-c8a9c0aea950\/NW_raw\/le-centre-de-saint-fons-photo-stephane-guiochon-1743146273.jpg\" title=\"Le centre de Saint-Fons. Photo St\u00e9phane Guiochon\" class=\"chocolat-image GA-tracking\" data-ga_type=\"click\" data-ga_category=\"D\u00e9tail\" data-ga_action=\"zoomer\" data-ga_label=\"agrandir image\" rel=\"nofollow noopener\" target=\"_blank\">&#13;<br \/>\n            <img loading=\"lazy\" decoding=\"async\" src=\"https:\/\/www.europesays.com\/fr\/wp-content\/uploads\/2025\/04\/le-centre-de-saint-fons-photo-stephane-guiochon-1743146273.jpg\" alt=\"Le centre de Saint-Fons. Photo St\u00e9phane Guiochon\"\/>&#13;<br \/>\n          <\/a>&#13;<br \/>\n          &#13;<\/p>\n<p class=\"insetTitle\">Et les plus pauvres ?<\/p>\n<p>Sans surprise, les communes o\u00f9 le niveau de vie m\u00e9dian est le moins \u00e9lev\u00e9 se trouvent dans l\u2019Est lyonnais.<\/p>\n<ul>\n<li><strong>Rillieux-la-Pape<\/strong> : 19\u00a0980 \u20ac par an, 1 665 \u20ac par mois<\/li>\n<li><strong>Tarare<\/strong>\u00a0: 19\u00a0730 \u20ac par an, 1 644 \u20ac par mois<\/li>\n<li><strong>Villefranche-sur-Sa\u00f4ne<\/strong>\u00a0: 19 640 \u20ac par an, 1 636 \u20ac par mois<\/li>\n<li><strong>Givors<\/strong>\u00a0: 18 160 \u20ac par an, 15 13 \u20ac par mois<\/li>\n<li><strong>Vaulx-en-Velin<\/strong>\u00a0: 17 180 \u20ac par an, 1 431 \u20ac par mois<\/li>\n<li><strong>V\u00e9nissieux\u00a0<\/strong>: 17 140 \u20ac par an, 1 428 \u20ac par mois<\/li>\n<li><strong>Saint-Fons<\/strong>\u00a0: 16 880 \u20ac par an, 1 406 \u20ac par mois<\/li>\n<\/ul>\n<p>Et Lyon\u00a0?<\/p>\n<p>La ville se classe\u00a0<strong>143e du Rh\u00f4ne<\/strong>, avec un niveau de vie m\u00e9dian de <strong>25\u00a0430 \u20ac<\/strong> par an en moyenne, soit\u00a0<strong> 2119 \u20ac par mois<\/strong>.<\/p>\n<p>Le d\u00e9tail par arrondissement\u00a0:<\/p>\n<ul>\n<li><strong>6<\/strong><strong>e<\/strong>\u00a0: 33\u00a0050 \u20ac par an<\/li>\n<li><strong>2e<\/strong>\u00a0: 28\u00a0920 \u20ac par an<\/li>\n<li><strong>4<\/strong><strong>e<\/strong>\u00a0: 28\u00a0240 \u20ac par an<\/li>\n<li><strong>3<\/strong><strong>e<\/strong>\u00a0: 26\u00a0920 \u20ac par an<\/li>\n<li><strong>5<\/strong><strong>e<\/strong>\u00a0: 26\u00a0130 \u20ac par an<\/li>\n<li><strong>1<\/strong><strong>er<\/strong>\u00a0: 25\u00a0980 \u20ac par an<\/li>\n<li><strong>7<\/strong><strong>e<\/strong>\u00a0: 24\u00a0410 \u20ac par an<\/li>\n<li><strong>9<\/strong><strong>e<\/strong>\u00a0: 21\u00a0650 \u20ac par an<\/li>\n<li><strong>8<\/strong>e\u00a0: 21\u00a0100 \u20ac par an<\/li>\n<\/ul>\n<p>                                     <a href=\"#serie-header\">&#13;<br \/>\n    &#13;<br \/>\n<\/a>                                  <\/p>\n","protected":false},"excerpt":{"rendered":"En 2021 en France, le niveau de vie m\u00e9dian (50 % des personnes gagnent au-dessus, 50 % en&hellip;\n","protected":false},"author":2,"featured_media":5012,"comment_status":"","ping_status":"","sticky":false,"template":"","format":"standard","meta":{"footnotes":""},"categories":[1889],"tags":[1111,11,2430,33,3152,2757,3153,3154,3155,3156,1777,674,107,1011,27,2428,12,25,2429,273,3151,104],"class_list":{"0":"post-5011","1":"post","2":"type-post","3":"status-publish","4":"format-standard","5":"has-post-thumbnail","7":"category-lyon","8":"tag-actu","9":"tag-actualites","10":"tag-auvergne-rhone-alpes","11":"tag-economie","12":"tag-edition-est-lyonnais","13":"tag-edition-lyon-villeurbanne","14":"tag-edition-ouest-lyonnais","15":"tag-edition-sud-lyonnais","16":"tag-edition-tarare","17":"tag-edition-villefranche","18":"tag-eu","19":"tag-europe","20":"tag-fil-info","21":"tag-fr","22":"tag-france","23":"tag-lyon","24":"tag-news","25":"tag-republique-francaise","26":"tag-rhone","27":"tag-selection-de-la-redaction","28":"tag-selection-de-la-redaction-69","29":"tag-societe"},"share_on_mastodon":{"url":"https:\/\/pubeurope.com\/@fr\/114290519229104830","error":""},"_links":{"self":[{"href":"https:\/\/www.europesays.com\/fr\/wp-json\/wp\/v2\/posts\/5011","targetHints":{"allow":["GET"]}}],"collection":[{"href":"https:\/\/www.europesays.com\/fr\/wp-json\/wp\/v2\/posts"}],"about":[{"href":"https:\/\/www.europesays.com\/fr\/wp-json\/wp\/v2\/types\/post"}],"author":[{"embeddable":true,"href":"https:\/\/www.europesays.com\/fr\/wp-json\/wp\/v2\/users\/2"}],"replies":[{"embeddable":true,"href":"https:\/\/www.europesays.com\/fr\/wp-json\/wp\/v2\/comments?post=5011"}],"version-history":[{"count":0,"href":"https:\/\/www.europesays.com\/fr\/wp-json\/wp\/v2\/posts\/5011\/revisions"}],"wp:featuredmedia":[{"embeddable":true,"href":"https:\/\/www.europesays.com\/fr\/wp-json\/wp\/v2\/media\/5012"}],"wp:attachment":[{"href":"https:\/\/www.europesays.com\/fr\/wp-json\/wp\/v2\/media?parent=5011"}],"wp:term":[{"taxonomy":"category","embeddable":true,"href":"https:\/\/www.europesays.com\/fr\/wp-json\/wp\/v2\/categories?post=5011"},{"taxonomy":"post_tag","embeddable":true,"href":"https:\/\/www.europesays.com\/fr\/wp-json\/wp\/v2\/tags?post=5011"}],"curies":[{"name":"wp","href":"https:\/\/api.w.org\/{rel}","templated":true}]}}