{"id":501117,"date":"2025-10-31T00:35:35","date_gmt":"2025-10-31T00:35:35","guid":{"rendered":"https:\/\/www.europesays.com\/fr\/501117\/"},"modified":"2025-10-31T00:35:35","modified_gmt":"2025-10-31T00:35:35","slug":"les-plus-belles-maisons-de-campagne-darchitectes-en-france-publiees-dans-ad","status":"publish","type":"post","link":"https:\/\/www.europesays.com\/fr\/501117\/","title":{"rendered":"Les plus belles maisons de campagne d&rsquo;architectes en France publi\u00e9es dans AD"},"content":{"rendered":"<p><img decoding=\"async\" alt=\"Lauranne E. Schmitt a dessin les chaises et la table \u00e0 manger habille d'une marqueterie de mosa\u00efque sur mesure par...\" loading=\"lazy\" class=\"ResponsiveImageContainer-eNxvmU cfBbTk responsive-image__image\"   src=\"https:\/\/www.europesays.com\/fr\/wp-content\/uploads\/2025\/10\/8-2025-05-20_LauranneEliseSchmitt4883%20copie.jpg\"\/><\/p>\n<p>Lauranne E. Schmitt a dessin\u00e9 les chaises et la table \u00e0 manger, habill\u00e9e d&rsquo;une marqueterie de mosa\u00efque sur mesure par Pierre Mesguich. Vases\u00a0par Alissa Volchkova (Galerie Sc\u00e8ne Ouverte), sculpture par Jean-Pierre Bonardot et lampe de table (Aur\u00e9lien Gendras), lustres Barovier, miroir vintage. Commode et vases familiaux.<\/p>\n<p>Matthieu Salvaing\u00ab Un petit h\u00f4tel \u00bb<\/p>\n<p>\u00c9lev\u00e9e sur deux \u00e9tages, riche de 500 m\u00e8tres carr\u00e9s, la propri\u00e9t\u00e9 s&rsquo;est finalement offerte comme \u00ab une grande maison d&rsquo;h\u00f4tes, un petit h\u00f4tel, pouvant tout de m\u00eame accueillir une vingtaine de personnes \u00bb. Guid\u00e9e par l&rsquo;esprit d&rsquo;une villa de famille accueillante, l&rsquo;architecte d&rsquo;int\u00e9rieur a travaill\u00e9 sur une harmonie qui m\u00eale la modernit\u00e9 au charme de l&rsquo;ancien, sans tomber dans le clich\u00e9 de la <a href=\"https:\/\/www.admagazine.fr\/article\/maison-campagne-idyllique-actrice-paris\" target=\"_blank\" rel=\"noopener\">maison de campagne<\/a>, des toiles de Jouy et des boiseries excessives. \u00ab Les propri\u00e9taires sont des citadins qui habitent Londres, avec une vie sophistiqu\u00e9e, urbaine, rappelle-t-elle. Je me suis donc efforc\u00e9e de cr\u00e9er une ambiance pas trop rurale, mais qui pourrait, au contraire, aussi bien convenir \u00e0 une maison de ville \u00bb.<\/p>\n<p><img decoding=\"async\" alt=\"L'entre dvoile un plafond peint en ciel bas sur un dessin de Lauranne E. Schmitt. Sculpture par Laurent Dufour  st\u00e8le...\" loading=\"lazy\" class=\"ResponsiveImageContainer-eNxvmU cfBbTk responsive-image__image\"   src=\"https:\/\/www.europesays.com\/fr\/wp-content\/uploads\/2025\/10\/2-2025-05-20_LauranneEliseSchmitt5826_v3%20copie.jpg\"\/><\/p>\n<p>L&rsquo;entr\u00e9e d\u00e9voile un plafond peint en ciel, bas\u00e9 sur un dessin de Lauranne E. Schmitt. Sculpture par Laurent Dufour (Aur\u00e9lien Gendras), st\u00e8le par RoWin\u2019 Atelier (Galerie Sc\u00e8ne Ouverte). Peinture\u00a0de Bonnie Colin (Galerie Am\u00e9lie du Chalard). Gu\u00e9ridon\u00a0et chaise longue par Lea Zeroil. Coussins Maison de Vacances, appliques murales Soho Home, lustre familial.<\/p>\n<p>Matthieu Salvaing<img decoding=\"async\" alt=\"Le petit salon est la signature visuelle forte de la rnovation avec ses tons terreux profonds. Plateau de table et...\" loading=\"lazy\" class=\"ResponsiveImageContainer-eNxvmU cfBbTk responsive-image__image\"   src=\"https:\/\/www.europesays.com\/fr\/wp-content\/uploads\/2025\/10\/4-2025-05-20_LauranneEliseSchmitt5238%20copie.jpg\"\/><\/p>\n<p>Le petit salon est la signature visuelle forte de la r\u00e9novation, avec ses tons terreux profonds. Plateau de table et tabouret Primo Tortoise par Lea Zeroil, shaker en m\u00e9tal argent\u00e9, carafe \u00e0 whisky en cristal et coffret de deux verres old fashioned en cristal de la collection Graphik de Christofle.<\/p>\n<p>Matthieu SalvaingUne palette chaleureuse<\/p>\n<p>Pour amorcer ce r\u00e9cit visuel, l\u2019entr\u00e9e donne le ton avec des teintes pastels \u00e9voquant les paysages environnants. \u00ab Je voulais que l\u2019on p\u00e9n\u00e8tre dans un tableau v\u00e9g\u00e9tal, un sas de d\u00e9compression qui cr\u00e9e une vraie rupture avec la ville. Relier le dedans et le dehors sans tomber dans l\u2019\u00e9vidence du papier peint fleuri \u00bb, explique-t-elle. Imagin\u00e9 comme un boudoir ou une cigar room, le petit <a href=\"https:\/\/www.admagazine.fr\/article\/salons-decoration-moderne-chic\" target=\"_blank\" rel=\"noopener\">salon<\/a> cultive une atmosph\u00e8re chaude, confidentielle, \u00e0 l&rsquo;aide de tons suaves et de mati\u00e8res enveloppantes. \u00ab Cette pi\u00e8ce cr\u00e9e \u00e9galement le contraste, ajoute l&rsquo;architecte d&rsquo;int\u00e9rieur. La douceur des assises en velours apaise la sobri\u00e9t\u00e9 de la table basse g\u00e9om\u00e9trique, que j&rsquo;ai dessin\u00e9e comme dans un gentlemen&rsquo;s club italien des ann\u00e9es 1980, o\u00f9 jouer au backgammon. \u00bb<\/p>\n<p><img decoding=\"async\" alt=\"Le petit salon vu depuis la salle \u00e0 manger. Paire de fauteuils  meuble bar par Lauranne E. Schmitt lampe et tabouret...\" loading=\"lazy\" class=\"ResponsiveImageContainer-eNxvmU cfBbTk responsive-image__image\"   src=\"https:\/\/www.europesays.com\/fr\/wp-content\/uploads\/2025\/10\/7-2025-05-20_LauranneEliseSchmitt4961%20copie.jpg\"\/><\/p>\n<p>Le petit salon, vu depuis la salle \u00e0 manger. Paire de fauteuils (Galerie Glustin), meuble bar par Lauranne E. Schmitt, lampe et tabouret, initialement con\u00e7u pour un int\u00e9rieur Pierre Chareau, r\u00e9\u00e9dit\u00e9 par la Galerie MCDE (tissu M\u00e9taphores). Table d&rsquo;appoint (MCDE). Table basse vintage, peinture d&rsquo;Anastasia Bay, vases par Rinke Joosten (Galerie Scene Ouverte). Fa\u00efence par Jean Roger, applique vintage.<\/p>\n<p>Matthieu Salvaing<img decoding=\"async\" alt=\"Comme dans un ch\u00e2teau la biblioth\u00e8que est une pi\u00e8ce particuli\u00e8rement feutre et intimiste rvlant des tag\u00e8res toute...\" loading=\"lazy\" class=\"ResponsiveImageContainer-eNxvmU cfBbTk responsive-image__image\"   src=\"https:\/\/www.europesays.com\/fr\/wp-content\/uploads\/2025\/10\/15-2025-05-20_LauranneEliseSchmitt5396%20copie.jpg\"\/><\/p>\n<p>Comme dans un ch\u00e2teau, la biblioth\u00e8que est une pi\u00e8ce particuli\u00e8rement feutr\u00e9e et intimiste, r\u00e9v\u00e9lant des \u00e9tag\u00e8res toute hauteur de 3,50 m\u00e8tres o\u00f9 loger les nombreux ouvrages de la propri\u00e9taire. Paire de fauteuils Nobilis (Galerie Glustin), tables basses Aur\u00e9lien Serre \u00c9ditions. Appliques murales, Visual Comfort &amp; Co, tapis \u00c9ditions 1.6.9.<\/p>\n<p>Matthieu SalvaingLe twist contemporain<\/p>\n<p>Le grand s\u00e9jour et la salle \u00e0 manger expriment davantage de <a href=\"https:\/\/www.admagazine.fr\/article\/un-petit-appartement-au-style-classique-calme-et-relaxant\" target=\"_blank\" rel=\"noopener\">classicisme<\/a> \u2014 moulures, lustres et chemin\u00e9e ; tout en recelant quelques twists, \u00e0 l&rsquo;instar de la mosa\u00efque contemporaine de Pierre Mesguich sur le plateau de la table \u00e0 manger \u00ab aux motifs assez traditionnels de v\u00e9g\u00e9tation, mais aux couleurs plus pop comme le vert menthe \u00bb. Pendant du petit salon, la biblioth\u00e8que a remplac\u00e9 la pi\u00e8ce consacr\u00e9e aux chiens des pr\u00e9c\u00e9dents occupants. Un espace habit\u00e9, donc, et pens\u00e9 comme dans un ch\u00e2teau par l&rsquo;architecte d&rsquo;int\u00e9rieur, avec une \u00e9chelle pour acc\u00e9der aux ouvrages les plus \u00e9lev\u00e9s, log\u00e9s sous 3,50 m\u00e8tres de hauteur. \u00ab La propri\u00e9taire est une grande lectrice, qui r\u00e9pertorie ses livres sur une application. Cette biblioth\u00e8que est un <a href=\"https:\/\/www.admagazine.fr\/galerie\/casa-dolores-havre-paix-deconnexion-renove\" target=\"_blank\" rel=\"noopener\">havre de paix<\/a> o\u00f9 s&rsquo;\u00e9chapper du monde, mais aussi un lieu de transmission, o\u00f9 elle partage sa passion litt\u00e9raire avec ses enfants. \u00bb<\/p>\n<p><img decoding=\"async\" alt=\"L'ambiance est plus formelle dans le sjour. Canap et fauteuils par Aurlien Serre \u00c9ditions guridon de Lea Zeroil table...\" loading=\"lazy\" class=\"ResponsiveImageContainer-eNxvmU cfBbTk responsive-image__image\"   src=\"https:\/\/www.europesays.com\/fr\/wp-content\/uploads\/2025\/10\/13-2025-05-20_LauranneEliseSchmitt4801%201.jpg\"\/><\/p>\n<p>L&rsquo;ambiance est plus formelle dans le s\u00e9jour. Canap\u00e9 et fauteuils par Aur\u00e9lien Serre \u00c9ditions, gu\u00e9ridon de Lea Zeroil, table basse (Galerie Glustin). Jeu d&rsquo;\u00e9chec par Walter Moretti Editions, lampadaire du Studio Blue Green Works (Triode). Chemin\u00e9e belge r\u00e9cup\u00e9r\u00e9e du XIXe si\u00e8cle. Appliques par Objet Insolite. Crocodile en ivoire et lustre familiaux. Tapis sur mesure.<\/p>\n<p>Matthieu Salvaing<img decoding=\"async\" alt=\"La cuisine a t pense dans un souci de fonctionnalit d'lgance et en clin d'\u0153il \u00e0 la rusticit des lieux. \u0152uvres...\" loading=\"lazy\" class=\"ResponsiveImageContainer-eNxvmU cfBbTk responsive-image__image\"   src=\"https:\/\/www.europesays.com\/fr\/wp-content\/uploads\/2025\/10\/10-2025-05-20_LauranneEliseSchmitt5683_2-V2%20copie-V2.jpg\"\/><\/p>\n<p>La cuisine a \u00e9t\u00e9 pens\u00e9e dans un souci de fonctionnalit\u00e9, d&rsquo;\u00e9l\u00e9gance et en clin d&rsquo;\u0153il \u00e0 la rusticit\u00e9 des lieux. \u0152uvres d&rsquo;Alexandre Benjamin Navet (Galerie Derouillon), vases en verre de Rinke Joosten (Galerie Scene Ouverte). Grand plateau de Christofle, vases en porcelaine chinoise de la collection personnelle du client.<\/p>\n<p>Matthieu Salvaing<\/p>\n<p>La cuisine, elle, joue davantage la carte champ\u00eatre, d\u00e9voilant un vaisselier toute hauteur, sans pour autant forcer la rusticit\u00e9. \u00ab Je la voulais \u00e9l\u00e9gante avec du bois, des miroirs pour agrandir l&rsquo;espace et des objets de d\u00e9coration contemporains pour temp\u00e9rer l&rsquo;aspect fonctionnel de la cuisine \u00bb, indique Lauranne Elise Schmitt.<\/p>\n<p><img decoding=\"async\" alt=\"La chambre parentale s'apparente \u00e0 une suite. Tabouret de Lea Zeroil vase par Alissa Volchkova  \u0153uvre de Shuo Hao ...\" loading=\"lazy\" class=\"ResponsiveImageContainer-eNxvmU cfBbTk responsive-image__image\"   src=\"https:\/\/www.europesays.com\/fr\/wp-content\/uploads\/2025\/10\/18-2025-05-20_LauranneEliseSchmitt5543_v2%20copie.jpg\"\/><\/p>\n<p>La chambre parentale s&rsquo;apparente \u00e0 une suite. Tabouret de Lea Zeroil, vase par Alissa Volchkova (Galerie Sc\u00e8ne Ouverte), \u0153uvre de Shuo Hao (Galerie Derouillon), applique murale vintage de Carlo Giorgi. Tapis de Deirdre Dyson, t\u00eate de lit par Lauranne E. Schmitt, draps Maison de Vacances, coussin recouvert de tissu Schumacher.<\/p>\n<p>Matthieu Salvaing<img decoding=\"async\" alt=\"La salle d'eau est une bulle bleue apaisante et raffine. Meuble vasque par Lauranne E. Schmitt vases de Rinke Joosten et...\" loading=\"lazy\" class=\"ResponsiveImageContainer-eNxvmU cfBbTk responsive-image__image\"   src=\"https:\/\/www.europesays.com\/fr\/wp-content\/uploads\/2025\/10\/19-2025-05-20_LauranneEliseSchmitt5581%20copie.jpeg\"\/><\/p>\n<p>La salle d&rsquo;eau est une bulle bleue apaisante et raffin\u00e9e. Meuble vasque par Lauranne E. Schmitt, vases de Rinke Joosten et sculpture hibou de Sara\u00ef Delfendahl (Galerie Scene Ouverte) sur un tabouret (Aur\u00e9lien Gendras). Tapis de Deirdre Dyson, applique par Astro.<\/p>\n<p>Matthieu SalvaingConfort et sophistication<\/p>\n<p>Cr\u00e9\u00e9e \u00e0 l&rsquo;image d&rsquo;une suite d&rsquo;h\u00f4tel, la chambre principale est doubl\u00e9e d&rsquo;une <a href=\"https:\/\/www.admagazine.fr\/article\/petites-salles-bains-dictent-codes-decoration\" target=\"_blank\" rel=\"noopener\">salle de bains<\/a> \u00ab pas seulement pratique, mais o\u00f9 l&rsquo;on veut passer du temps \u00bb, d&rsquo;o\u00f9 l&rsquo;apport d&rsquo;un fauteuil et d&rsquo;une large baignoire o\u00f9 se d\u00e9tendre, autour d&rsquo;une esth\u00e9tique \u00ab petit salon \u00bb volontairement travaill\u00e9e \u2014 moulures, fresque&#8230; \u00ab Quand on a des enfants, on a envie de se pr\u00e9lasser dans son bain, se sentir hors du temps \u00bb, note l&rsquo;architecte d&rsquo;int\u00e9rieur, qui a, l\u00e0 encore, us\u00e9 de bois (un ch\u00eane teint\u00e9 acajou) pour allier classicisme, raffinement et modernit\u00e9 sur la vasque. C\u00f4t\u00e9 enfants, les chambres adoptent un look plus <a href=\"https:\/\/www.admagazine.fr\/galerie\/maison-mer-cote-anglaise\" target=\"_blank\" rel=\"noopener\">british<\/a>, \u00e0 la mani\u00e8re de Wes Anderson, color\u00e9 et surann\u00e9. Aussi, afin d&rsquo;identifier chaque chambre, diff\u00e9rentes nuances ont \u00e9t\u00e9 appliqu\u00e9es, cr\u00e9ant un mini-univers pour chaque membre de la famille. Les salles de bains, habill\u00e9es de carreaux brillants, insufflent \u00ab l&rsquo;ambiance d&rsquo;une \u00e9cole anglaise, avec les bonnes couleurs, les bons habits \u00bb. Enfin, clou du spectacle, la piscine \u2014 de quelque 60 m\u00e8tres carr\u00e9s \u2013 vient se fondre dans le jardin, o\u00f9 300 nouveaux arbres ont \u00e9t\u00e9 plant\u00e9s et une fontaine ajout\u00e9e, conf\u00e9rant d\u00e9finitivement \u00e0 ce domaine les qualit\u00e9s d&rsquo;un vrai <a href=\"https:\/\/www.admagazine.fr\/article\/catherine-deneuve-decoration-chateau-normand\" target=\"_blank\" rel=\"noopener\">ch\u00e2teau normand<\/a>.<\/p>\n<p><img decoding=\"async\" alt=\"La grande baignoire pense comme un petit salon. \u0152uvre d'art huile sur toile par Bonnie Colin  vases en porcelaine...\" loading=\"lazy\" class=\"ResponsiveImageContainer-eNxvmU cfBbTk responsive-image__image\"   src=\"https:\/\/www.europesays.com\/fr\/wp-content\/uploads\/2025\/10\/20-2025-05-20_LauranneEliseSchmitt5602%20copie.jpeg\"\/><\/p>\n<p>La grande baignoire, pens\u00e9e comme un petit salon. \u0152uvre d&rsquo;art huile sur toile par Bonnie Colin (Galerie Am\u00e9lie du Chalard), vases en porcelaine chinoise de la collection personnelle du client.<\/p>\n<p>Matthieu Salvaing<img decoding=\"async\" alt=\"L'architecte d'intrieur Lauranne Elise Schmitt pose dans le sjour devant l'\u0153uvre d'art Monument de Maude Maris .\" loading=\"lazy\" class=\"ResponsiveImageContainer-eNxvmU cfBbTk responsive-image__image\"   src=\"https:\/\/www.europesays.com\/fr\/wp-content\/uploads\/2025\/10\/17-2025-05-20_LauranneEliseSchmitt5733%20copie.jpg\"\/><\/p>\n<p>L&rsquo;architecte d&rsquo;int\u00e9rieur Lauranne Elise Schmitt pose dans le s\u00e9jour, devant l&rsquo;\u0153uvre d&rsquo;art Monument de Maude Maris (huile sur toile).<\/p>\n<p>Matthieu Salvaing<\/p>\n<p><a data-offer-url=\"https:\/\/www.lauranneeliseschmitt.com\/\" class=\"external-link\" data-event-click=\"{&quot;element&quot;:&quot;ExternalLink&quot;,&quot;outgoingURL&quot;:&quot;https:\/\/www.lauranneeliseschmitt.com\/&quot;}\" href=\"https:\/\/www.lauranneeliseschmitt.com\/\" rel=\"nofollow noopener\" target=\"_blank\">www.lauranneeliseschmitt.com<\/a><\/p>\n<p>Une maison-atelier d&rsquo;artiste bucolique sur les bords de Marne<img decoding=\"async\" alt=\"Jean Grisoni dans son atelier de dessin face \u00e0 la Marne. \u00ab Cette verri\u00e8re est une esp\u00e8ce de vigie qui donne sur la Marne...\" loading=\"lazy\" class=\"ResponsiveImageContainer-eNxvmU cfBbTk responsive-image__image\"   src=\"https:\/\/www.europesays.com\/fr\/wp-content\/uploads\/2025\/10\/_VLX7203.jpg\"\/><\/p>\n<p>Jean Grisoni dans son atelier de dessin, face \u00e0 la Marne. \u00ab Cette verri\u00e8re est une esp\u00e8ce de vigie qui donne sur la Marne, ses maisons charmantes, un bateau accroch\u00e9\u2026 c&rsquo;est vraiment fantastique. La lumi\u00e8re y est magique, je dois en prot\u00e9ger mes pastels pour \u00e9viter qu&rsquo;ils fondent ! \u00bb<\/p>\n<p>vincent Leroux<img decoding=\"async\" alt=\"Dans le salon trois chaises Hamlet Machine de Bob Wilson Pablo Picasso et le rvolver de Gary Cooper et Csar dans son...\" loading=\"lazy\" class=\"ResponsiveImageContainer-eNxvmU cfBbTk responsive-image__image\"   src=\"https:\/\/www.europesays.com\/fr\/wp-content\/uploads\/2025\/10\/_VLX7352.jpg\"\/><\/p>\n<p>Dans le salon, trois chaises Hamlet Machine de Bob Wilson, Pablo Picasso et le r\u00e9volver de Gary Cooper et C\u00e9sar dans son atelier par Andr\u00e9 Villers, Retired naval Officier (s\u00e9rie Sonomama) de Taishi Hirokawa, Gagarine en tourn\u00e9e de propagande \u00e0 Londres (photo de presse non sign\u00e9e).<\/p>\n<p>vincent Leroux<\/p>\n<p>\u00ab La premi\u00e8re fois que je suis entr\u00e9 dans cette maison, j&rsquo;ai \u00e9t\u00e9 accueilli par un h\u00eatre pourpre de 40 m\u00e8tres de haut, se souvient Jean Grisoni. Cet arbre, sublime \u00e0 la belle saison, m&rsquo;a provoqu\u00e9 un choc esth\u00e9tique. Nous sommes des rats des villes, mais cet arbre m&rsquo;a \u00e9mu. Tout le reste a d\u00e9coul\u00e9 de l\u00e0. \u00bb Le reste, c&rsquo;est une maison bourgeoise, b\u00e2tie au d\u00e9but du XIXe si\u00e8cle, ceinte d&rsquo;un jardin sauvage au charme infini. Artiste contemporain, enfant du Sud mais parisien de toujours, l&rsquo;artiste virtuose des objets recherchait un lieu calme o\u00f9 s&rsquo;\u00e9tablir avec son \u00e9pouse et ses nombreuses \u0153uvres d&rsquo;art \u2014 les siennes, ainsi que sa riche collection d&rsquo;art moderne. \u00ab Nous habitions un tr\u00e8s joli <a href=\"https:\/\/www.admagazine.fr\/article\/place-de-la-bastille-loft-a-vendre\" target=\"_blank\" rel=\"noopener\">loft \u00e0 Bastille<\/a>, mais cette vie en phalanst\u00e8re finissait par \u00eatre pesante et mon atelier \u00e9tait trop petit. L&rsquo;objectif \u00e9tait de chercher une maison avec un atelier, ce qui s&rsquo;est av\u00e9r\u00e9 difficile. \u00bb M\u00e9diterran\u00e9en, le couple a fait ses recherches autour de Nice, Marseille, S\u00e8te\u2026 avant de revenir finalement pr\u00e8s de Paris, \u00ab fou amoureux de cette ville depuis 35 ans \u00bb.<\/p>\n<p><img decoding=\"async\" alt=\"Pr\u00e8s de la chemine deux tabourets Castifao de Jean Grisoni surmonts d'un montage sans titre de Daniel Dezeuze et d'un...\" loading=\"lazy\" class=\"ResponsiveImageContainer-eNxvmU cfBbTk responsive-image__image\"   src=\"https:\/\/www.europesays.com\/fr\/wp-content\/uploads\/2025\/10\/_VLX7391.jpg\"\/><\/p>\n<p>Pr\u00e8s de la chemin\u00e9e, deux tabourets Castifao de Jean Grisoni, surmont\u00e9s d&rsquo;un montage sans titre de Daniel Dezeuze et d&rsquo;un print sur papier de Lee Bae.<\/p>\n<p>vincent Leroux<img decoding=\"async\" alt=\"Le salon s'habille d'une table Pietrosella d'une canne de lumi\u00e8re Lavezzi et d'un collage Maillons de Jean Grisoni et...\" loading=\"lazy\" class=\"ResponsiveImageContainer-eNxvmU cfBbTk responsive-image__image\"   src=\"https:\/\/www.europesays.com\/fr\/wp-content\/uploads\/2025\/10\/_VLX7306.jpg\"\/><\/p>\n<p>Le salon s&rsquo;habille d&rsquo;une table Pietrosella, d&rsquo;une canne de lumi\u00e8re Lavezzi et d&rsquo;un collage Maillons de Jean Grisoni, et d&rsquo;un vase IBU Po\u00eelane (Circa 2000).<\/p>\n<p>vincent Leroux<\/p>\n<p>Une demeure bourgeoise et \u00ab d\u00e9glingue \u00bb<\/p>\n<p>Pour des raisons \u00e9videntes d&rsquo;espace et de tranquillit\u00e9, la banlieue parisienne s&rsquo;est impos\u00e9e, et avec elle, les bords de <a href=\"https:\/\/www.admagazine.fr\/article\/florent-pagny-maison-nogent-sur-marne\" target=\"_blank\" rel=\"noopener\">Marne<\/a> si paisibles. Comme Paul C\u00e9zanne ou Willy Roonis avant lui, Jean Grisoni s&rsquo;est laiss\u00e9 charmer par leur cadre champ\u00eatre et verdoyant ; \u00ab on dirait le Sud \u00bb, chanterait presque l&rsquo;artiste. Une fois la d\u00e9couverte du h\u00eatre bicentenaire pass\u00e9e, la propri\u00e9t\u00e9 d\u00e9voile cette demeure de 1830 au style \u00ab presque anglo-normand \u00bb, destin\u00e9e \u00e0 la vill\u00e9giature \u00e0 l&rsquo;origine, puis agrandie au fil du temps par ses occupants, notamment \u00e0 l&rsquo;entre-deux-guerres dont elle garde l&#8217;empreinte. \u00ab C&rsquo;\u00e9tait peut-\u00eatre une gar\u00e7onni\u00e8re, quand la Marne \u00e9tait bord\u00e9e de guinguettes\u2026 imagine Jean Grisoni. Elle conserve des traces de cette \u00e9poque : un escalier, des chemin\u00e9es\u2026 J&rsquo;aime ce c\u00f4t\u00e9 patin\u00e9, un peu d\u00e9glingue, on sent qu&rsquo;elle existe depuis longtemps \u00bb.<\/p>\n<p>Une \u00e9ternelle maison de vacances<\/p>\n<p><img decoding=\"async\" alt=\"La salle \u00e0 mangerbiblioth\u00e8que ouverte sur la nature dvoile un plafonnier en papier roul et une table centrale Pina signs...\" loading=\"lazy\" class=\"ResponsiveImageContainer-eNxvmU cfBbTk responsive-image__image\"   src=\"https:\/\/www.europesays.com\/fr\/wp-content\/uploads\/2025\/10\/_VLX7261.jpg\"\/><\/p>\n<p>La salle \u00e0 manger-biblioth\u00e8que, ouverte sur la nature, d\u00e9voile un plafonnier en papier roul\u00e9 et une table centrale Pina sign\u00e9s Jean Grisoni, une collection de vases et une assiette Primavera (circa 1940 et 1950), et une \u0153uvre murale de G\u00e9rard Traquandi (circa 1980).<\/p>\n<p>vincent Leroux<img decoding=\"async\" alt=\"Le salon fait aussi la part belle aux ralisations de Jean Grisoni  aux c\u00f4t d'un Monochrome noir d'Olivier Mosset deux...\" loading=\"lazy\" class=\"ResponsiveImageContainer-eNxvmU cfBbTk responsive-image__image\"   src=\"https:\/\/www.europesays.com\/fr\/wp-content\/uploads\/2025\/10\/_VLX7289.jpg\"\/><\/p>\n<p>Le salon fait aussi la part belle aux r\u00e9alisations de Jean Grisoni (deux tabourets Castifao, une table Pietrosella), aux c\u00f4t\u00e9 d&rsquo;un Monochrome noir d&rsquo;Olivier Mosset, deux fauteuils L2 de Le Corbusier, une chaise Oyster et un ottoman de Pierre Paulin, deux piquets Touareg et une petite chaise africaine.<\/p>\n<p>vincent Leroux<\/p>\n<p>\u00ab En entrant, on l&rsquo;a tout de suite lue comme une maison de vacances \u00bb, explique l&rsquo;artiste, dont la principale pr\u00e9occupation a \u00e9t\u00e9 de la repeindre enti\u00e8rement en blanc pour y refl\u00e9ter la lumi\u00e8re et \u00ab donner l&rsquo;impression d&rsquo;une vill\u00e9giature du Sud, sans le look du <a href=\"https:\/\/www.admagazine.fr\/article\/mas-de-castillone-mas-provencal-louer-alpilles\" target=\"_blank\" rel=\"noopener\">mas<\/a> \u00bb. Am\u00e9nag\u00e9 dans cet esprit, l&rsquo;int\u00e9rieur rev\u00eat avant tout les obsessions du couple, passionn\u00e9 d&rsquo;art moderne et de design. \u00ab On l&rsquo;a pens\u00e9 avec les objets qu&rsquo;on aime, notamment des ann\u00e9es 1970. Le pop art, le minimalisme, les Supports\/Surfaces\u2026 ont baign\u00e9 nos ann\u00e9es de jeunesse. \u00bb Ici, un Monochrome noir d&rsquo;Olivier Mosset, l\u00e0, un Shopping Bag d&rsquo;Andy Warhol, se m\u00ealent volontiers aux r\u00e9alisations de Jean Grisoni \u00ab empil\u00e9e avec un certain \u00e9clectisme \u00bb. Des pi\u00e8ces <a href=\"https:\/\/www.admagazine.fr\/advisitesprivees\/article\/appartement-familial-organique-fonctionnel\" target=\"_blank\" rel=\"noopener\">organiques<\/a>, rac\u00e9es, dont l&rsquo;artiste peine \u00e0 se s\u00e9parer une fois acquises par d&rsquo;autres. \u00ab Certaines doivent passer deux ou trois mois chez moi parce que j&rsquo;ai besoin de me les approprier avant qu&rsquo;elles disparaissent, et ne pas regarder dans le pass\u00e9. \u00bb<\/p>\n<p>Trois ateliers en un lieu<\/p>\n<p><img decoding=\"async\" alt=\"Dans la cuisine le coin repas invite au calme. Le mobilier industriel est vintage et les deux peintures chines...\" loading=\"lazy\" class=\"ResponsiveImageContainer-eNxvmU cfBbTk responsive-image__image\"   src=\"https:\/\/www.europesays.com\/fr\/wp-content\/uploads\/2025\/10\/_VLX7448.jpg\"\/><\/p>\n<p>Dans la cuisine, le coin repas invite au calme. Le mobilier industriel est vintage et les deux peintures chin\u00e9es repr\u00e9sentent respectivement les \u00eeles Sanguinaires en Corse et un paysage de Kabylie (circa 1920).<\/p>\n<p>vincent Leroux<img decoding=\"async\" alt=\"Jean Grisoni pose dans son troisi\u00e8me atelier o\u00f9 il travaille le bois le mtal et la terre. Cet ancien garage cache aussi...\" loading=\"lazy\" class=\"ResponsiveImageContainer-eNxvmU cfBbTk responsive-image__image\"   src=\"https:\/\/www.europesays.com\/fr\/wp-content\/uploads\/2025\/10\/_VLX7540.jpg\"\/><\/p>\n<p>Jean Grisoni pose dans son troisi\u00e8me atelier o\u00f9 il travaille le bois, le m\u00e9tal et la terre. Cet ancien garage cache aussi un petit studio de musique o\u00f9 la famille aime se r\u00e9unir autour des instruments.<\/p>\n<p>vincent Leroux<\/p>\n<p>La maison de Jean Grisoni est avant toute chose son lieu de travail. Il y poss\u00e8de trois ateliers, chacun flanqu\u00e9 d&rsquo;une fonction diff\u00e9rente. La <a href=\"https:\/\/www.admagazine.fr\/adinspiration\/article\/petits-espaces-3-idees-de-verrieres-a-copier\" target=\"_blank\" rel=\"noopener\">verri\u00e8re<\/a> est vite devenue son atelier de dessin. \u00ab Cette verri\u00e8re est une esp\u00e8ce de vigie qui donne sur la Marne, ses maisons charmantes, les bateaux accroch\u00e9s\u2026 c&rsquo;est vraiment fantastique. La lumi\u00e8re y est magique, je dois en prot\u00e9ger mes pastels pour \u00e9viter qu&rsquo;ils fondent ! \u00bb Au fond du jardin, le \u00ab chemin de Kyoto \u00bb m\u00e8ne \u00e0 son deuxi\u00e8me atelier \u2014 \u00ab mes copains l&rsquo;ont appel\u00e9 comme \u00e7a parce qu&rsquo;il est tr\u00e8s luxuriant, on est oblig\u00e9 de pousser les feuilles pour s&rsquo;y rendre. \u00bb Enfin, un grand sous-sol, am\u00e9nag\u00e9 en atelier de bijoux, bois et m\u00e9tal, jouxte un autre terrain de jeu cher \u00e0 Jean Grisoni. Un petit studio de musique agr\u00e9ment\u00e9 de clavier, batterie et amplis, \u00ab parce que je suis un vieux bluesman, s&rsquo;amuse-t-il. Mes enfants et mes petits enfants ont des instruments, donc chaque r\u00e9union de famille se termine \u00e0 la <a href=\"https:\/\/www.admagazine.fr\/architecture\/actualite-architecture\/diaporama\/une-cave-a-vin-creusee-dans-la-roche-pres-daustin\/62069\" target=\"_blank\" rel=\"noopener\">cave<\/a> avec des boules Quies \u00bb.<\/p>\n<p><img decoding=\"async\" alt=\"maison bourgeoise du XIXe si\u00e8cle sur les bords de marne\" loading=\"lazy\" class=\"ResponsiveImageContainer-eNxvmU cfBbTk responsive-image__image\"   src=\"https:\/\/www.europesays.com\/fr\/wp-content\/uploads\/2025\/10\/_VLX7331.jpg\"\/><\/p>\n<p>La maison et son jardin sauvage, un espace \u00ab punk \u00bb au d\u00e9sordre organis\u00e9 par Jean Grisoni et son \u00e9pouse.<\/p>\n<p>Vincent Leroux<img decoding=\"async\" alt=\"Un grand h\u00eatre pourpre un pin de Californie et un figuier dissimulent le deuxi\u00e8me atelier de Jean Grisoni.\" loading=\"lazy\" class=\"ResponsiveImageContainer-eNxvmU cfBbTk responsive-image__image\"   src=\"https:\/\/www.europesays.com\/fr\/wp-content\/uploads\/2025\/10\/_VLX7452.jpg\"\/><\/p>\n<p>Un grand h\u00eatre pourpre, un pin de Californie et un figuier dissimulent le deuxi\u00e8me atelier de Jean Grisoni.<\/p>\n<p>vincent Leroux<\/p>\n<p>Si cette maison offre \u00e0 l&rsquo;artiste le lieu id\u00e9al o\u00f9 se r\u00e9aliser, elle est aussi un refuge loin du monde. \u00ab Le coin cuisine o\u00f9 nous d\u00e9jeunons est une v\u00e9ritable voli\u00e8re car les arbres viennent contre les vitres, et avec eux, plein d&rsquo;<a href=\"https:\/\/www.admagazine.fr\/article\/oiseaux-jardin-comment-reconnaitre\" target=\"_blank\" rel=\"noopener\">oiseaux<\/a> : des m\u00e9sanges, des passereaux, des rouges-gorges\u2026 \u00bb Ce jardin, enchanteur et sauvage, a donn\u00e9 au couple l&rsquo;envie d&rsquo;am\u00e9nager les lieux pour mieux les laisser vivre au rythme de la nature. \u00ab Une amie nous a fait d\u00e9couvrir le concept de jardin punk. On ne coupe pas, on ne plante pas, on laisse les oiseaux apporter des choses, on a juste sem\u00e9 des herbes folles pour avoir un pr\u00e9 foisonnant. \u00bb Cette id\u00e9e d&rsquo;un <a href=\"https:\/\/www.admagazine.fr\/article\/jardin-a-la-francaise\" target=\"_blank\" rel=\"noopener\">jardin<\/a> au naturel, \u00ab comme un souffle de paix \u00bb, n&rsquo;est pas n\u00e9e de nulle part. \u00ab J&rsquo;avais 18 ans en 1968 \u00bb, pr\u00e9cise Jean Grisoni. Une certaine id\u00e9e de la libert\u00e9.<\/p>\n","protected":false},"excerpt":{"rendered":"Lauranne E. Schmitt a dessin\u00e9 les chaises et la table \u00e0 manger, habill\u00e9e d&rsquo;une marqueterie de mosa\u00efque sur&hellip;\n","protected":false},"author":2,"featured_media":501118,"comment_status":"","ping_status":"","sticky":false,"template":"","format":"standard","meta":{"footnotes":""},"categories":[1358],"tags":[1348,1384,1385,1386,58,59,1011,27,3892],"class_list":{"0":"post-501117","1":"post","2":"type-post","3":"status-publish","4":"format-standard","5":"has-post-thumbnail","7":"category-arts-et-design","8":"tag-arts","9":"tag-arts-and-design","10":"tag-arts-et-design","11":"tag-design","12":"tag-divertissement","13":"tag-entertainment","14":"tag-fr","15":"tag-france","16":"tag-maisons-de-campagne"},"share_on_mastodon":{"url":"https:\/\/pubeurope.com\/@fr\/115465980670972782","error":""},"_links":{"self":[{"href":"https:\/\/www.europesays.com\/fr\/wp-json\/wp\/v2\/posts\/501117","targetHints":{"allow":["GET"]}}],"collection":[{"href":"https:\/\/www.europesays.com\/fr\/wp-json\/wp\/v2\/posts"}],"about":[{"href":"https:\/\/www.europesays.com\/fr\/wp-json\/wp\/v2\/types\/post"}],"author":[{"embeddable":true,"href":"https:\/\/www.europesays.com\/fr\/wp-json\/wp\/v2\/users\/2"}],"replies":[{"embeddable":true,"href":"https:\/\/www.europesays.com\/fr\/wp-json\/wp\/v2\/comments?post=501117"}],"version-history":[{"count":0,"href":"https:\/\/www.europesays.com\/fr\/wp-json\/wp\/v2\/posts\/501117\/revisions"}],"wp:featuredmedia":[{"embeddable":true,"href":"https:\/\/www.europesays.com\/fr\/wp-json\/wp\/v2\/media\/501118"}],"wp:attachment":[{"href":"https:\/\/www.europesays.com\/fr\/wp-json\/wp\/v2\/media?parent=501117"}],"wp:term":[{"taxonomy":"category","embeddable":true,"href":"https:\/\/www.europesays.com\/fr\/wp-json\/wp\/v2\/categories?post=501117"},{"taxonomy":"post_tag","embeddable":true,"href":"https:\/\/www.europesays.com\/fr\/wp-json\/wp\/v2\/tags?post=501117"}],"curies":[{"name":"wp","href":"https:\/\/api.w.org\/{rel}","templated":true}]}}