{"id":501119,"date":"2025-10-31T00:37:38","date_gmt":"2025-10-31T00:37:38","guid":{"rendered":"https:\/\/www.europesays.com\/fr\/501119\/"},"modified":"2025-10-31T00:37:38","modified_gmt":"2025-10-31T00:37:38","slug":"face-a-la-privatisation-qui-menace-radio-france-et-france-televisions-les-salaries-sinquietent","status":"publish","type":"post","link":"https:\/\/www.europesays.com\/fr\/501119\/","title":{"rendered":"Face \u00e0 la privatisation qui menace Radio France et France T\u00e9l\u00e9visions, les salari\u00e9s s\u2019inqui\u00e8tent"},"content":{"rendered":"<p>L\u2019audiovisuel public est en danger. Depuis le d\u00e9but du premier quinquennat d\u2019Emmanuel Macron, ses budgets allou\u00e9s r\u00e9tr\u00e9cissent comme peau de chagrin. La suppression de la redevance en 2022 n\u2019am\u00e9liore pas la donne. Selon la Cour des comptes, France T\u00e9l\u00e9visions a vu ses ressources baisser de 161\u00a0millions d\u2019euros entre 2018 et 2022. Entre 2017 et 2024, les r\u00e9sultats net du groupe pr\u00e9sentent un d\u00e9ficit cumul\u00e9 de 81\u00a0millions d\u2019euros. Ses capitaux sont pass\u00e9s de 294 \u00e0 179\u00a0millions d\u2019euros en huit ans. Cette d\u00e9faillance \u00e9conomique entra\u00eene la diminution de certains formats. \u00ab\u00a0Les sujets \u00ab\u00a0woke\u00a0\u00bb ou les reportages fouill\u00e9s trinquent en premier\u00a0\u00bb, analyse un ancien employ\u00e9 de Radio France qui constate la disparition progressive du f\u00e9minisme et de l\u2019\u00e9cologie. \u00ab\u00a0De temps en temps, ces th\u00e8mes apparaissent en guise de faire-valoir. Mais c\u2019est l\u2019arbre qui cache la for\u00eat\u00a0\u00bb, gronde de son c\u00f4t\u00e9 Georges Pinol, d\u00e9l\u00e9gu\u00e9 syndical central de la CGT de France T\u00e9l\u00e9visions&#8230;.<\/p>\n","protected":false},"excerpt":{"rendered":"L\u2019audiovisuel public est en danger. Depuis le d\u00e9but du premier quinquennat d\u2019Emmanuel Macron, ses budgets allou\u00e9s r\u00e9tr\u00e9cissent comme&hellip;\n","protected":false},"author":2,"featured_media":501120,"comment_status":"","ping_status":"","sticky":false,"template":"","format":"standard","meta":{"footnotes":""},"categories":[1356],"tags":[4690,6586,1271,58,1073,59,6429,1011,27,45886,62310,10316,252,1364],"class_list":{"0":"post-501119","1":"post","2":"type-post","3":"status-publish","4":"format-standard","5":"has-post-thumbnail","7":"category-television","8":"tag-arcom","9":"tag-audiovisuel-public","10":"tag-cgt","11":"tag-divertissement","12":"tag-emmanuel-macron","13":"tag-entertainment","14":"tag-extru00eame-droite","15":"tag-fr","16":"tag-france","17":"tag-france-tu00e9lu00e9visions","18":"tag-pluralisme","19":"tag-radio-france","20":"tag-television","21":"tag-tv"},"share_on_mastodon":{"url":"https:\/\/pubeurope.com\/@fr\/115465987332294539","error":""},"_links":{"self":[{"href":"https:\/\/www.europesays.com\/fr\/wp-json\/wp\/v2\/posts\/501119","targetHints":{"allow":["GET"]}}],"collection":[{"href":"https:\/\/www.europesays.com\/fr\/wp-json\/wp\/v2\/posts"}],"about":[{"href":"https:\/\/www.europesays.com\/fr\/wp-json\/wp\/v2\/types\/post"}],"author":[{"embeddable":true,"href":"https:\/\/www.europesays.com\/fr\/wp-json\/wp\/v2\/users\/2"}],"replies":[{"embeddable":true,"href":"https:\/\/www.europesays.com\/fr\/wp-json\/wp\/v2\/comments?post=501119"}],"version-history":[{"count":0,"href":"https:\/\/www.europesays.com\/fr\/wp-json\/wp\/v2\/posts\/501119\/revisions"}],"wp:featuredmedia":[{"embeddable":true,"href":"https:\/\/www.europesays.com\/fr\/wp-json\/wp\/v2\/media\/501120"}],"wp:attachment":[{"href":"https:\/\/www.europesays.com\/fr\/wp-json\/wp\/v2\/media?parent=501119"}],"wp:term":[{"taxonomy":"category","embeddable":true,"href":"https:\/\/www.europesays.com\/fr\/wp-json\/wp\/v2\/categories?post=501119"},{"taxonomy":"post_tag","embeddable":true,"href":"https:\/\/www.europesays.com\/fr\/wp-json\/wp\/v2\/tags?post=501119"}],"curies":[{"name":"wp","href":"https:\/\/api.w.org\/{rel}","templated":true}]}}