{"id":501121,"date":"2025-10-31T00:38:20","date_gmt":"2025-10-31T00:38:20","guid":{"rendered":"https:\/\/www.europesays.com\/fr\/501121\/"},"modified":"2025-10-31T00:38:20","modified_gmt":"2025-10-31T00:38:20","slug":"la-face-sombre-du-rap-francais-devoilee-dans-le-livre-enquete-lempire","status":"publish","type":"post","link":"https:\/\/www.europesays.com\/fr\/501121\/","title":{"rendered":"la face sombre du rap fran\u00e7ais d\u00e9voil\u00e9e dans le livre-enqu\u00eate \u00ab\u00a0L&rsquo;Empire\u00a0\u00bb"},"content":{"rendered":"<p class=\"article-p mdl\">C\u2019est un livre \u00e9v\u00e9nement, L\u2019Empire, une enqu\u00eate sur l\u2019univers du rap. Les rappeurs ont pris le pouvoir dans l\u2019industrie de la musique. Ils g\u00e9n\u00e8rent des millions qui sont convoit\u00e9s par la mafia et le grand banditisme, menant \u00e0 <strong>l\u2019extorsion, au chantage, \u00e0 la guerre des clans et m\u00eame aux meurtres<\/strong>. Le journaliste Paul Deutschman, co-auteur de l\u2019ouvrage, \u00e9tait invit\u00e9 au micro de RTL, ce jeudi 30 octobre, pour d\u00e9voiler les coulisses de ce monde extr\u00eamement dangereux.<\/p>\n<p class=\"article-p mdl\"><a class=\"link\" href=\"https:\/\/www.rtl.fr\/culture\/musique\/koba-lad-heuss-l-enfoire-werenoi-un-livre-enquete-autopsie-les-liaisons-dangereuses-entre-le-rap-le-crime-organise-et-les-cercles-du-pouvoir-7900559699\" title=\"Koba LaD, Heuss l\u2019Enfoir\u00e9, Werenoi... Un livre-enqu\u00eate autopsie les liaisons dangereuses entre le rap, le crime organis\u00e9 et les cercles du pouvoir\" target=\"_blank\" rel=\"noopener\">Les\u00a0rappeurs<\/a>\u00a0sont, depuis quelques ann\u00e9es, devenus entrepreneurs. Alors qu\u2019ils ne touchaient auparavant que 8% des revenus rapport\u00e9s par leurs propres chansons, ils tournent aujourd\u2019hui <strong>\u00ab\u00a0en moyenne entre 70 et 80%\u00a0\u00bb<\/strong>.\u00a0<\/p>\n<p class=\"article-p mdl\">De quoi faire miroiter \u00e0 quelques personnes peu recommandables. \u00ab\u00a0Pour certains rappeurs, on prend soin de ne pas essentialiser ni g\u00e9n\u00e9raliser, il y a des acteurs li\u00e9s \u00e0 l\u2019\u00e9conomie ill\u00e9gale, au narcotrafic, qui vont \u00eatre des producteurs bienveillants ou (exercer) <strong>une m\u00e9canique de pr\u00e9dation, d\u2019emprise, dont les artistes sont victimes<\/strong>\u00ab\u00a0, indique le journaliste.<\/p>\n<p>            Jul et SCH oblig\u00e9s de se cacher<\/p>\n<p class=\"article-p mdl\">Le livre pointe notamment l\u2019entourage de\u00a0<a class=\"link\" href=\"https:\/\/www.rtl.fr\/culture\/musique\/jul-a-compris-son-epoque-comment-le-rappeur-marseillais-a-fait-plus-fort-que-johnny-au-stade-de-france-7900498569\" title=\"&quot;Jul a compris son \u00e9poque&quot; : comment le rappeur marseillais a fait plus fort que Johnny au Stade de France\" target=\"_blank\" rel=\"noopener\">la star Jul<\/a>. Apr\u00e8s la mort de son manager, Karim, abattu, le rappeur marseillais a compris qu\u2019il s\u2019\u00e9tait fait avoir par les fr\u00e8res du d\u00e9funt, membres du label de ses d\u00e9buts : \u00ab\u00a0\u00c7a va jusqu\u2019\u00e0 une scission. <strong>Jul a d\u00fb se cacher dans la cabane d\u2019une maison<\/strong>, o\u00f9 il a enregistr\u00e9 \u2018My World\u2019, son plus gros succ\u00e8s en termes de vente.\u00a0\u00bb Il a aussi d\u00fb c\u00e9der les droits de ses cinq premiers albums.<\/p>\n<p class=\"article-p mdl\">Lorsqu\u2019ils ne partagent pas leurs revenus avec de vieilles connaissances, certains rappeurs risquent la mort. Ainsi, <strong>un membre de l\u2019\u00e9quipe de SCH a \u00e9t\u00e9 \u00ab\u00a0ex\u00e9cut\u00e9\u00a0\u00bb<\/strong> et le chanteur a \u00e9t\u00e9 vis\u00e9. L\u2019ombre de\u00a0<a class=\"link\" href=\"https:\/\/www.rtl.fr\/actu\/justice-faits-divers\/menace-principale-pour-le-pays-la-lutte-contre-la-dz-mafia-erigee-en-priorite-par-l-interieur-7900549089\" title=\"&quot;Menace principale&quot; pour le pays : la lutte contre la DZ Mafia \u00e9rig\u00e9e en priorit\u00e9 par l&#039;Int\u00e9rieur\" target=\"_blank\" rel=\"noopener\">la DZ Mafia<\/a>\u00a0planait autour de cette affaire.<\/p>\n<p>            Maes soup\u00e7onn\u00e9 \u00ab\u00a0d\u2019avoir particip\u00e9 \u00e0 des commandes d\u2019assassinat\u00a0\u00bb<\/p>\n<p class=\"article-p mdl\">Int\u00e9grer le milieu du rap permet de \u00ab\u00a0toucher de l\u2019argent l\u00e9gal\u00a0\u00bb pour les \u00ab\u00a0narcoproducteurs\u00a0\u00bb, d\u2019apr\u00e8s Paul Deutschman. Surtout que ces sommes sont faramineuses. \u00ab\u00a0Depuis trois ans, les annonces ont explos\u00e9 et les sommes atteignent parfois plusieurs dizaines de millions d\u2019euros pour trois ou quatre albums. \u00c7a attise \u00e9videmment une certaine convoitise. (&#8230;) Il y a des contrats o\u00f9 <strong>plusieurs millions d\u2019euros ont pu \u00eatre vers\u00e9s <\/strong>via des sch\u00e9mas plus ou moins sophistiqu\u00e9s<strong> \u00e0 des figures du narcotrafic<\/strong>\u00ab\u00a0, souligne-t-il.<\/p>\n<p class=\"article-p mdl\">Certains rappeurs sont eux-m\u00eames impliqu\u00e9s dans des affaires criminelles, \u00e0 l\u2019image de Koba LaD, mis en examen en marge de\u00a0<a class=\"link\" href=\"https:\/\/www.rtl.fr\/actu\/justice-faits-divers\/evasion-de-mohamed-amra-le-rappeur-koba-lad-mis-en-examen-7900488671\" title=\"\u00c9vasion de Mohamed Amra : le rappeur Koba LaD mis en examen\" target=\"_blank\" rel=\"noopener\">l\u2019\u00e9vasion de Mohamed Amra<\/a>. \u00ab\u00a0Son r\u00f4le n\u2019est pas direct. Ce n\u2019est pas autant qu\u2019un acteur comme Maes, qu\u2019on \u00e9voque dans le livre. Il est directement soup\u00e7onn\u00e9 par les enqu\u00eateurs d\u2019avoir pu participer \u00e0 des commandes d\u2019assassinat. Ce qui est assez in\u00e9dit, en tout cas, nous, c\u2019est <strong>le seul rappeur o\u00f9 on a des documents qui \u00e9tayent cette th\u00e8se-l\u00e0<\/strong> c\u00f4t\u00e9 policier\u00a0\u00bb, rapporte le journaliste.\u00a0<\/p>\n<p class=\"article-p mdl\">Le rappeur originaire de Villepinte aurait \u00e9t\u00e9 approch\u00e9 par des personnes de son quartier avant qu\u2019il ne se venge et ne prenne la fuite. \u00ab\u00a0Il est plut\u00f4t victime d\u2019extorsion et cette m\u00e9canique a entra\u00een\u00e9 presque une envie de vengeance depuis son exil \u00e0 Duba\u00ef. <strong>\u00c7a va d\u00e9rouler sur des assassinats o\u00f9 son ombre plane<\/strong>, selon la police\u00a0\u00bb, informe Paul Deutschman. Maes aurait ainsi un contrat sur sa t\u00eate, ne pourrait plus se rendre dans son quartier d\u2019origine et se d\u00e9place avec un gilet pare-balles quand il vient \u00e0 Paris.<\/p>\n<p>    La r\u00e9daction vous recommande<\/p>\n<p class=\"s-newsletter__title\">\n                L\u2019actualit\u00e9 par la r\u00e9daction de RTL dans votre bo\u00eete mail.\n            <\/p>\n<p class=\"s-newsletter__subtitle\">\n                Gr\u00e2ce \u00e0 votre compte RTL abonnez-vous \u00e0 la newsletter RTL info pour suivre toute l&rsquo;actualit\u00e9 au quotidien\n            <\/p>\n<p>\n                                    Lire la suite\n                                <\/p>\n","protected":false},"excerpt":{"rendered":"C\u2019est un livre \u00e9v\u00e9nement, L\u2019Empire, une enqu\u00eate sur l\u2019univers du rap. Les rappeurs ont pris le pouvoir dans&hellip;\n","protected":false},"author":2,"featured_media":501122,"comment_status":"","ping_status":"","sticky":false,"template":"","format":"standard","meta":{"footnotes":""},"categories":[1355],"tags":[251,58,1067,59,107,1011,27,1279,303,36275,1380,3642,1361,873,1072,3616,362],"class_list":{"0":"post-501121","1":"post","2":"type-post","3":"status-publish","4":"format-standard","5":"has-post-thumbnail","7":"category-musique","8":"tag-culture","9":"tag-divertissement","10":"tag-enquete","11":"tag-entertainment","12":"tag-fil-info","13":"tag-fr","14":"tag-france","15":"tag-jul","16":"tag-justice","17":"tag-linvite-du-jour","18":"tag-livres","19":"tag-mafia","20":"tag-music","21":"tag-musique","22":"tag-police","23":"tag-rap","24":"tag-replay"},"share_on_mastodon":{"url":"https:\/\/pubeurope.com\/@fr\/115465991333221143","error":""},"_links":{"self":[{"href":"https:\/\/www.europesays.com\/fr\/wp-json\/wp\/v2\/posts\/501121","targetHints":{"allow":["GET"]}}],"collection":[{"href":"https:\/\/www.europesays.com\/fr\/wp-json\/wp\/v2\/posts"}],"about":[{"href":"https:\/\/www.europesays.com\/fr\/wp-json\/wp\/v2\/types\/post"}],"author":[{"embeddable":true,"href":"https:\/\/www.europesays.com\/fr\/wp-json\/wp\/v2\/users\/2"}],"replies":[{"embeddable":true,"href":"https:\/\/www.europesays.com\/fr\/wp-json\/wp\/v2\/comments?post=501121"}],"version-history":[{"count":0,"href":"https:\/\/www.europesays.com\/fr\/wp-json\/wp\/v2\/posts\/501121\/revisions"}],"wp:featuredmedia":[{"embeddable":true,"href":"https:\/\/www.europesays.com\/fr\/wp-json\/wp\/v2\/media\/501122"}],"wp:attachment":[{"href":"https:\/\/www.europesays.com\/fr\/wp-json\/wp\/v2\/media?parent=501121"}],"wp:term":[{"taxonomy":"category","embeddable":true,"href":"https:\/\/www.europesays.com\/fr\/wp-json\/wp\/v2\/categories?post=501121"},{"taxonomy":"post_tag","embeddable":true,"href":"https:\/\/www.europesays.com\/fr\/wp-json\/wp\/v2\/tags?post=501121"}],"curies":[{"name":"wp","href":"https:\/\/api.w.org\/{rel}","templated":true}]}}