{"id":501125,"date":"2025-10-31T00:40:11","date_gmt":"2025-10-31T00:40:11","guid":{"rendered":"https:\/\/www.europesays.com\/fr\/501125\/"},"modified":"2025-10-31T00:40:11","modified_gmt":"2025-10-31T00:40:11","slug":"fausse-morille-et-maladie-de-charcot-cette-etude-qui-inquiete","status":"publish","type":"post","link":"https:\/\/www.europesays.com\/fr\/501125\/","title":{"rendered":"Fausse morille et maladie de Charcot : cette \u00e9tude qui inqui\u00e8te"},"content":{"rendered":"<p itemprop=\"description\">La fausse morille, parfois confondue avec<br \/>\ndes esp\u00e8ces comestibles, pourrait \u00eatre responsable de plusieurs cas<br \/>\ngraves de scl\u00e9rose lat\u00e9rale amyotrophique, selon une nouvelle<br \/>\n\u00e9tude.<\/p>\n<p data-start=\"759\" data-end=\"1065\">Une menace invisible pourrait<br \/>\nbien se cacher dans nos for\u00eats. La fausse morille, un <a href=\"https:\/\/monjardinmamaison.maison-travaux.fr\/mon-jardin-ma-maison\/plantes-par-type\/champignon\/champignon-apparemment-inoffensif-devient-hautement-toxique-vous-buvez-alcool-513518.html\" target=\"_blank\" rel=\"noopener\"><br \/>\n<strong data-start=\"843\" data-end=\"865\">champignon<br \/>\ntoxique<\/strong><\/a> pourtant encore cueilli, fait l\u2019objet d\u2019un<br \/>\nsignalement pr\u00e9occupant : elle serait impliqu\u00e9e dans plusieurs cas<br \/>\nde <strong data-start=\"979\" data-end=\"1001\">maladie de<br \/>\nCharcot<\/strong>, selon une \u00e9tude scientifique en cours relay\u00e9e par<br \/>\nSud Ouest.\u00a0Connue<br \/>\npour sa ressemblance avec des vari\u00e9t\u00e9s pris\u00e9es par les amateurs de<br \/>\ncueillette, cette esp\u00e8ce, aussi nomm\u00e9e gyromitre, contient une<br \/>\n<strong data-start=\"1204\" data-end=\"1227\">mol\u00e9cule<br \/>\ndangereuse<\/strong>, la gyromitrine. Elle est d\u00e9j\u00e0 reconnue pour<br \/>\nses effets nocifs sur le foie. Mais de nouvelles donn\u00e9es<br \/>\nscientifiques \u00e9voquent d\u00e9sormais un impact potentiel sur le<br \/>\n<strong data-start=\"1390\" data-end=\"1409\">syst\u00e8me<br \/>\nnerveux<\/strong>.<\/p>\n<p>La morille incrimin\u00e9e dans la<br \/>\nmaladie de Charcot<\/p>\n<p data-start=\"1466\" data-end=\"1773\">La <a href=\"https:\/\/monjardinmamaison.maison-travaux.fr\/mon-jardin-ma-maison\/plantes-par-type\/champignon\/cepes-girolles-morilles-leurs-sosies-toxiques-disent-mycologues-511190.html\" target=\"_blank\" rel=\"noopener\"><br \/>\nfausse morille<\/a> appartient \u00e0 la famille des <strong data-start=\"1512\" data-end=\"1527\">Ascomyc\u00e8tes<\/strong> et pousse dans les<br \/>\nzones bois\u00e9es de plusieurs r\u00e9gions fran\u00e7aises, notamment \u00e0 la<br \/>\nsortie de l\u2019hiver ou au printemps. Ce qui inqui\u00e8te, c\u2019est sa<br \/>\nressemblance avec des esp\u00e8ces comestibles, notamment la<br \/>\n<strong data-start=\"1726\" data-end=\"1743\">morille vraie<\/strong>,<br \/>\ntr\u00e8s pris\u00e9e des gastronomes.<\/p>\n<p data-start=\"1775\" data-end=\"2179\">La toxicit\u00e9 de la gyromitrine<br \/>\nest connue depuis longtemps pour provoquer des troubles digestifs<br \/>\ns\u00e9v\u00e8res, des <strong data-start=\"1884\" data-end=\"1908\">atteintes<br \/>\nh\u00e9patiques<\/strong>, voire des comas. Mais ce sont de nouvelles<br \/>\nobservations cliniques, en lien avec des <strong data-start=\"1994\" data-end=\"2009\">neurologues<\/strong> et des chercheurs sp\u00e9cialis\u00e9s<br \/>\ndans les maladies neurod\u00e9g\u00e9n\u00e9ratives, qui soul\u00e8vent aujourd\u2019hui une<br \/>\npossible <strong data-start=\"2117\" data-end=\"2144\">corr\u00e9lation avec<br \/>\nla SLA<\/strong>, aussi appel\u00e9e maladie de Charcot.<\/p>\n<p>Fausse morille et maladie de<br \/>\nCharcot, une corr\u00e9lation g\u00e9ographique selon cette \u00e9tude<\/p>\n<p data-start=\"2225\" data-end=\"2625\">Ce sont les travaux de<br \/>\n<strong data-start=\"2248\" data-end=\"2273\">scientifiques<br \/>\nsuisses<\/strong> qui sont \u00e0 l\u2019origine de cette piste. Ils ont<br \/>\nidentifi\u00e9 chez plusieurs patients atteints de SLA un<br \/>\n<strong data-start=\"2372\" data-end=\"2411\">pass\u00e9 de consommation de<br \/>\ngyromitres<\/strong>, souvent mal identifi\u00e9s et cuisin\u00e9s sans<br \/>\npr\u00e9caution. \u00ab\u00a0Il y a une<br \/>\ncorr\u00e9lation g\u00e9ographique entre les cas et les zones o\u00f9 l\u00a0\u00bbon<br \/>\nconsomme la fausse <a href=\"https:\/\/monjardinmamaison.maison-travaux.fr\/mon-jardin-ma-maison\/plantes-par-type\/champignon\/faire-pousser-des-morilles-dans-votre-jardin-sans-effort-510792.html\" target=\"_blank\" rel=\"noopener\"><br \/>\nmorille<\/a>\u00ab\u00a0, avance le neurologue Antoine Duval, cit\u00e9 par<br \/>\nSud Ouest.<\/p>\n<p data-start=\"2627\" data-end=\"3029\">Les chercheurs soup\u00e7onnent que<br \/>\nl\u2019exposition r\u00e9p\u00e9t\u00e9e \u00e0 de faibles doses de gyromitrine pourrait<br \/>\njouer un r\u00f4le dans le d\u00e9veloppement de la maladie. \u00ab\u00a0Nous ne pouvons pas encore parler de cause<br \/>\ndirecte, mais les \u00e9l\u00e9ments concordants sont troublants\u00a0\u00bb,<br \/>\najoute le m\u00eame sp\u00e9cialiste. Ces r\u00e9sultats provisoires ont \u00e9t\u00e9<br \/>\npr\u00e9sent\u00e9s lors d\u2019un congr\u00e8s europ\u00e9en et font d\u00e9sormais l\u2019objet<br \/>\nd\u2019<strong data-start=\"3003\" data-end=\"3028\">analyses<br \/>\napprofondies<\/strong>.<\/p>\n<p>Fausse morille, champignons<br \/>\ntoxiques : faut-il interdire la cueillette sauvage ?<\/p>\n<p data-start=\"3092\" data-end=\"3398\">Face \u00e0 cette hypoth\u00e8se<br \/>\ninqui\u00e9tante, certains experts r\u00e9clament d\u00e9j\u00e0 une<br \/>\n<strong data-start=\"3164\" data-end=\"3192\">meilleure<br \/>\nr\u00e9glementation<\/strong> autour de la vente et de la cueillette de<br \/>\nchampignons. Car la fausse <a href=\"https:\/\/monjardinmamaison.maison-travaux.fr\/mon-jardin-ma-maison\/plantes-par-type\/champignon\/on-le-pietine-tous-les-jours-et-pourtant-ce-champignon-vaut-une-fortune-et-ca-nest-pas-la-truffe-488057.html\" target=\"_blank\" rel=\"noopener\"><br \/>\nmorille<\/a>, malgr\u00e9 ses risques connus, est encore autoris\u00e9e \u00e0 la<br \/>\nvente dans plusieurs pays europ\u00e9ens, sous condition de cuisson<br \/>\nsp\u00e9cifique.<\/p>\n<p data-start=\"3400\" data-end=\"3716\">En attendant, les sp\u00e9cialistes<br \/>\ninsistent sur la <strong data-start=\"3448\" data-end=\"3505\">n\u00e9cessit\u00e9 de sensibiliser les amateurs de<br \/>\nchampignons<\/strong> aux dangers de la confusion. \u00ab\u00a0M\u00eame s\u00e9ch\u00e9e ou cuite, la gyromitrine peut<br \/>\nne pas \u00eatre totalement \u00e9limin\u00e9e\u00a0\u00bb, rappelle le professeur<br \/>\nDuval. La prudence reste donc de mise pour tous ceux qui<br \/>\ns&rsquo;aventurent en for\u00eat.<\/p>\n","protected":false},"excerpt":{"rendered":"La fausse morille, parfois confondue avec des esp\u00e8ces comestibles, pourrait \u00eatre responsable de plusieurs cas graves de scl\u00e9rose&hellip;\n","protected":false},"author":2,"featured_media":501126,"comment_status":"","ping_status":"","sticky":false,"template":"","format":"standard","meta":{"footnotes":""},"categories":[10],"tags":[1011,27,72,71,729],"class_list":{"0":"post-501125","1":"post","2":"type-post","3":"status-publish","4":"format-standard","5":"has-post-thumbnail","7":"category-sante","8":"tag-fr","9":"tag-france","10":"tag-health","11":"tag-sante","12":"tag-yout_video"},"share_on_mastodon":{"url":"https:\/\/pubeurope.com\/@fr\/115465999076249360","error":""},"_links":{"self":[{"href":"https:\/\/www.europesays.com\/fr\/wp-json\/wp\/v2\/posts\/501125","targetHints":{"allow":["GET"]}}],"collection":[{"href":"https:\/\/www.europesays.com\/fr\/wp-json\/wp\/v2\/posts"}],"about":[{"href":"https:\/\/www.europesays.com\/fr\/wp-json\/wp\/v2\/types\/post"}],"author":[{"embeddable":true,"href":"https:\/\/www.europesays.com\/fr\/wp-json\/wp\/v2\/users\/2"}],"replies":[{"embeddable":true,"href":"https:\/\/www.europesays.com\/fr\/wp-json\/wp\/v2\/comments?post=501125"}],"version-history":[{"count":0,"href":"https:\/\/www.europesays.com\/fr\/wp-json\/wp\/v2\/posts\/501125\/revisions"}],"wp:featuredmedia":[{"embeddable":true,"href":"https:\/\/www.europesays.com\/fr\/wp-json\/wp\/v2\/media\/501126"}],"wp:attachment":[{"href":"https:\/\/www.europesays.com\/fr\/wp-json\/wp\/v2\/media?parent=501125"}],"wp:term":[{"taxonomy":"category","embeddable":true,"href":"https:\/\/www.europesays.com\/fr\/wp-json\/wp\/v2\/categories?post=501125"},{"taxonomy":"post_tag","embeddable":true,"href":"https:\/\/www.europesays.com\/fr\/wp-json\/wp\/v2\/tags?post=501125"}],"curies":[{"name":"wp","href":"https:\/\/api.w.org\/{rel}","templated":true}]}}