{"id":501129,"date":"2025-10-31T00:42:13","date_gmt":"2025-10-31T00:42:13","guid":{"rendered":"https:\/\/www.europesays.com\/fr\/501129\/"},"modified":"2025-10-31T00:42:13","modified_gmt":"2025-10-31T00:42:13","slug":"isabelle-morini-bosc-annonce-quitter-rtl","status":"publish","type":"post","link":"https:\/\/www.europesays.com\/fr\/501129\/","title":{"rendered":"Isabelle Morini-Bosc annonce quitter RTL"},"content":{"rendered":"<p>    Isabelle Morini-Bosc<br \/>\n                Niviere David\/ABACAPRESS.COM<\/p>\n<p>\n    Apr\u00e8s trente ans d\u2019antenne au micro de la station de radio, la journaliste tire sa r\u00e9v\u00e9rence, contrainte et forc\u00e9e, ce vendredi 31 octobre.<\/p>\n<p class=\"fig-paragraph\">Toutes les bonnes choses ont une fin. Apr\u00e8s 30 ans de bons et loyaux services, la journaliste\u00a0<a href=\"https:\/\/www.lefigaro.fr\/tag\/isabelle-morini-bosc\" target=\"_blank\" rel=\"nofollow noopener\" data-gtm-custom-categorie=\"navigation\" data-gtm-custom-action=\"crossclick\" data-gtm-custom-label=\"Contextuel\" data-gtm-event=\"customEventSPE\"><strong>Isabelle Morini-Bosc<\/strong><\/a> \u00a0s\u2019appr\u00eate \u00e0 tirer sa r\u00e9v\u00e9rence de la station de radio\u00a0<a href=\"https:\/\/www.lefigaro.fr\/tag\/rtl\" target=\"_blank\" rel=\"nofollow noopener\" data-gtm-custom-categorie=\"navigation\" data-gtm-custom-action=\"crossclick\" data-gtm-custom-label=\"Contextuel\" data-gtm-event=\"customEventSPE\">RTL<\/a>. \u00abJe ne pars pas de mon plein gr\u00e9\u00bb, a confi\u00e9, au\u00a0<a href=\"https:\/\/www.leparisien.fr\/culture-loisirs\/tv\/je-fais-un-deni-de-depart-comme-dautres-font-un-deni-de-grossesse-isabelle-morini-bosc-quitte-rtl-30-10-2025-4CDA4XOURFC3FOXJPQUQ7S6T6E.php\" target=\"_blank\" rel=\"nofollow noopener\" data-gtm-custom-categorie=\"navigation\" data-gtm-custom-action=\"crossclick\" data-gtm-custom-label=\"Contextuel\" data-gtm-event=\"customEventSPE\">Parisien<\/a>, celle qui a f\u00eat\u00e9 son anniversaire le 1er octobre dernier.<\/p>\n<p class=\"fig-paragraph\">Ce m\u00eame jour, la journaliste a ainsi atteint l\u2019\u00e2ge l\u00e9gal autorisant sa direction \u00e0 lui imposer de prendre sa retraite. Une information dont elle avait connaissance mais qu\u2019elle a pr\u00e9f\u00e9r\u00e9 conserver secr\u00e8te jusqu\u2019\u00e0 la veille de son dernier jour.<\/p>\n<p class=\"fig-body-link\">\n            \u00c0 lire aussi<br \/>\n        <a class=\"fig-body-link__link\" href=\"http:\/\/tvmag.lefigaro.fr\/programme-tv\/ce-soir-tele\/il-n-est-pas-mort-d-une-leucemie-isabelle-morini-bosc-donne-les-vraies-raisons-du-deces-de-son-mari-20250430\" target=\"_blank\" data-fig-type=\"Article\" rel=\"noopener\" data-gtm-custom-categorie=\"navigation\" data-gtm-custom-action=\"crossclick\" data-gtm-custom-label=\"Contextuel\" data-gtm-event=\"customEventSPE\" data-fig-domain=\"TVMAG\"><\/p>\n<p>        \u00ab\u00a0Il n\u2019est pas mort d\u2019une leuc\u00e9mie\u00a0\u00bb\u00a0: Isabelle Morini-Bosc donne les vraies raisons du d\u00e9c\u00e8s de son mari<br \/>\n    <\/a>\n<\/p>\n<p>                                    <a class=\"fig-a11y-skip a11y-hidden\" href=\"#fig-a11y-skip-main-inarticle\"><br \/>\n        Passer la publicit\u00e9<br \/>\n    <\/a><\/p>\n<p class=\"fig-paragraph\">\u00ab Je fais un d\u00e9ni de d\u00e9part, comme d\u2019autres font un d\u00e9ni de grossesse\u00a0\u00bb, a-t-elle d\u00e9clar\u00e9 \u00e0 nos confr\u00e8res au t\u00e9l\u00e9phone ce jeudi 30 octobre. Et de poursuivre\u00a0: \u00ab De toute fa\u00e7on, je n\u2019ai pas fait mes cartons, je vais devoir revenir ce week-end pour d\u00e9m\u00e9nager.\u00a0\u00bb Isabelle Morini-Bosc tiendra donc sa derni\u00e8re chronique matinale ce vendredi avant de faire ses adieux aux auditeurs.<\/p>\n<p class=\"fig-paragraph\">\u00abJ\u2019\u00e9tais faite pour faire comme\u00a0<a href=\"http:\/\/tvmag.lefigaro.fr\/programme-tv\/actu-tele\/le-luron-bardot-l-academie-francaise-philippe-bouvard-livre-ses-dernieres-confidences-a-cyril-viguier-20250424\" target=\"_blank\" data-fig-type=\"Article\" rel=\"noopener\" data-gtm-custom-categorie=\"navigation\" data-gtm-custom-action=\"crossclick\" data-gtm-custom-label=\"Contextuel\" data-gtm-event=\"customEventSPE\" data-fig-domain=\"TVMAG\">Philippe Bouvard\u00a0<\/a> : \u00eatre \u00e0 l\u2019antenne jusqu\u2019\u00e0 mes 90 ans. D\u2019autant plus que mon corps a 20 ans de moins que celui inscrit sur ma carte d\u2019identit\u00e9. C\u2019est mon m\u00e9decin qui me l\u2019a dit. Mais, ce certificat ne tient pas aupr\u00e8s du service des ressources humaines\u00a0\u00bb, a d\u00e9plor\u00e9 Isabelle Morini-Bosc. En revanche, elle n\u2019est pas pr\u00eate pour autant \u00e0 se retirer enti\u00e8rement de la vie m\u00e9diatique.<\/p>\n<p>\u00abIl \u00e9tait surpris d\u2019apprendre mon \u00e2ge\u00bb<\/p>\n<p class=\"fig-paragraph\">La journaliste fera partie d\u00e8s la saison prochaine du casting de l\u2019\u00e9mission des\u00a0<a href=\"http:\/\/tvmag.lefigaro.fr\/programme-tv\/actu-tele\/les-traitres-les-loyaux-ont-ils-enfin-reussi-a-gagner-lors-de-la-saison-5-du-jeu-de-m6-20251012\" target=\"_blank\" data-fig-type=\"Article\" rel=\"noopener\" data-gtm-custom-categorie=\"navigation\" data-gtm-custom-action=\"crossclick\" data-gtm-custom-label=\"Contextuel\" data-gtm-event=\"customEventSPE\" data-fig-domain=\"TVMAG\">\u00abTra\u00eetres\u00bb<\/a>\u00a0diffus\u00e9e par\u00a0<a href=\"https:\/\/tvmag.lefigaro.fr\/programme-tv\/chaine\/118\/tous-les-programmes-de-m6\" target=\"_blank\" rel=\"nofollow noopener\" data-gtm-custom-categorie=\"navigation\" data-gtm-custom-action=\"crossclick\" data-gtm-custom-label=\"Contextuel\" data-gtm-event=\"customEventSPE\">M6<\/a>. Les t\u00e9l\u00e9spectateurs la retrouveront \u00e9galement sur une autre cha\u00eene du groupe \u00e9tant donn\u00e9 qu\u2019elle continuera ses activit\u00e9s de chroniqueuse aux c\u00f4t\u00e9s de\u00a0<a href=\"https:\/\/www.lefigaro.fr\/tag\/cyril-hanouna\" target=\"_blank\" rel=\"nofollow noopener\" data-gtm-custom-categorie=\"navigation\" data-gtm-custom-action=\"crossclick\" data-gtm-custom-label=\"Contextuel\" data-gtm-event=\"customEventSPE\">Cyril Hanouna<\/a>\u00a0dans\u00a0<a href=\"https:\/\/www.lefigaro.fr\/tag\/tout-beau-tout-n9uf\" target=\"_blank\" rel=\"nofollow noopener\" data-gtm-custom-categorie=\"navigation\" data-gtm-custom-action=\"crossclick\" data-gtm-custom-label=\"Contextuel\" data-gtm-event=\"customEventSPE\">\u00abTout Beau Tout N9uf\u00bb<\/a>\u00a0sur W9. \u00abCyril a beau m\u2019appeler la vieille et me parler comme si j\u2019\u00e9tais l\u2019australopith\u00e8que Lucy, il \u00e9tait surpris d\u2019apprendre mon \u00e2ge\u00bb, s\u2019est-elle amus\u00e9e. Et l\u2019animateur ne compte vraisemblablement pas s\u2019arr\u00eater l\u00e0.<\/p>\n<p class=\"fig-paragraph\">Ce jeudi, lors de la premi\u00e8re partie de son \u00e9mission intitul\u00e9e \u00abCyril et la famille\u00bb, il a annonc\u00e9 \u00e0 l\u2019int\u00e9ress\u00e9e qu\u2019il lui r\u00e9servait une \u00abbonne nouvelle\u00bb. \u00abIl est possible, je suis en train de faire des pieds et des mains, que je la mette, que je l\u2019introduise dans le prime time de \u201cLa Grosse Rigolade\u201d le 12 novembre\u00bb, a lanc\u00e9 l\u2019animateur de \u00abTBT9\u00bb. La journaliste devra \u00abfaire ses preuves\u00bb en d\u00e9but de semaine prochaine. \u00abLundi il y aura tout l\u2019\u00e9tat-major du groupe qui regardera vos blagues, vous devrez en faire deux en d\u00e9but d\u2019\u00e9mission\u00bb, a pr\u00e9cis\u00e9 Cyril Hanouna suscitant la joie d\u2019Isabelle Morini-Bosc. \u00abSi c\u2019est accept\u00e9, je serais ravie mais si c\u2019est refus\u00e9, je serais ravie que vous ayez tent\u00e9\u00bb, a-t-elle reconnu.<\/p>\n","protected":false},"excerpt":{"rendered":"Isabelle Morini-Bosc Niviere David\/ABACAPRESS.COM Apr\u00e8s trente ans d\u2019antenne au micro de la station de radio, la journaliste tire&hellip;\n","protected":false},"author":2,"featured_media":501130,"comment_status":"","ping_status":"","sticky":false,"template":"","format":"standard","meta":{"footnotes":""},"categories":[8],"tags":[58,59,1011,27,2700],"class_list":{"0":"post-501129","1":"post","2":"type-post","3":"status-publish","4":"format-standard","5":"has-post-thumbnail","7":"category-divertissement","8":"tag-divertissement","9":"tag-entertainment","10":"tag-fr","11":"tag-france","12":"tag-rtl"},"share_on_mastodon":{"url":"https:\/\/pubeurope.com\/@fr\/115466007041833700","error":""},"_links":{"self":[{"href":"https:\/\/www.europesays.com\/fr\/wp-json\/wp\/v2\/posts\/501129","targetHints":{"allow":["GET"]}}],"collection":[{"href":"https:\/\/www.europesays.com\/fr\/wp-json\/wp\/v2\/posts"}],"about":[{"href":"https:\/\/www.europesays.com\/fr\/wp-json\/wp\/v2\/types\/post"}],"author":[{"embeddable":true,"href":"https:\/\/www.europesays.com\/fr\/wp-json\/wp\/v2\/users\/2"}],"replies":[{"embeddable":true,"href":"https:\/\/www.europesays.com\/fr\/wp-json\/wp\/v2\/comments?post=501129"}],"version-history":[{"count":0,"href":"https:\/\/www.europesays.com\/fr\/wp-json\/wp\/v2\/posts\/501129\/revisions"}],"wp:featuredmedia":[{"embeddable":true,"href":"https:\/\/www.europesays.com\/fr\/wp-json\/wp\/v2\/media\/501130"}],"wp:attachment":[{"href":"https:\/\/www.europesays.com\/fr\/wp-json\/wp\/v2\/media?parent=501129"}],"wp:term":[{"taxonomy":"category","embeddable":true,"href":"https:\/\/www.europesays.com\/fr\/wp-json\/wp\/v2\/categories?post=501129"},{"taxonomy":"post_tag","embeddable":true,"href":"https:\/\/www.europesays.com\/fr\/wp-json\/wp\/v2\/tags?post=501129"}],"curies":[{"name":"wp","href":"https:\/\/api.w.org\/{rel}","templated":true}]}}